{"id":90098,"date":"2026-04-02T08:47:05","date_gmt":"2026-04-02T13:47:05","guid":{"rendered":"https:\/\/esreviral.com\/?p=90098"},"modified":"2026-04-02T08:50:23","modified_gmt":"2026-04-02T13:50:23","slug":"polemica-en-la-vinotinto-la-esposa-de-jefferson-savarino-responde-a-salomon-rondon","status":"publish","type":"post","link":"https:\/\/esreviral.com\/?p=90098","title":{"rendered":"Pol\u00e9mica en la Vinotinto: la esposa de Jefferson Savarino responde a Salom\u00f3n Rond\u00f3n"},"content":{"rendered":"\n<p><strong><em>KQA.<\/em><\/strong>&#8211; El delantero venezolano <strong>Salom\u00f3n Rond\u00f3n<\/strong> gener\u00f3 controversia en redes sociales tras publicar un mensaje interpretado como una cr\u00edtica hacia su compatriota <strong>Jefferson Savarino<\/strong>.<\/p>\n\n\n\n<p>A trav\u00e9s de sus historias de Instagram, Rond\u00f3n escribi\u00f3:<\/p>\n\n\n\n<p><strong><em>\u201cJajajajaja incre\u00edble\u2026 De no estar en condiciones de jugar titular!!! 0 sentido de pertenencia. Sigan pidi\u00e9ndolo indolentes<\/em><\/strong>\u201d,<\/p>\n\n\n\n<p class=\"has-text-align-center\"><strong><a href=\"https:\/\/chat.whatsapp.com\/KWkTmakY3I05kNdd2oZl6d\"><em>\u00daNETE A NUESTRO GRUPO DE WHATSAPP PARA ESTAR INFORMADO<\/em><\/a><\/strong><\/p>\n\n\n<div class=\"wp-block-image\">\n<figure class=\"aligncenter size-large\"><img decoding=\"async\" src=\"https:\/\/media.diarioversionfinal.com\/wp-content\/uploads\/2026\/04\/WhatsApp-Image-2026-04-01-at-9.27.17-PM.jpeg\" alt=\"\"\/><\/figure><\/div>\n\n\n<p><\/p>\n\n\n\n<p>en aparente referencia a la titularidad de Savarino con el <strong>Fluminense FC<\/strong> en el Brasileirao, tras no acudir a la convocatoria de la <strong>Vinotinto<\/strong> alegando molestias f\u00edsicas, aunque luego disput\u00f3 minutos con su equipo en Brasil.<\/p>\n\n\n\n<p>La publicaci\u00f3n provoc\u00f3 un debate entre los aficionados sobre el compromiso de los jugadores con la selecci\u00f3n y el ambiente interno del plantel.<\/p>\n\n\n\n<p>En medio de la pol\u00e9mica, <strong>Paola Duarte<\/strong>, esposa de Savarino, respondi\u00f3 p\u00fablicamente al capit\u00e1n de la selecci\u00f3n:<\/p>\n\n\n<div class=\"wp-block-image\">\n<figure class=\"aligncenter size-large\"><img decoding=\"async\" src=\"https:\/\/pictures.tribuna.com\/image\/1e264822-91ec-441e-897f-47f9e9c298b1?width=600&amp;quality=75\" alt=\"\"\/><\/figure><\/div>\n\n\n<p><\/p>\n\n\n\n<blockquote class=\"wp-block-quote is-layout-flow wp-block-quote-is-layout-flow\">\n<p>\u201cPara el tipo que se hace llamar capit\u00e1n de la selecci\u00f3n y con sus inmadureces lo que hace es dejar un clima pesado como siempre \u00e9l lo hace. Como persona eres tremenda mierda.\u201d<br>\u201cTerrible ejemplo de quien porta el brazalete de capit\u00e1n en la selecci\u00f3n. Esto solo demuestra lo que todo el mundo intuye: en la selecci\u00f3n hay un grupito que se cree por encima del colectivo y adem\u00e1s pretende, con matonaje, decir qui\u00e9n juega y qui\u00e9n no. \u00a1Qu\u00e9 verg\u00fcenza!\u201d<\/p>\n<\/blockquote>\n\n\n\n<p>La respuesta intensific\u00f3 el cruce y gener\u00f3 a\u00fan m\u00e1s debate entre los seguidores, divididos entre quienes respaldan a Rond\u00f3n y quienes consideran que este tipo de diferencias deber\u00edan manejarse internamente.<\/p>\n\n\n\n<p>Hasta el momento, <strong>Jefferson Savarino<\/strong> no se ha pronunciado p\u00fablicamente, mientras la pol\u00e9mica contin\u00faa girando en torno al ambiente dentro de la Vinotinto.<\/p>\n\n\n\n<p class=\"has-text-align-center\"><em><strong><em><strong><em><strong><em><strong><a href=\"https:\/\/t.me\/esreviral\">\u00daNETE A NUESTRO CANAL DE TELEGRAM PARA ESTAR INFORMADO<\/a><\/strong><\/em><\/strong><\/em><\/strong><\/em><\/strong><\/em><\/p>\n\n\n<div class=\"wp-block-image\">\n<figure class=\"aligncenter size-large\"><img decoding=\"async\" src=\"https:\/\/pictures.tribuna.com\/image\/ab9744f3-d976-4e30-80fa-b9dc5d247e35?width=600&amp;quality=75\" alt=\"\"\/><\/figure><\/div>","protected":false},"excerpt":{"rendered":"<p>La publicaci\u00f3n ha sido interpretada como una indirecta hacia Savarino, quien recientemente habr\u00eda alegado no estar en condiciones f\u00edsicas para atender el llamado de la selecci\u00f3n de Selecci\u00f3n de Venezuela. El mensaje ha generado debate entre aficionados en torno al compromiso de los jugadores con la Vinotinto<\/p>\n","protected":false},"author":3,"featured_media":90099,"comment_status":"closed","ping_status":"closed","sticky":false,"template":"","format":"standard","meta":{"jnews-multi-image_gallery":[],"jnews_single_post":{"format":"standard"},"jnews_primary_category":[],"jnews_social_meta":[],"jnews_review":[],"enable_review":"","type":"","name":"","summary":"","brand":"","sku":"","good":[],"bad":[],"score_override":"","override_value":"","rating":[],"price":[],"jnews_override_counter":[],"jnews_post_split":[],"footnotes":""},"categories":[48],"tags":[21128,146,45,6743],"class_list":["post-90098","post","type-post","status-publish","format-standard","has-post-thumbnail","hentry","category-deportes","tag-jefferson-savarino","tag-la-vinotinto","tag-noticias","tag-salomon-rondon"],"amp_enabled":true,"_links":{"self":[{"href":"https:\/\/esreviral.com\/index.php?rest_route=\/wp\/v2\/posts\/90098"}],"collection":[{"href":"https:\/\/esreviral.com\/index.php?rest_route=\/wp\/v2\/posts"}],"about":[{"href":"https:\/\/esreviral.com\/index.php?rest_route=\/wp\/v2\/types\/post"}],"author":[{"embeddable":true,"href":"https:\/\/esreviral.com\/index.php?rest_route=\/wp\/v2\/users\/3"}],"replies":[{"embeddable":true,"href":"https:\/\/esreviral.com\/index.php?rest_route=%2Fwp%2Fv2%2Fcomments&post=90098"}],"version-history":[{"count":1,"href":"https:\/\/esreviral.com\/index.php?rest_route=\/wp\/v2\/posts\/90098\/revisions"}],"predecessor-version":[{"id":90100,"href":"https:\/\/esreviral.com\/index.php?rest_route=\/wp\/v2\/posts\/90098\/revisions\/90100"}],"wp:featuredmedia":[{"embeddable":true,"href":"https:\/\/esreviral.com\/index.php?rest_route=\/wp\/v2\/media\/90099"}],"wp:attachment":[{"href":"https:\/\/esreviral.com\/index.php?rest_route=%2Fwp%2Fv2%2Fmedia&parent=90098"}],"wp:term":[{"taxonomy":"category","embeddable":true,"href":"https:\/\/esreviral.com\/index.php?rest_route=%2Fwp%2Fv2%2Fcategories&post=90098"},{"taxonomy":"post_tag","embeddable":true,"href":"https:\/\/esreviral.com\/index.php?rest_route=%2Fwp%2Fv2%2Ftags&post=90098"}],"curies":[{"name":"wp","href":"https:\/\/api.w.org\/{rel}","templated":true}]}}