{"id":90006,"date":"2026-04-01T10:13:12","date_gmt":"2026-04-01T15:13:12","guid":{"rendered":"https:\/\/esreviral.com\/?p=90006"},"modified":"2026-04-01T10:30:58","modified_gmt":"2026-04-01T15:30:58","slug":"caos-en-el-transporte-empresas-del-amba-reducen-frecuencias-por-el-aumento-del-gasoil","status":"publish","type":"post","link":"https:\/\/esreviral.com\/?p=90006","title":{"rendered":"Caos en el transporte: empresas del AMBA reducen frecuencias por el aumento del gasoil"},"content":{"rendered":"\n<p>Las empresas de transporte p\u00fablico de pasajeros que operan en el \u00c1rea Metropolitana de Buenos Aires (AMBA) anunciaron que, a partir de este mi\u00e9rcoles 1 de abril de 2026, reducir\u00e1n la frecuencia de sus servicios debido al fuerte aumento en el precio del gasoil.<\/p>\n\n\n\n<p class=\"has-text-align-center\"><strong><a href=\"https:\/\/chat.whatsapp.com\/KWkTmakY3I05kNdd2oZl6d\"><em>\u00daNETE A NUESTRO GRUPO DE WHATSAPP PARA ESTAR INFORMADO<\/em><\/a><\/strong><\/p>\n\n\n\n<figure class=\"wp-block-image size-large\"><img decoding=\"async\" src=\"https:\/\/tn.com.ar\/resizer\/v2\/colectivos-en-alerta-empresas-del-amba-anuncian-recortes-en-las-frecuencias-por-el-aumento-del-gasoil-foto-tnleandro-heredia-E7RRA23AMBAL3MLUUFPVSZTZ6Y.jpg?auth=128d1cea7db524f7a28fd55e6c023c5bfbc1da014ac9e5802d5239d169276065&amp;width=1440\" alt=\"\"\/><\/figure>\n\n\n\n<p><\/p>\n\n\n\n<p>La medida afecta tanto a l\u00edneas de jurisdicci\u00f3n nacional como provincial, e incluye a grandes operadores del sector como el grupo DOTA, lo que anticipa un impacto directo en los usuarios que dependen del colectivo para sus traslados diarios.<\/p>\n\n\n\n<p>Seg\u00fan informaron en un comunicado conjunto, la decisi\u00f3n responde a la imposibilidad de sostener los niveles habituales de servicio frente a un incremento \u201crepentino\u201d del combustible, un insumo esencial para el funcionamiento del sistema.<\/p>\n\n\n\n<p>Las empresas se\u00f1alaron que este aumento no fue acompa\u00f1ado por una actualizaci\u00f3n en los ingresos que perciben, lo que genera un fuerte desequilibrio econ\u00f3mico que compromete la continuidad del servicio en las condiciones actuales.<\/p>\n\n\n\n<p>\u201cEl aumento del gasoil y la falta de reconocimiento de ese incremento de costos por parte de las autoridades nos obliga a tomar esta decisi\u00f3n\u201d, explicaron.<\/p>\n\n\n\n<figure class=\"wp-block-image size-large\"><img decoding=\"async\" src=\"https:\/\/tn.com.ar\/resizer\/v2\/el-boleto-de-colectivos-en-caba-y-pba-aumentara-este-miercoles-1-de-abril-foto-na-TF2KDAE3XFBOXJMAHQI7UTXX3E.jpg?auth=0f572d87406d6f53a21d62f498df932eaa471d170f45c1368481f76d663ab63c&amp;width=1440\" alt=\"\"\/><\/figure>\n\n\n\n<p><\/p>\n\n\n\n<p>En ese sentido, remarcaron que la reducci\u00f3n de frecuencias es una medida forzada, adoptada tras reiterados reclamos ante los organismos competentes sin obtener respuestas concretas.<\/p>\n\n\n\n<p>El recorte implicar\u00e1 una menor cantidad de unidades en circulaci\u00f3n, lo que podr\u00eda traducirse en mayores tiempos de espera, especialmente en horas pico, y posibles dificultades para quienes necesitan trasladarse por motivos laborales, educativos o de salud.<\/p>\n\n\n\n<p class=\"has-text-align-center\"><em><strong><em><strong><em><strong><em><strong><a href=\"https:\/\/t.me\/esreviral\">\u00daNETE A NUESTRO CANAL DE TELEGRAM PARA ESTAR INFORMADO<\/a><\/strong><\/em><\/strong><\/em><\/strong><\/em><\/strong><\/em><\/p>\n\n\n\n<p class=\"has-text-align-center\"><\/p>\n\n\n\n<p>Desde el sector empresarial advirtieron que la situaci\u00f3n es cr\u00edtica y que, de no mediar una intervenci\u00f3n urgente del Estado, la operaci\u00f3n del sistema podr\u00eda verse seriamente afectada. <strong><em>\u201cLa prestaci\u00f3n normal del servicio est\u00e1 en riesgo\u201d,<\/em><\/strong> alertaron, al tiempo que reiteraron la necesidad de adoptar medidas que permitan restablecer el equilibrio econ\u00f3mico de las compa\u00f1\u00edas.<\/p>\n\n\n\n<p class=\"has-text-align-right\"><strong><em>Con Informaci\u00f3n de TN.-<\/em><\/strong><\/p>\n","protected":false},"excerpt":{"rendered":"<p>La medida comenzar\u00e1 a regir desde este mi\u00e9rcoles 1\u00b0 de abril y afectar\u00e1 a l\u00edneas de jurisdicci\u00f3n nacional. Aseguran que tomaron esta medida por la falta de respuesta oficial ante el incremento de los valores en el surtidor y advierten que el servicio est\u00e1 en riesgo.<\/p>\n","protected":false},"author":3,"featured_media":87559,"comment_status":"closed","ping_status":"closed","sticky":false,"template":"","format":"standard","meta":{"jnews-multi-image_gallery":[],"jnews_single_post":{"format":"standard"},"jnews_primary_category":[],"jnews_social_meta":[],"jnews_review":[],"enable_review":"","type":"","name":"","summary":"","brand":"","sku":"","good":[],"bad":[],"score_override":"","override_value":"","rating":[],"price":[],"jnews_override_counter":[],"jnews_post_split":[],"footnotes":""},"categories":[58,61],"tags":[204,44,336,2143,41284,2701,45,5368],"class_list":["post-90006","post","type-post","status-publish","format-standard","has-post-thumbnail","hentry","category-argentina","category-economia","tag-amba","tag-argentina","tag-aumento","tag-colectivos","tag-gasoi","tag-gasoil","tag-noticias","tag-reclamo"],"amp_enabled":true,"_links":{"self":[{"href":"https:\/\/esreviral.com\/index.php?rest_route=\/wp\/v2\/posts\/90006"}],"collection":[{"href":"https:\/\/esreviral.com\/index.php?rest_route=\/wp\/v2\/posts"}],"about":[{"href":"https:\/\/esreviral.com\/index.php?rest_route=\/wp\/v2\/types\/post"}],"author":[{"embeddable":true,"href":"https:\/\/esreviral.com\/index.php?rest_route=\/wp\/v2\/users\/3"}],"replies":[{"embeddable":true,"href":"https:\/\/esreviral.com\/index.php?rest_route=%2Fwp%2Fv2%2Fcomments&post=90006"}],"version-history":[{"count":2,"href":"https:\/\/esreviral.com\/index.php?rest_route=\/wp\/v2\/posts\/90006\/revisions"}],"predecessor-version":[{"id":90014,"href":"https:\/\/esreviral.com\/index.php?rest_route=\/wp\/v2\/posts\/90006\/revisions\/90014"}],"wp:featuredmedia":[{"embeddable":true,"href":"https:\/\/esreviral.com\/index.php?rest_route=\/wp\/v2\/media\/87559"}],"wp:attachment":[{"href":"https:\/\/esreviral.com\/index.php?rest_route=%2Fwp%2Fv2%2Fmedia&parent=90006"}],"wp:term":[{"taxonomy":"category","embeddable":true,"href":"https:\/\/esreviral.com\/index.php?rest_route=%2Fwp%2Fv2%2Fcategories&post=90006"},{"taxonomy":"post_tag","embeddable":true,"href":"https:\/\/esreviral.com\/index.php?rest_route=%2Fwp%2Fv2%2Ftags&post=90006"}],"curies":[{"name":"wp","href":"https:\/\/api.w.org\/{rel}","templated":true}]}}