{"id":89822,"date":"2026-03-29T09:37:09","date_gmt":"2026-03-29T14:37:09","guid":{"rendered":"https:\/\/esreviral.com\/?p=89822"},"modified":"2026-03-29T09:37:10","modified_gmt":"2026-03-29T14:37:10","slug":"vente-venezuela-se-consolida-en-argentina-con-presentacion-en-rosario-y-refuerza-su-estructura-politica","status":"publish","type":"post","link":"https:\/\/esreviral.com\/?p=89822","title":{"rendered":"Vente Venezuela se consolida en Argentina con presentaci\u00f3n en Rosario y refuerza su estructura pol\u00edtica"},"content":{"rendered":"\n<p>La ciudad de Rosario fue sede de la presentaci\u00f3n oficial de Vente Venezuela, <strong>en un encuentro que marc\u00f3 un nuevo paso en la consolidaci\u00f3n del movimiento en Argentina y el fortalecimiento de su estructura pol\u00edtica en el exterior.<\/strong><\/p>\n\n\n\n<p>La actividad cont\u00f3 con la presencia de Adriana Flores M\u00e1rquez, coordinadora pa\u00eds de Vente Venezuela en Argentina, y Jos\u00e9 Rol\u00f3n, miembro del equipo nacional de organizaci\u00f3n, quienes acompa\u00f1aron la instalaci\u00f3n del equipo local y reafirmaron la importancia de la organizaci\u00f3n internacional en la lucha por la libertad en Venezuela.<\/p>\n\n\n\n<p>Durante la actividad se present\u00f3 el equipo local, encabezado por C\u00e9sar Villaquir\u00e1n como coordinador de ciudad, junto a Marelis Colmenares (organizaci\u00f3n), Isamar Hern\u00e1ndez (activismo), Mar\u00eda Cristina Mendoza (\u00e1rea electoral), Yuly Mora (comunicaciones) y Am\u00edlcar Rodr\u00edguez (secretario pol\u00edtico).<\/p>\n\n\n\n<p>Desde la organizaci\u00f3n se destac\u00f3 que e<strong>l crecimiento del movimiento en Argentina forma parte de una estrategia m\u00e1s amplia para consolidar una estructura ciudadana firme, organizada y alinead<\/strong>a con el liderazgo de Mar\u00eda Corina Machado.<\/p>\n\n\n\n<p>El encuentro dej\u00f3 como mensaje central la necesidad de mantener a la comunidad venezolana en el exterior activa, organizada y movilizada, como parte fundamental del proceso de recuperaci\u00f3n democr\u00e1tica en Venezuela.<\/p>\n","protected":false},"excerpt":{"rendered":"<p>La ciudad de Rosario fue sede de la presentaci\u00f3n oficial de Vente Venezuela, en un encuentro que marc\u00f3 un nuevo paso en la consolidaci\u00f3n del movimiento en Argentina y el fortalecimiento de su estructura pol\u00edtica en el exterior. La actividad cont\u00f3 con la presencia de Adriana Flores M\u00e1rquez, coordinadora pa\u00eds de Vente Venezuela en Argentina, [&hellip;]<\/p>\n","protected":false},"author":2,"featured_media":89823,"comment_status":"closed","ping_status":"closed","sticky":false,"template":"","format":"standard","meta":{"jnews-multi-image_gallery":[],"jnews_single_post":{"format":"standard"},"jnews_primary_category":[],"jnews_social_meta":[],"jnews_review":[],"enable_review":"","type":"","name":"","summary":"","brand":"","sku":"","good":[],"bad":[],"score_override":"","override_value":"","rating":[],"price":[],"jnews_override_counter":[],"jnews_post_split":[],"footnotes":""},"categories":[59,5892],"tags":[44,3265,45,217,41201],"class_list":["post-89822","post","type-post","status-publish","format-standard","has-post-thumbnail","hentry","category-politica","category-venezolanos-en-argentina","tag-argentina","tag-maria-corina-machado-2","tag-noticias","tag-rosario","tag-vente-venezuela-argentina"],"amp_enabled":true,"_links":{"self":[{"href":"https:\/\/esreviral.com\/index.php?rest_route=\/wp\/v2\/posts\/89822"}],"collection":[{"href":"https:\/\/esreviral.com\/index.php?rest_route=\/wp\/v2\/posts"}],"about":[{"href":"https:\/\/esreviral.com\/index.php?rest_route=\/wp\/v2\/types\/post"}],"author":[{"embeddable":true,"href":"https:\/\/esreviral.com\/index.php?rest_route=\/wp\/v2\/users\/2"}],"replies":[{"embeddable":true,"href":"https:\/\/esreviral.com\/index.php?rest_route=%2Fwp%2Fv2%2Fcomments&post=89822"}],"version-history":[{"count":1,"href":"https:\/\/esreviral.com\/index.php?rest_route=\/wp\/v2\/posts\/89822\/revisions"}],"predecessor-version":[{"id":89825,"href":"https:\/\/esreviral.com\/index.php?rest_route=\/wp\/v2\/posts\/89822\/revisions\/89825"}],"wp:featuredmedia":[{"embeddable":true,"href":"https:\/\/esreviral.com\/index.php?rest_route=\/wp\/v2\/media\/89823"}],"wp:attachment":[{"href":"https:\/\/esreviral.com\/index.php?rest_route=%2Fwp%2Fv2%2Fmedia&parent=89822"}],"wp:term":[{"taxonomy":"category","embeddable":true,"href":"https:\/\/esreviral.com\/index.php?rest_route=%2Fwp%2Fv2%2Fcategories&post=89822"},{"taxonomy":"post_tag","embeddable":true,"href":"https:\/\/esreviral.com\/index.php?rest_route=%2Fwp%2Fv2%2Ftags&post=89822"}],"curies":[{"name":"wp","href":"https:\/\/api.w.org\/{rel}","templated":true}]}}