{"id":89662,"date":"2026-03-25T08:07:40","date_gmt":"2026-03-25T13:07:40","guid":{"rendered":"https:\/\/esreviral.com\/?p=89662"},"modified":"2026-03-25T08:07:41","modified_gmt":"2026-03-25T13:07:41","slug":"cantautora-venezolana-presenta-el-mundo-grita-gol-un-himno-pop-latino-que-celebra-la-pasion-universal","status":"publish","type":"post","link":"https:\/\/esreviral.com\/?p=89662","title":{"rendered":"Cantautora venezolana presenta El Mundo Grita Gol: Un himno pop latino que celebra la pasi\u00f3n universal"},"content":{"rendered":"\n<p>La cantautora venezolana <strong>Valery La Vox<\/strong> presenta su nuevo sencillo <strong>\u201cEl Mundo Grita Gol\u201d<\/strong>, un vibrante tema de pop latino que captura la emoci\u00f3n colectiva, la energ\u00eda y la fuerza que surge cuando millones de voces se unen en un mismo sentimiento. <\/p>\n\n\n\n<p class=\"has-text-align-center\"><strong><a href=\"https:\/\/chat.whatsapp.com\/KWkTmakY3I05kNdd2oZl6d\"><em>\u00daNETE A NUESTRO GRUPO DE WHATSAPP PARA ESTAR INFORMADO<\/em><\/a><\/strong><\/p>\n\n\n\n<p><strong>La canci\u00f3n fue producida por Luis Far\u00edas y Bernardo Arzola de Bernie Studios<\/strong>, quienes lograron una sonoridad moderna y contagiosa, combinando melod\u00edas memorables con una producci\u00f3n din\u00e1mica que invita a cantar desde el primer coro.<\/p>\n\n\n\n<p><strong><em>\u201cEl Mundo Grita Gol\u201d<\/em><\/strong> fue compuesta por Valery La Vox junto a Far\u00edas y Arzola, consolidando una colaboraci\u00f3n creativa que transforma la emoci\u00f3n del deporte y la celebraci\u00f3n colectiva en una pieza fresca, energ\u00e9tica y universal.<\/p>\n\n\n\n<p>\u201cEsta canci\u00f3n nace de ese momento en el que el tiempo se detiene y todos gritamos al mismo tiempo. Es m\u00e1s que f\u00fatbol, es uni\u00f3n, pasi\u00f3n y esperanza\u201d, expres\u00f3 la artista sobre el lanzamiento.<\/p>\n\n\n\n<p>Con arreglos contempor\u00e1neos, coros potentes y una interpretaci\u00f3n vocal cargada de energ\u00eda, el tema apunta a convertirse en un himno para eventos deportivos y celebraciones multitudinarias, reafirmando la versatilidad art\u00edstica de Valery La Vox dentro del pop latino. <\/p>\n\n\n\n<p class=\"has-text-align-center\"><em><strong><em><strong><em><strong><em><strong><a href=\"https:\/\/t.me\/esreviral\">\u00daNETE A NUESTRO CANAL DE TELEGRAM PARA ESTAR INFORMADO<\/a><\/strong><\/em><\/strong><\/em><\/strong><\/em><\/strong><\/em><\/p>\n\n\n\n<p><strong>\u201cEl Mundo Grita Gol\u201d ya se encuentra disponible en todas las plataformas digitales.<\/strong><\/p>\n\n\n\n<p class=\"has-text-align-right\"><strong><em>Prensa.-<\/em><\/strong><\/p>\n","protected":false},"excerpt":{"rendered":"<p>La cantautora venezolana Valery La Vox presenta su nuevo sencillo \u201cEl Mundo Grita Gol\u201d, un vibrante tema de pop latino que captura la emoci\u00f3n colectiva, la energ\u00eda y la fuerza que surge cuando millones de voces se unen en un mismo sentimiento. \u00daNETE A NUESTRO GRUPO DE WHATSAPP PARA ESTAR INFORMADO La canci\u00f3n fue producida [&hellip;]<\/p>\n","protected":false},"author":3,"featured_media":89664,"comment_status":"closed","ping_status":"closed","sticky":false,"template":"","format":"standard","meta":{"jnews-multi-image_gallery":[],"jnews_single_post":{"format":"standard"},"jnews_primary_category":[],"jnews_social_meta":[],"jnews_review":[],"enable_review":"","type":"","name":"","summary":"","brand":"","sku":"","good":[],"bad":[],"score_override":"","override_value":"","rating":[],"price":[],"jnews_override_counter":[],"jnews_post_split":[],"footnotes":""},"categories":[1142],"tags":[17805,41111,45,4956,41112,41110],"class_list":["post-89662","post","type-post","status-publish","format-standard","has-post-thumbnail","hentry","category-musica","tag-cantautora-venezolana","tag-el-mundo-grita-gol","tag-noticias","tag-nuevo-sencillo","tag-promocion-musical-buenos-aires","tag-valery-la-vox"],"amp_enabled":true,"_links":{"self":[{"href":"https:\/\/esreviral.com\/index.php?rest_route=\/wp\/v2\/posts\/89662"}],"collection":[{"href":"https:\/\/esreviral.com\/index.php?rest_route=\/wp\/v2\/posts"}],"about":[{"href":"https:\/\/esreviral.com\/index.php?rest_route=\/wp\/v2\/types\/post"}],"author":[{"embeddable":true,"href":"https:\/\/esreviral.com\/index.php?rest_route=\/wp\/v2\/users\/3"}],"replies":[{"embeddable":true,"href":"https:\/\/esreviral.com\/index.php?rest_route=%2Fwp%2Fv2%2Fcomments&post=89662"}],"version-history":[{"count":1,"href":"https:\/\/esreviral.com\/index.php?rest_route=\/wp\/v2\/posts\/89662\/revisions"}],"predecessor-version":[{"id":89665,"href":"https:\/\/esreviral.com\/index.php?rest_route=\/wp\/v2\/posts\/89662\/revisions\/89665"}],"wp:featuredmedia":[{"embeddable":true,"href":"https:\/\/esreviral.com\/index.php?rest_route=\/wp\/v2\/media\/89664"}],"wp:attachment":[{"href":"https:\/\/esreviral.com\/index.php?rest_route=%2Fwp%2Fv2%2Fmedia&parent=89662"}],"wp:term":[{"taxonomy":"category","embeddable":true,"href":"https:\/\/esreviral.com\/index.php?rest_route=%2Fwp%2Fv2%2Fcategories&post=89662"},{"taxonomy":"post_tag","embeddable":true,"href":"https:\/\/esreviral.com\/index.php?rest_route=%2Fwp%2Fv2%2Ftags&post=89662"}],"curies":[{"name":"wp","href":"https:\/\/api.w.org\/{rel}","templated":true}]}}