{"id":89506,"date":"2026-03-21T06:43:53","date_gmt":"2026-03-21T11:43:53","guid":{"rendered":"https:\/\/esreviral.com\/?p=89506"},"modified":"2026-03-21T06:43:55","modified_gmt":"2026-03-21T11:43:55","slug":"mujer-ordeno-matar-a-su-padre-por-la-venta-de-unas-reses","status":"publish","type":"post","link":"https:\/\/esreviral.com\/?p=89506","title":{"rendered":"Mujer orden\u00f3 matar a su padre por la venta de unas reses"},"content":{"rendered":"\n<p>Funcionarios de la Delegaci\u00f3n Municipal Ciudad Bol\u00edvar (Venezuela), tras un exhaustivo trabajo de campo e investigaci\u00f3n, esclarecieron el <strong>homicidio de Humberto Sep\u00falveda T\u00e9llez, de 72 a\u00f1os de edad, <\/strong>ocurrido el pasado 10 de marzo en el sector Brisas del Sur, Los Olivos, parroquia Jos\u00e9 Antonio P\u00e1ez, municipio Angostura del Orinoco, estado Bol\u00edvar. Como resultado,<strong> fueron detenidos tres sujetos, entre ellos la hija de la v\u00edctima, se\u00f1alada como presunta autora intelectual del crimen.<\/strong><\/p>\n\n\n\n<p class=\"has-text-align-center\"><strong><a href=\"https:\/\/chat.whatsapp.com\/KWkTmakY3I05kNdd2oZl6d\"><em>\u00daNETE A NUESTRO GRUPO DE WHATSAPP PARA ESTAR INFORMADO<\/em><\/a><\/strong><\/p>\n\n\n\n<p>Seg\u00fan inform\u00f3 el director del Cuerpo de Investigaciones Cient\u00edficas, Penales y Criminal\u00edsticas (Cicpc), Douglas Rico, el homicidio estar\u00eda vinculado a un <strong>conflicto familiar surgido cuando la v\u00edctima reclam\u00f3 a su hija, Nairelis Noralva Sep\u00falveda (21), la venta de varias reses sin su autorizaci\u00f3n.<\/strong> Esta disputa habr\u00eda motivado la presunta planificaci\u00f3n del asesinato, para el cual la joven habr\u00eda contratado a Juan Ernesto Winkeljohann Avil\u00e9s (19) y a un adolescente de 16 a\u00f1os de edad.<\/p>\n\n\n\n<p>De acuerdo con las investigaciones, el d\u00eda del hecho los implicados sometieron a Sep\u00falveda T\u00e9llez y le provocaron m\u00faltiples heridas con arma blanca, caus\u00e1ndole la muerte en el lugar.<\/p>\n\n\n\n<p>Durante las detenciones, las autoridades recuperaron las armas blancas presuntamente usadas en el crimen, as\u00ed como una motocicleta que habr\u00eda sido utilizada para cometer el hecho.<\/p>\n\n\n\n<p class=\"has-text-align-center\"><em><strong><em><strong><em><strong><em><strong><a href=\"https:\/\/t.me\/esreviral\">\u00daNETE A NUESTRO CANAL DE TELEGRAM PARA ESTAR INFORMADO<\/a><\/strong><\/em><\/strong><\/em><\/strong><\/em><\/strong><\/em><\/p>\n\n\n\n<p>El caso qued\u00f3 a disposici\u00f3n del Ministerio P\u00fablico, que continuar\u00e1 con las investigaciones para determinar las responsabilidades penales de los involucrados.<\/p>\n\n\n\n<p class=\"has-text-align-right\"><strong><em>Con Informaci\u00f3n de diarioversionfinal.com.-<\/em><\/strong><\/p>\n","protected":false},"excerpt":{"rendered":"<p>Las investigaciones se\u00f1alan que, el d\u00eda del hecho, los implicados sometieron al septuagenario y le ocasionaron m\u00faltiples heridas con arma blanca, que le causaron la muerte en el sitio. Durante el proceso de detenci\u00f3n, las autoridades lograron ubicar las armas blancas presuntamente utilizadas en el crimen, as\u00ed como la recuperaci\u00f3n de una motocicleta que habr\u00eda sido empleada como medio de comisi\u00f3n<\/p>\n","protected":false},"author":3,"featured_media":89507,"comment_status":"closed","ping_status":"closed","sticky":false,"template":"","format":"standard","meta":{"jnews-multi-image_gallery":[],"jnews_single_post":{"format":"standard"},"jnews_primary_category":[],"jnews_social_meta":[],"jnews_review":[],"enable_review":"","type":"","name":"","summary":"","brand":"","sku":"","good":[],"bad":[],"score_override":"","override_value":"","rating":[],"price":[],"jnews_override_counter":[],"jnews_post_split":[],"footnotes":""},"categories":[64,66],"tags":[1035,282,182,45,41004,56],"class_list":["post-89506","post","type-post","status-publish","format-standard","has-post-thumbnail","hentry","category-sucesos","category-venezuela","tag-bolivar","tag-homicidio","tag-ministerio-publico","tag-noticias","tag-reses","tag-venezuela"],"amp_enabled":true,"_links":{"self":[{"href":"https:\/\/esreviral.com\/index.php?rest_route=\/wp\/v2\/posts\/89506"}],"collection":[{"href":"https:\/\/esreviral.com\/index.php?rest_route=\/wp\/v2\/posts"}],"about":[{"href":"https:\/\/esreviral.com\/index.php?rest_route=\/wp\/v2\/types\/post"}],"author":[{"embeddable":true,"href":"https:\/\/esreviral.com\/index.php?rest_route=\/wp\/v2\/users\/3"}],"replies":[{"embeddable":true,"href":"https:\/\/esreviral.com\/index.php?rest_route=%2Fwp%2Fv2%2Fcomments&post=89506"}],"version-history":[{"count":1,"href":"https:\/\/esreviral.com\/index.php?rest_route=\/wp\/v2\/posts\/89506\/revisions"}],"predecessor-version":[{"id":89508,"href":"https:\/\/esreviral.com\/index.php?rest_route=\/wp\/v2\/posts\/89506\/revisions\/89508"}],"wp:featuredmedia":[{"embeddable":true,"href":"https:\/\/esreviral.com\/index.php?rest_route=\/wp\/v2\/media\/89507"}],"wp:attachment":[{"href":"https:\/\/esreviral.com\/index.php?rest_route=%2Fwp%2Fv2%2Fmedia&parent=89506"}],"wp:term":[{"taxonomy":"category","embeddable":true,"href":"https:\/\/esreviral.com\/index.php?rest_route=%2Fwp%2Fv2%2Fcategories&post=89506"},{"taxonomy":"post_tag","embeddable":true,"href":"https:\/\/esreviral.com\/index.php?rest_route=%2Fwp%2Fv2%2Ftags&post=89506"}],"curies":[{"name":"wp","href":"https:\/\/api.w.org\/{rel}","templated":true}]}}