{"id":89469,"date":"2026-03-20T09:17:07","date_gmt":"2026-03-20T14:17:07","guid":{"rendered":"https:\/\/esreviral.com\/?p=89469"},"modified":"2026-03-20T09:17:08","modified_gmt":"2026-03-20T14:17:08","slug":"la-fvf-presento-nueva-camiseta-de-visitante-que-rinde-tributo-a-las-raices-del-futbol-venezolano","status":"publish","type":"post","link":"https:\/\/esreviral.com\/?p=89469","title":{"rendered":"La FVF present\u00f3 nueva camiseta de visitante que rinde tributo a las ra\u00edces del f\u00fatbol venezolano"},"content":{"rendered":"\n<p>La <strong>Federaci\u00f3n Venezolana de F\u00fatbol<\/strong> (FVF), junto a Adidas, present\u00f3 la nueva camiseta de visitante de las selecciones nacionales, con un dise\u00f1o que rinde homenaje a los or\u00edgenes del f\u00fatbol en Venezuela.<\/p>\n\n\n\n<p>El lanzamiento forma parte de la presentaci\u00f3n global de la marca deportiva, que renov\u00f3 las equipaciones de visitante de sus federaciones asociadas para la temporada actual.<\/p>\n\n\n\n<p>La nueva franela se diferencia de versiones anteriores por sustituir el escudo de la FVF por la palabra \u201cVenezuela\u201d, bordada en hilo amarillo, azul y rojo en el lado derecho del pecho, sobre una base completamente blanca. En el lado izquierdo se mantiene el logo de Adidas, tambi\u00e9n bordado con los colores del tricolor.<\/p>\n\n\n\n<p class=\"has-text-align-center\"><strong><a href=\"https:\/\/chat.whatsapp.com\/KWkTmakY3I05kNdd2oZl6d\"><em>\u00daNETE A NUESTRO GRUPO DE WHATSAPP PARA ESTAR INFORMADO<\/em><\/a><\/strong><\/p>\n\n\n\n<figure class=\"wp-block-image size-large\"><img decoding=\"async\" src=\"https:\/\/eldiario.com\/wp-content\/uploads\/2026\/03\/69bca3fcb7a4b8a5030650c0-camiseta-web-1-1200x799.jpg.webp\" alt=\"\"\/><\/figure>\n\n\n\n<p><\/p>\n\n\n\n<p>En la parte posterior destaca la inscripci\u00f3n \u201cLa Vinotinto\u201d, apodo con el que se conoce a la selecci\u00f3n nacional. Adem\u00e1s, las tres franjas caracter\u00edsticas de Adidas en los hombros incorporan los colores de la bandera, siguiendo la l\u00ednea del uniforme local.<\/p>\n\n\n\n<p>La camiseta estar\u00e1 disponible en tiendas Adidas seleccionadas y distribuidores oficiales en los pr\u00f3ximos d\u00edas. La FVF inform\u00f3 que la fecha de venta ser\u00e1 anunciada a trav\u00e9s de sus canales oficiales.<\/p>\n\n\n\n<h3 class=\"wp-block-heading\"><strong><mark style=\"background-color:rgba(0, 0, 0, 0)\" class=\"has-inline-color has-vivid-red-color\">Un homenaje a las ra\u00edces<\/mark><\/strong><\/h3>\n\n\n\n<p>La inclusi\u00f3n de la palabra \u201cVenezuela\u201d en may\u00fasculas es un gui\u00f1o al emblema utilizado por la federaci\u00f3n entre 1961 y 1967. Seg\u00fan explic\u00f3 la FVF, este detalle busca conectar el presente del f\u00fatbol venezolano con su historia, en el marco de sus 100 a\u00f1os de trayectoria.<\/p>\n\n\n\n<p>Las nuevas camisetas ser\u00e1n utilizadas por las selecciones masculinas y femeninas de f\u00fatbol campo, f\u00fatbol sala y f\u00fatbol playa, tanto en categor\u00edas absolutas como inferiores.<\/p>\n\n\n\n<p>Se espera que la selecci\u00f3n mayor estrene el uniforme en el torneo FIFA Series 2026, a partir del 27 de marzo, cuando enfrente a Trinidad y Tobago.<\/p>\n\n\n\n<figure class=\"wp-block-image size-large is-resized\"><img decoding=\"async\" src=\"https:\/\/eldiario.com\/wp-content\/uploads\/2026\/03\/archivo-venezuela-3-1200x697.jpg.webp\" alt=\"\" style=\"width:1071px;height:auto\"\/><\/figure>\n\n\n\n<p><\/p>\n\n\n\n<p>Por su parte, la Vinotinto femenina podr\u00eda lucir la nueva equipaci\u00f3n el 10 de abril, cuando visite a Colombia en la Conmebol Liga de Naciones.<\/p>\n\n\n\n<p>Asimismo, la selecci\u00f3n sub-17 disputar\u00e1 dos amistosos ante Colombia los d\u00edas 20 y 22 de marzo, aunque no est\u00e1 confirmado si utilizar\u00e1 el nuevo uniforme debido a la cercan\u00eda de los encuentros.<\/p>\n\n\n\n<p class=\"has-text-align-center\"><em><strong><em><strong><em><strong><em><strong><a href=\"https:\/\/t.me\/esreviral\">\u00daNETE A NUESTRO CANAL DE TELEGRAM PARA ESTAR INFORMADO<\/a><\/strong><\/em><\/strong><\/em><\/strong><\/em><\/strong><\/em><\/p>\n\n\n\n<p class=\"has-text-align-right\"><strong><em>Con Informaci\u00f3n de ElDiario.-<\/em><\/strong><\/p>\n","protected":false},"excerpt":{"rendered":"<p>La nueva equipaci\u00f3n es de color blanco y cuenta con bordados en amarillo, azul y rojo, as\u00ed como algunos detalles en dorado <\/p>\n","protected":false},"author":3,"featured_media":89470,"comment_status":"closed","ping_status":"closed","sticky":false,"template":"","format":"standard","meta":{"jnews-multi-image_gallery":[],"jnews_single_post":{"format":"standard"},"jnews_primary_category":[],"jnews_social_meta":[],"jnews_review":[],"enable_review":"","type":"","name":"","summary":"","brand":"","sku":"","good":[],"bad":[],"score_override":"","override_value":"","rating":[],"price":[],"jnews_override_counter":[],"jnews_post_split":[],"footnotes":""},"categories":[48],"tags":[5135,7713,14960,45,40974,56],"class_list":["post-89469","post","type-post","status-publish","format-standard","has-post-thumbnail","hentry","category-deportes","tag-adidas","tag-federacion-venezolana-de-futbol","tag-futbol-venezolano","tag-noticias","tag-nueva-camiseta","tag-venezuela"],"amp_enabled":true,"_links":{"self":[{"href":"https:\/\/esreviral.com\/index.php?rest_route=\/wp\/v2\/posts\/89469"}],"collection":[{"href":"https:\/\/esreviral.com\/index.php?rest_route=\/wp\/v2\/posts"}],"about":[{"href":"https:\/\/esreviral.com\/index.php?rest_route=\/wp\/v2\/types\/post"}],"author":[{"embeddable":true,"href":"https:\/\/esreviral.com\/index.php?rest_route=\/wp\/v2\/users\/3"}],"replies":[{"embeddable":true,"href":"https:\/\/esreviral.com\/index.php?rest_route=%2Fwp%2Fv2%2Fcomments&post=89469"}],"version-history":[{"count":1,"href":"https:\/\/esreviral.com\/index.php?rest_route=\/wp\/v2\/posts\/89469\/revisions"}],"predecessor-version":[{"id":89471,"href":"https:\/\/esreviral.com\/index.php?rest_route=\/wp\/v2\/posts\/89469\/revisions\/89471"}],"wp:featuredmedia":[{"embeddable":true,"href":"https:\/\/esreviral.com\/index.php?rest_route=\/wp\/v2\/media\/89470"}],"wp:attachment":[{"href":"https:\/\/esreviral.com\/index.php?rest_route=%2Fwp%2Fv2%2Fmedia&parent=89469"}],"wp:term":[{"taxonomy":"category","embeddable":true,"href":"https:\/\/esreviral.com\/index.php?rest_route=%2Fwp%2Fv2%2Fcategories&post=89469"},{"taxonomy":"post_tag","embeddable":true,"href":"https:\/\/esreviral.com\/index.php?rest_route=%2Fwp%2Fv2%2Ftags&post=89469"}],"curies":[{"name":"wp","href":"https:\/\/api.w.org\/{rel}","templated":true}]}}