{"id":894,"date":"2020-10-23T21:01:06","date_gmt":"2020-10-23T21:01:06","guid":{"rendered":"http:\/\/esreviral.com\/?p=894"},"modified":"2020-10-23T21:01:06","modified_gmt":"2020-10-23T21:01:06","slug":"vamos-a-seguir-igual-en-las-8-provincias-con-mas-casos-y-en-el-amba-alberto-fernandez","status":"publish","type":"post","link":"https:\/\/esreviral.com\/?p=894","title":{"rendered":"\u00abVamos a seguir igual en las 8 provincias con m\u00e1s casos y en el AMBA\u00bb: Alberto Fern\u00e1ndez"},"content":{"rendered":"\n<p>El presidente Alberto Fern\u00e1ndez anunci\u00f3 esta tarde desde la provincia de Misiones que se extender\u00e1n por dos semanas m\u00e1s las actuales condiciones de aislamiento y distanciamiento social dispuestas para controlar la pandemia de coronavirus en todo el pa\u00eds.<\/p>\n\n\n\n<blockquote class=\"wp-block-quote td_pull_quote td_pull_left is-layout-flow wp-block-quote-is-layout-flow\"><p>Se trata del d\u00e9cimo quinto anuncio de cuarentena desde el mes de marzo<\/p><\/blockquote>\n\n\n\n<p>As\u00ed, desde el lunes estar\u00e1n bajo la modalidad de Distanciamiento Social, Preventivo y Obligatorio (DISPO) las provincias de Misiones, Corrientes, Formosa, Entre R\u00edos, Catamarca, Jujuy, La Pampa y San Juan. Mientras que algunos departamentos y ciudades de 16 provincias estar\u00e1n bajo la modalidad de Aislamiento Social Preventivo y Obligatorio (ASPO): AMBA, Buenos Aires, Chaco, Chubut, C\u00f3rdoba, La Rioja, Mendoza, Neuqu\u00e9n, R\u00edo Negro, Salta, San Luis, Santa Cruz, Santa Fe, Santiago del Estero, Tierra del Fuego y Tucum\u00e1n.<\/p>\n\n\n\n<p>\u201cEn realidad, lo que tenemos hoy en d\u00eda es un mecanismo de aislamiento para algunos y de distanciamiento social para otros y poco a poco vamos abriendo actividades, porque la econom\u00eda tambi\u00e9n lo necesita pero tenemos que hacer todo con mucha, con mucha prudencia. Lejos estamos de haber resuelto este tema\u201d, indic\u00f3 Fern\u00e1ndez.<\/p>\n\n\n\n<p>Tambi\u00e9n llam\u00f3 la atenci\u00f3n sobre la situaci\u00f3n que atraviesa Europa: \u201cEl rebrote que se est\u00e1 viendo es una prueba contundente de que el virus est\u00e1 lejos de haberse ido\u201d.<\/p>\n\n\n\n<p>Adem\u00e1s, consider\u00f3 que la situaci\u00f3n epidemiol\u00f3gica est\u00e1 \u201cestabiliz\u00e1ndose en una meseta de 15 mil casos diarios y en el interior del pa\u00eds se ha diseminado el virus m\u00e1s all\u00e1 de las ciudades y est\u00e1 tambi\u00e9n en peque\u00f1os pueblos, y es razonable que as\u00ed ocurra mientras el tr\u00e1nsito de personas siga ocurriendo\u201d.<\/p>\n\n\n\n<p>Del mismo modo, sostuvo que en el \u00c1rea Metropolitana de Buenos Aires \u201chay una baja clara, pero todav\u00eda no estamos en condiciones de que podamos quedarnos tranquilos porque hay un n\u00famero de contagios importante\u201d.<\/p>\n\n\n\n<p>\u201cFrenar el problema hoy es responsabilidad de todos y todas, lejos est\u00e1 de querer quitarles derechos\u201d, se\u00f1al\u00f3.<\/p>\n\n\n\n<p>Una vez m\u00e1s, el mandatario manifest\u00f3 su agradecimiento \u201cal personal de la salud por el infinito esfuerzo que hacen, a cada m\u00e9dico, a cada m\u00e9dica, a cada enfermera y a cada enfermero, a cada terapista, a todo el personal de seguridad, de las fuerzas armadas; les agradezco a los gobernadores y las gobernadoras, y a cada intendente y cada intendenta de la Argentina porque ellos y ellas han ayudado mucho en todo este tiempo\u201d.<\/p>\n\n\n\n<p>\u201cLes pido que no nos dejemos confundir, que entendamos la gravedad de la situaci\u00f3n y que sigamos trabajando juntos como lo hemos hecho hasta ahora\u201d, expres\u00f3, y asegur\u00f3: \u201cLa verdad es que todos queremos que exista verano, pero para que exista verano es muy importante que nos cuidemos hoy\u201d.<\/p>\n\n\n\n<p>En esa l\u00ednea insisti\u00f3 en los cuidados necesarios para prevenir los contagios. \u201cTenemos que estar muy atentos porque el riesgo sigue latente y el estar muy atentos nos exige ser muy cuidadosos con el contacto con el otro, tratar de preservar en lo posible la distancia, tratar de llenar de alcohol nuestras manos permanentemente para matar el virus, tratar de usar permanentemente el barbijo y de ese modo garantizar que los contagios bajen, y los que podamos quedarnos en casa qued\u00e9monos en casa, porque all\u00ed es donde m\u00e1s seguros estamos\u201d.<\/p>\n\n\n\n<p>El Presidente explic\u00f3 que la decisi\u00f3n la tom\u00f3 luego de comunicarse con el jefe de Gobierno porte\u00f1o y los gobernadores de Buenos Aires, Santa Fe, C\u00f3rdoba, San Luis, Mendoza, Neuqu\u00e9n, R\u00edo Negro y Tucum\u00e1n.<\/p>\n\n\n\n<p class=\"has-text-align-right\"><strong><em>Prensa Casa Rosada.- <\/em><\/strong><\/p>\n","protected":false},"excerpt":{"rendered":"<p>El lunes inicia la fase n\u00famero 15 desde que comenz\u00f3 la cuarentena en el pa\u00eds<\/p>\n","protected":false},"author":2,"featured_media":895,"comment_status":"open","ping_status":"open","sticky":false,"template":"","format":"standard","meta":{"jnews-multi-image_gallery":[],"jnews_single_post":[],"jnews_primary_category":[],"jnews_social_meta":[],"jnews_review":[],"enable_review":"","type":"","name":"","summary":"","brand":"","sku":"","good":[],"bad":[],"score_override":"","override_value":"","rating":[],"price":[],"jnews_override_counter":[],"jnews_post_split":[],"footnotes":""},"categories":[58,76],"tags":[44,77,45],"class_list":["post-894","post","type-post","status-publish","format-standard","has-post-thumbnail","hentry","category-argentina","category-coronavirus","tag-argentina","tag-coronavirus","tag-noticias"],"amp_enabled":true,"_links":{"self":[{"href":"https:\/\/esreviral.com\/index.php?rest_route=\/wp\/v2\/posts\/894"}],"collection":[{"href":"https:\/\/esreviral.com\/index.php?rest_route=\/wp\/v2\/posts"}],"about":[{"href":"https:\/\/esreviral.com\/index.php?rest_route=\/wp\/v2\/types\/post"}],"author":[{"embeddable":true,"href":"https:\/\/esreviral.com\/index.php?rest_route=\/wp\/v2\/users\/2"}],"replies":[{"embeddable":true,"href":"https:\/\/esreviral.com\/index.php?rest_route=%2Fwp%2Fv2%2Fcomments&post=894"}],"version-history":[{"count":0,"href":"https:\/\/esreviral.com\/index.php?rest_route=\/wp\/v2\/posts\/894\/revisions"}],"wp:featuredmedia":[{"embeddable":true,"href":"https:\/\/esreviral.com\/index.php?rest_route=\/"}],"wp:attachment":[{"href":"https:\/\/esreviral.com\/index.php?rest_route=%2Fwp%2Fv2%2Fmedia&parent=894"}],"wp:term":[{"taxonomy":"category","embeddable":true,"href":"https:\/\/esreviral.com\/index.php?rest_route=%2Fwp%2Fv2%2Fcategories&post=894"},{"taxonomy":"post_tag","embeddable":true,"href":"https:\/\/esreviral.com\/index.php?rest_route=%2Fwp%2Fv2%2Ftags&post=894"}],"curies":[{"name":"wp","href":"https:\/\/api.w.org\/{rel}","templated":true}]}}