{"id":89319,"date":"2026-03-18T07:03:54","date_gmt":"2026-03-18T12:03:54","guid":{"rendered":"https:\/\/esreviral.com\/?p=89319"},"modified":"2026-03-18T08:05:18","modified_gmt":"2026-03-18T13:05:18","slug":"madre-venezolana-fallecio-en-accidente-de-moto-presuntamente-provocado-por-delincuentes","status":"publish","type":"post","link":"https:\/\/esreviral.com\/?p=89319","title":{"rendered":"Madre venezolana falleci\u00f3 en accidente de moto provocado por delincuentes"},"content":{"rendered":"\n<p><strong>Laury Daniela Mart\u00ednez Quintero,<\/strong> de 22 a\u00f1os de edad, falleci\u00f3 en un accidente de tr\u00e1nsito ocurrido la noche del s\u00e1bado 14 de marzo en la v\u00eda hacia El Zulia, a la altura del barrio La Primavera, en la ciudadela Juan Atalaya, en C\u00facuta, Colombia.<\/p>\n\n\n\n<p class=\"has-text-align-center\"><strong><a href=\"https:\/\/chat.whatsapp.com\/KWkTmakY3I05kNdd2oZl6d\"><em>\u00daNETE A NUESTRO GRUPO DE WHATSAPP PARA ESTAR INFORMADO<\/em><\/a><\/strong><\/p>\n\n\n\n<p>La joven, oriunda de San Crist\u00f3bal, estado T\u00e1chira, muri\u00f3 en el lugar del hecho. Su cu\u00f1ada, Kelis Mora, result\u00f3 gravemente herida y permanece en la Unidad de Cuidados Intensivos (UCI) de un hospital local, donde es atendida por una fractura de cr\u00e1neo.<\/p>\n\n\n\n<p>De acuerdo con el diario <em>La Opini\u00f3n<\/em>, ambas se desplazaban en una motocicleta \u2014conducida por Laury Daniela\u2014 tras salir del barrio El Progreso, con el objetivo de trasladar a la hija menor de Mora, quien se sent\u00eda mal, a un centro de salud. Durante el trayecto, colisionaron con otra motocicleta cuyo conductor, seg\u00fan versiones preliminares, se les atraves\u00f3 de forma intencional.<\/p>\n\n\n\n<p>Familiares y testigos, incluida la menor que result\u00f3 ilesa, indicaron que el hecho podr\u00eda estar vinculado a un intento de robo. El otro motociclista habr\u00eda intentado arrebatarles sus pertenencias, lo que provoc\u00f3 que la conductora perdiera el control del veh\u00edculo. Ambas mujeres cayeron violentamente al pavimento.<\/p>\n\n\n\n<p>Tras el impacto, las pertenencias de las v\u00edctimas desaparecieron del lugar. Seg\u00fan versiones, el presunto responsable fue recogido por otra motocicleta y huy\u00f3.<\/p>\n\n\n\n<p>Una hermana de la v\u00edctima describi\u00f3 la escena: Laury Daniela qued\u00f3 tendida boca abajo a pocos metros del veh\u00edculo, sin signos vitales debido al fuerte golpe. A pesar de la r\u00e1pida intervenci\u00f3n de testigos y autoridades, no fue posible salvarle la vida.<\/p>\n\n\n\n<p>Laury Daniela era madre de dos ni\u00f1os, de 3 y 7 a\u00f1os de edad, y la menor de cuatro hermanos. Ten\u00eda varios a\u00f1os residiendo en C\u00facuta y estaba pr\u00f3xima a cumplir 23 a\u00f1os el 9 de mayo. Sus familiares la recuerdan como una persona dedicada a su hogar y a su familia.<\/p>\n\n\n\n<p class=\"has-text-align-center\"><em><strong><em><strong><em><strong><em><strong><a href=\"https:\/\/t.me\/esreviral\">\u00daNETE A NUESTRO CANAL DE TELEGRAM PARA ESTAR INFORMADO<\/a><\/strong><\/em><\/strong><\/em><\/strong><\/em><\/strong><\/em><\/p>\n\n\n\n<p>La menor que las acompa\u00f1aba no sufri\u00f3 lesiones f\u00edsicas, aunque qued\u00f3 afectada emocionalmente y aport\u00f3 informaci\u00f3n clave para la investigaci\u00f3n.<\/p>\n\n\n\n<p>Los familiares de las v\u00edctimas exigen a las autoridades una investigaci\u00f3n exhaustiva para identificar y capturar a los responsables. Las primeras hip\u00f3tesis apuntan a un posible homicidio agravado en el contexto de un intento de robo, a la espera de los avances oficiales de la Polic\u00eda y la Fiscal\u00eda.<\/p>\n\n\n\n<p class=\"has-text-align-right\"><strong><em>Con Informaci\u00f3n de diarioversionfinal.com.-<\/em><\/strong><\/p>\n","protected":false},"excerpt":{"rendered":"<p>Familiares y testigos, incluida la menor que result\u00f3 ilesa, relataron que todo apunta a un intento de robo: el otro motociclista habr\u00eda intentado arrebatarles los bolsos, lo que provoc\u00f3 que Laury Daniela perdiera el control del veh\u00edculo. Ambas cayeron al asfalto con violencia. Las pertenencias de las v\u00edctimas desaparecieron del lugar, y se dice que el presunto responsable fue recogido r\u00e1pidamente por otra moto y huy\u00f3<\/p>\n","protected":false},"author":3,"featured_media":89320,"comment_status":"closed","ping_status":"closed","sticky":false,"template":"","format":"standard","meta":{"jnews-multi-image_gallery":[],"jnews_single_post":{"format":"standard"},"jnews_primary_category":[],"jnews_social_meta":[],"jnews_review":[],"enable_review":"","type":"","name":"","summary":"","brand":"","sku":"","good":[],"bad":[],"score_override":"","override_value":"","rating":[],"price":[],"jnews_override_counter":[],"jnews_post_split":[],"footnotes":""},"categories":[54,88,64],"tags":[12702,283,2241,40901,45,40900],"class_list":["post-89319","post","type-post","status-publish","format-standard","has-post-thumbnail","hentry","category-inmigracion","category-internacionales","category-sucesos","tag-accidente-de-moto","tag-colombia","tag-delincuentes","tag-laury-daniela-martinez-quintero","tag-noticias","tag-venezolana-en-colombia"],"amp_enabled":true,"_links":{"self":[{"href":"https:\/\/esreviral.com\/index.php?rest_route=\/wp\/v2\/posts\/89319"}],"collection":[{"href":"https:\/\/esreviral.com\/index.php?rest_route=\/wp\/v2\/posts"}],"about":[{"href":"https:\/\/esreviral.com\/index.php?rest_route=\/wp\/v2\/types\/post"}],"author":[{"embeddable":true,"href":"https:\/\/esreviral.com\/index.php?rest_route=\/wp\/v2\/users\/3"}],"replies":[{"embeddable":true,"href":"https:\/\/esreviral.com\/index.php?rest_route=%2Fwp%2Fv2%2Fcomments&post=89319"}],"version-history":[{"count":2,"href":"https:\/\/esreviral.com\/index.php?rest_route=\/wp\/v2\/posts\/89319\/revisions"}],"predecessor-version":[{"id":89330,"href":"https:\/\/esreviral.com\/index.php?rest_route=\/wp\/v2\/posts\/89319\/revisions\/89330"}],"wp:featuredmedia":[{"embeddable":true,"href":"https:\/\/esreviral.com\/index.php?rest_route=\/wp\/v2\/media\/89320"}],"wp:attachment":[{"href":"https:\/\/esreviral.com\/index.php?rest_route=%2Fwp%2Fv2%2Fmedia&parent=89319"}],"wp:term":[{"taxonomy":"category","embeddable":true,"href":"https:\/\/esreviral.com\/index.php?rest_route=%2Fwp%2Fv2%2Fcategories&post=89319"},{"taxonomy":"post_tag","embeddable":true,"href":"https:\/\/esreviral.com\/index.php?rest_route=%2Fwp%2Fv2%2Ftags&post=89319"}],"curies":[{"name":"wp","href":"https:\/\/api.w.org\/{rel}","templated":true}]}}