{"id":89300,"date":"2026-03-17T13:41:35","date_gmt":"2026-03-17T18:41:35","guid":{"rendered":"https:\/\/esreviral.com\/?p=89300"},"modified":"2026-03-17T14:01:08","modified_gmt":"2026-03-17T19:01:08","slug":"tras-la-intensa-tormenta-mas-de-40-000-usuarios-quedaron-sin-luz-en-el-amba","status":"publish","type":"post","link":"https:\/\/esreviral.com\/?p=89300","title":{"rendered":"\u00c1rboles ca\u00eddos, m\u00e1s de 40mil usuarios sin luz y da\u00f1os a edificios: el saldo de la tormenta en Argentina"},"content":{"rendered":"\n<p>Tras el fuerte temporal en el \u00c1rea Metropolitana de Buenos Aires (AMBA), m\u00e1s de 40.000 hogares quedaron sin suministro el\u00e9ctrico. El Servicio Meteorol\u00f3gico Nacional hab\u00eda emitido una alerta amarilla por lluvias intensas y r\u00e1fagas que superaron los 80 km\/h.<\/p>\n\n\n\n<p>La alerta incluy\u00f3 la probabilidad de granizo en distintos sectores del conurbano, aunque de tama\u00f1o reducido. El organismo recomend\u00f3 tomar precauciones ante la posible actividad el\u00e9ctrica y advirti\u00f3 sobre un cambio en las condiciones atmosf\u00e9ricas tras el paso del frente nuboso. Asimismo, se\u00f1al\u00f3 que se registrar\u00eda un descenso de la temperatura una vez que las tormentas se desplazaran hacia el este.<\/p>\n\n\n\n<p class=\"has-text-align-center\"><strong><a href=\"https:\/\/chat.whatsapp.com\/KWkTmakY3I05kNdd2oZl6d\"><em>\u00daNETE A NUESTRO GRUPO DE WHATSAPP PARA ESTAR INFORMADO<\/em><\/a><\/strong><\/p>\n\n\n<div class=\"wp-block-image\">\n<figure class=\"aligncenter size-large\"><img decoding=\"async\" src=\"https:\/\/resizer.glanacion.com\/resizer\/v2\/un-arbol-caido-por-fuertes-vientos-en-4ITKO5X6NFEPVHQER66VGF23ZE.jpg?auth=dc9eace4ca08733f33af5fe264ec99560c05ffaae833bab565eb17a3493190c5&amp;width=780&amp;height=780&amp;quality=70&amp;smart=true\" alt=\"\"\/><figcaption class=\"wp-element-caption\">Un \u00e1rbol ca\u00eddo por fuertes vientos en Ensenada<\/figcaption><\/figure><\/div>\n\n\n<p><\/p>\n\n\n\n<p>En la Ciudad de Buenos Aires, la temperatura descendi\u00f3 8 grados en apenas una hora: a las 13:00 se registraban 28,1 \u00b0C (29,8 \u00b0C de sensaci\u00f3n t\u00e9rmica), mientras que a las 14:00 el term\u00f3metro marc\u00f3 21 \u00b0C, seg\u00fan datos oficiales.<\/p>\n\n\n\n<p>Tambi\u00e9n se estimaron precipitaciones de entre 15 y 30 mm, con posibilidad de superarse de forma puntual, y una mejora marcada hacia el atardecer. Para la noche, no se esperaban lluvias en la ciudad ni en el conurbano, con temperaturas cercanas a los 22 \u00b0C.<\/p>\n\n\n\n<blockquote class=\"twitter-tweet\" data-media-max-width=\"560\"><p lang=\"es\" dir=\"ltr\"><a href=\"https:\/\/twitter.com\/hashtag\/NuestraTarde?src=hash&amp;ref_src=twsrc%5Etfw\">#NuestraTarde<\/a> CABA <a href=\"https:\/\/t.co\/FNy1vDY7It\">pic.twitter.com\/FNy1vDY7It<\/a><\/p>&mdash; nachhhh (@nxch1verx) <a href=\"https:\/\/twitter.com\/nxch1verx\/status\/2033948899564564638?ref_src=twsrc%5Etfw\">March 17, 2026<\/a><\/blockquote> <script async src=\"https:\/\/platform.twitter.com\/widgets.js\" charset=\"utf-8\"><\/script>\n\n\n\n<p>La red el\u00e9ctrica del AMBA registr\u00f3 una jornada de fuerte inestabilidad, con m\u00e1s de 35.000 usuarios sin servicio. Seg\u00fan los reportes, Edesur concentr\u00f3 la mayor cantidad de cortes, con picos que superaron los 22.000 afectados despu\u00e9s de las 15:00. Por su parte, Edenor registr\u00f3 un aumento repentino cerca del mediod\u00eda, alcanzando a 18.377 clientes sin suministro de manera simult\u00e1nea.<\/p>\n\n\n\n<p>Adem\u00e1s, se report\u00f3 la ca\u00edda de \u00e1rboles debido a r\u00e1fagas de viento de hasta 70 km\/h en zonas como Ensenada, Parque Lezama y Lugano.<\/p>\n\n\n\n<figure class=\"wp-block-image size-large\"><img decoding=\"async\" src=\"https:\/\/www.infobae.com\/resizer\/v2\/6MWEFTK43RGFTETN3L7ED2OILY.jpg?auth=e5193370c59420027dda8b4c36a4138930c3f67fe90d3d7816ea72cb2f5d7118&amp;smart=true&amp;width=992&amp;height=463&amp;quality=85\" alt=\"\"\/><figcaption class=\"wp-element-caption\">Un supermercado mayorista qued\u00f3 destrozado por el temporal<\/figcaption><\/figure>\n\n\n\n<p><strong><mark style=\"background-color:rgba(0, 0, 0, 0)\" class=\"has-inline-color has-vivid-red-color\">Recomendaciones del Gobierno de la Ciudad:<\/mark><\/strong><\/p>\n\n\n\n<ul class=\"wp-block-list\">\n<li>Evitar circular por calles inundadas.<\/li>\n\n\n\n<li>Retirar o asegurar objetos en balcones o ventanas que puedan caer por acci\u00f3n del viento.<\/li>\n\n\n\n<li>Extremar precauciones con tendederos y otros elementos que representen riesgos.<\/li>\n\n\n\n<li>Asegurar materiales en obras de construcci\u00f3n, como chapas o ladrillos.<\/li>\n\n\n\n<li>No manipular artefactos el\u00e9ctricos que hayan estado en contacto con el agua.<\/li>\n\n\n\n<li>No arrojar residuos en la v\u00eda p\u00fablica ni fuera de los horarios permitidos, para evitar obstrucciones en los desag\u00fces.<\/li>\n\n\n\n<li>Depositar la basura dentro de los contenedores.<\/li>\n\n\n\n<li>Evitar transitar por zonas arboladas durante tormentas o vientos fuertes.<\/li>\n\n\n\n<li>No tocar postes de alumbrado, cajas el\u00e9ctricas ni cables en la v\u00eda p\u00fablica.<\/li>\n<\/ul>\n\n\n\n<figure class=\"wp-block-image size-large\"><img decoding=\"async\" src=\"https:\/\/pbs.twimg.com\/media\/HDofi7LbEAEdO9a?format=jpg&amp;name=large\" alt=\"\"\/><\/figure>\n\n\n\n<p>Gran \u00e1rbol fue arrancado desde la ra\u00edz<\/p>\n\n\n\n<p><strong><mark style=\"background-color:rgba(0, 0, 0, 0)\" class=\"has-inline-color has-vivid-red-color\">Para conductores:<\/mark><\/strong><\/p>\n\n\n\n<ul class=\"wp-block-list\">\n<li>Usar siempre el cintur\u00f3n de seguridad.<\/li>\n\n\n\n<li>Conducir con precauci\u00f3n, ya que la lluvia reduce la visibilidad y aumenta la distancia de frenado.<\/li>\n\n\n\n<li>Circular a velocidad moderada y con las luces encendidas.<\/li>\n<\/ul>\n\n\n\n<figure class=\"wp-block-image size-large\"><img decoding=\"async\" src=\"https:\/\/pbs.twimg.com\/media\/HDonsSRWcAEsX_P?format=jpg&amp;name=large\" alt=\"\"\/><\/figure>\n\n\n\n<p><strong><mark style=\"background-color:rgba(0, 0, 0, 0)\" class=\"has-inline-color has-vivid-red-color\">C\u00f3mo seguir\u00e1 el clima:<\/mark><\/strong><\/p>\n\n\n\n<p>Para los pr\u00f3ximos d\u00edas se esperan condiciones m\u00e1s estables, aunque podr\u00edan registrarse lluvias nuevamente el s\u00e1bado por la ma\u00f1ana. Entre el mi\u00e9rcoles y la primera mitad del viernes se prev\u00e9 una mejora con ambiente templado.<\/p>\n\n\n\n<p class=\"has-text-align-center\"><em><strong><em><strong><em><strong><em><strong><a href=\"https:\/\/t.me\/esreviral\">\u00daNETE A NUESTRO CANAL DE TELEGRAM PARA ESTAR INFORMADO<\/a><\/strong><\/em><\/strong><\/em><\/strong><\/em><\/strong><\/em><\/p>\n\n\n<div class=\"wp-block-image\">\n<figure class=\"aligncenter size-large\"><img decoding=\"async\" src=\"https:\/\/www.infobae.com\/resizer\/v2\/CC5LRCKSV5AXLN76XFI73SEAMU.jpeg?auth=3e6c2e89063b88064b3f8c6533c384020bfac925c0921473270734a4b0ebc0d0&amp;smart=true&amp;width=992&amp;height=558&amp;quality=85\" alt=\"\"\/><figcaption class=\"wp-element-caption\">Hubo \u00e1rboles ca\u00eddos en algunas zonas<\/figcaption><\/figure><\/div>\n\n\n<p>Sin embargo, hacia la noche del viernes podr\u00edan regresar las lluvias y tormentas generalizadas en el AMBA, con acumulados significativos durante gran parte del s\u00e1bado. Aunque el domingo presentar\u00eda una mejora temporal, persiste la incertidumbre de cara al inicio de la pr\u00f3xima semana debido a la variabilidad de los modelos meteorol\u00f3gicos.<\/p>\n\n\n\n<p class=\"has-text-align-right\"><strong><em>Con Informaci\u00f3n de LN.-<\/em><\/strong><\/p>\n\n\n\n<p><\/p>\n","protected":false},"excerpt":{"rendered":"<p>Fuertes precipitaciones y r\u00e1fagas se registraron en la Ciudad y alrededores<\/p>\n","protected":false},"author":3,"featured_media":89301,"comment_status":"closed","ping_status":"closed","sticky":false,"template":"","format":"standard","meta":{"jnews-multi-image_gallery":[],"jnews_single_post":{"format":"standard"},"jnews_primary_category":[],"jnews_social_meta":[],"jnews_review":[],"enable_review":"","type":"","name":"","summary":"","brand":"","sku":"","good":[],"bad":[],"score_override":"","override_value":"","rating":[],"price":[],"jnews_override_counter":[],"jnews_post_split":[],"footnotes":""},"categories":[58],"tags":[44,124,1016,45,6655],"class_list":["post-89300","post","type-post","status-publish","format-standard","has-post-thumbnail","hentry","category-argentina","tag-argentina","tag-buenos-aires","tag-clima","tag-noticias","tag-pronostico-del-tiempo-3"],"amp_enabled":true,"_links":{"self":[{"href":"https:\/\/esreviral.com\/index.php?rest_route=\/wp\/v2\/posts\/89300"}],"collection":[{"href":"https:\/\/esreviral.com\/index.php?rest_route=\/wp\/v2\/posts"}],"about":[{"href":"https:\/\/esreviral.com\/index.php?rest_route=\/wp\/v2\/types\/post"}],"author":[{"embeddable":true,"href":"https:\/\/esreviral.com\/index.php?rest_route=\/wp\/v2\/users\/3"}],"replies":[{"embeddable":true,"href":"https:\/\/esreviral.com\/index.php?rest_route=%2Fwp%2Fv2%2Fcomments&post=89300"}],"version-history":[{"count":4,"href":"https:\/\/esreviral.com\/index.php?rest_route=\/wp\/v2\/posts\/89300\/revisions"}],"predecessor-version":[{"id":89308,"href":"https:\/\/esreviral.com\/index.php?rest_route=\/wp\/v2\/posts\/89300\/revisions\/89308"}],"wp:featuredmedia":[{"embeddable":true,"href":"https:\/\/esreviral.com\/index.php?rest_route=\/wp\/v2\/media\/89301"}],"wp:attachment":[{"href":"https:\/\/esreviral.com\/index.php?rest_route=%2Fwp%2Fv2%2Fmedia&parent=89300"}],"wp:term":[{"taxonomy":"category","embeddable":true,"href":"https:\/\/esreviral.com\/index.php?rest_route=%2Fwp%2Fv2%2Fcategories&post=89300"},{"taxonomy":"post_tag","embeddable":true,"href":"https:\/\/esreviral.com\/index.php?rest_route=%2Fwp%2Fv2%2Ftags&post=89300"}],"curies":[{"name":"wp","href":"https:\/\/api.w.org\/{rel}","templated":true}]}}