{"id":89288,"date":"2026-03-17T11:48:27","date_gmt":"2026-03-17T16:48:27","guid":{"rendered":"https:\/\/esreviral.com\/?p=89288"},"modified":"2026-03-17T13:12:52","modified_gmt":"2026-03-17T18:12:52","slug":"oriana-sabatini-conto-como-fue-el-parto-de-su-hija-y-el-insolito-lugar-donde-comenzaron-las-contracciones","status":"publish","type":"post","link":"https:\/\/esreviral.com\/?p=89288","title":{"rendered":"Oriana Sabatini cont\u00f3 c\u00f3mo fue el parto de su hija y el ins\u00f3lito lugar d\u00f3nde comenzaron las contracciones"},"content":{"rendered":"\n<p>El d\u00eda en que Oriana Sabatini comenz\u00f3 el trabajo de parto de su primera hija, Gia, estuvo marcado por una situaci\u00f3n tan inesperada como inolvidable. En medio de la emoci\u00f3n de un partido decisivo, la artista sinti\u00f3 un dolor distinto mientras el estadio de la AS Roma vibraba con los festejos. Acompa\u00f1ada por una amiga, vivi\u00f3 el inicio de un proceso que cambiar\u00eda su vida, justo cuando su pareja, Paulo Dybala, jugaba para el equipo italiano.<\/p>\n\n\n\n<p>El episodio cobr\u00f3 a\u00fan m\u00e1s relevancia por el contexto: rodeada de hinchas y en plena euforia, Sabatini identific\u00f3 la primera contracci\u00f3n cuando la Roma marc\u00f3 el tercer gol frente a la Juventus. La coincidencia sorprendi\u00f3 a quienes escucharon su relato en el streaming <em>Ser\u00eda Incre\u00edble<\/em>, donde combin\u00f3 humor y asombro al recordar el momento.<\/p>\n\n\n\n<p class=\"has-text-align-center\"><strong><a href=\"https:\/\/chat.whatsapp.com\/KWkTmakY3I05kNdd2oZl6d\"><em>\u00daNETE A NUESTRO GRUPO DE WHATSAPP PARA ESTAR INFORMADO<\/em><\/a><\/strong><\/p>\n\n\n<div class=\"wp-block-image\">\n<figure class=\"aligncenter size-large\"><img decoding=\"async\" src=\"https:\/\/www.infobae.com\/resizer\/v2\/IEYCOL5MPZEH7NT6IZGBMVRSQQ.PNG?auth=aa46439610979d1dc803e3298062c5651958a247d4eabe735a2a259c08d4982d&amp;smart=true&amp;width=992&amp;height=1771&amp;quality=85\" alt=\"\"\/><\/figure><\/div>\n\n\n<p><\/p>\n\n\n\n<p>La fecha estimada de parto era el 11 de marzo, pero el proceso comenz\u00f3 el d\u00eda 2, lo que a\u00f1adi\u00f3 un factor inesperado a la experiencia. Mientras celebraba junto al resto del p\u00fablico, una sensaci\u00f3n desconocida llam\u00f3 su atenci\u00f3n. \u201cSent\u00ed algo que nunca hab\u00eda experimentado\u201d, explic\u00f3, al describir la incertidumbre inicial ante las primeras contracciones.<\/p>\n\n\n\n<p>Lejos de alarmarse, opt\u00f3 por mantener la calma y analizar la situaci\u00f3n. Ante la duda, utiliz\u00f3 una aplicaci\u00f3n en su tel\u00e9fono para medir la frecuencia de las contracciones, que resultaron ser regulares, cada cinco minutos. \u201cTen\u00eda dos opciones: decir algo y generar preocupaci\u00f3n o mantener la calma\u201d, se\u00f1al\u00f3.<\/p>\n\n\n\n<p>La artista decidi\u00f3 no alertar a quienes la acompa\u00f1aban y prioriz\u00f3 regresar a su casa para prepararse con tranquilidad, pese a no contar con lo necesario en ese momento. Una vez en su hogar, el dolor comenz\u00f3 a intensificarse, marcando el avance del trabajo de parto.<\/p>\n\n\n\n<p class=\"has-text-align-center\"><em><strong><em><strong><em><strong><em><strong><a href=\"https:\/\/t.me\/esreviral\">\u00daNETE A NUESTRO CANAL DE TELEGRAM PARA ESTAR INFORMADO<\/a><\/strong><\/em><\/strong><\/em><\/strong><\/em><\/strong><\/em><\/p>\n\n\n\n<p>El testimonio de Sabatini refleja una experiencia en la que lo cotidiano y lo inesperado se entrelazan en un escenario poco habitual. La combinaci\u00f3n de serenidad, intuici\u00f3n y recursos personales defini\u00f3 las primeras horas de un momento decisivo en su vida.<\/p>\n\n\n\n<p class=\"has-text-align-right\"><strong><em>Con Informaci\u00f3n de Infobae.-<\/em><\/strong><\/p>\n","protected":false},"excerpt":{"rendered":"<p>La artista habl\u00f3 por primera vez de los detalles del nacimiento de Gia, en Italia<\/p>\n","protected":false},"author":3,"featured_media":87659,"comment_status":"closed","ping_status":"closed","sticky":false,"template":"","format":"standard","meta":{"jnews-multi-image_gallery":[],"jnews_single_post":{"format":"standard"},"jnews_primary_category":[],"jnews_social_meta":[],"jnews_review":[],"enable_review":"","type":"","name":"","summary":"","brand":"","sku":"","good":[],"bad":[],"score_override":"","override_value":"","rating":[],"price":[],"jnews_override_counter":[],"jnews_post_split":[],"footnotes":""},"categories":[50],"tags":[44,40878,27825,40879,3538,45,506,27348,1252,8378],"class_list":["post-89288","post","type-post","status-publish","format-standard","has-post-thumbnail","hentry","category-entretenimiento","tag-argentina","tag-contracciones","tag-estadio","tag-gia-dybala","tag-nacimiento","tag-noticias","tag-oriana-sabatini","tag-parto-natural","tag-paulo-dybala","tag-roma"],"amp_enabled":true,"_links":{"self":[{"href":"https:\/\/esreviral.com\/index.php?rest_route=\/wp\/v2\/posts\/89288"}],"collection":[{"href":"https:\/\/esreviral.com\/index.php?rest_route=\/wp\/v2\/posts"}],"about":[{"href":"https:\/\/esreviral.com\/index.php?rest_route=\/wp\/v2\/types\/post"}],"author":[{"embeddable":true,"href":"https:\/\/esreviral.com\/index.php?rest_route=\/wp\/v2\/users\/3"}],"replies":[{"embeddable":true,"href":"https:\/\/esreviral.com\/index.php?rest_route=%2Fwp%2Fv2%2Fcomments&post=89288"}],"version-history":[{"count":1,"href":"https:\/\/esreviral.com\/index.php?rest_route=\/wp\/v2\/posts\/89288\/revisions"}],"predecessor-version":[{"id":89289,"href":"https:\/\/esreviral.com\/index.php?rest_route=\/wp\/v2\/posts\/89288\/revisions\/89289"}],"wp:featuredmedia":[{"embeddable":true,"href":"https:\/\/esreviral.com\/index.php?rest_route=\/wp\/v2\/media\/87659"}],"wp:attachment":[{"href":"https:\/\/esreviral.com\/index.php?rest_route=%2Fwp%2Fv2%2Fmedia&parent=89288"}],"wp:term":[{"taxonomy":"category","embeddable":true,"href":"https:\/\/esreviral.com\/index.php?rest_route=%2Fwp%2Fv2%2Fcategories&post=89288"},{"taxonomy":"post_tag","embeddable":true,"href":"https:\/\/esreviral.com\/index.php?rest_route=%2Fwp%2Fv2%2Ftags&post=89288"}],"curies":[{"name":"wp","href":"https:\/\/api.w.org\/{rel}","templated":true}]}}