{"id":89193,"date":"2026-03-16T06:24:31","date_gmt":"2026-03-16T11:24:31","guid":{"rendered":"https:\/\/esreviral.com\/?p=89193"},"modified":"2026-03-16T06:24:32","modified_gmt":"2026-03-16T11:24:32","slug":"aumentaron-las-tarifas-de-colectivos-en-el-amba-cuanto-sale-el-boleto-desde-hoy","status":"publish","type":"post","link":"https:\/\/esreviral.com\/?p=89193","title":{"rendered":"Aumentaron las tarifas de colectivos en el AMBA: cu\u00e1nto sale el boleto desde hoy"},"content":{"rendered":"\n<p>Este lunes 16 de marzo aumentaron las tarifas de los colectivos en el<strong> \u00c1rea Metropolitana de Buenos Aires (AMBA)<\/strong>. El incremento es de 7,6%, por lo que el<strong> boleto m\u00ednimo <\/strong>en las 104 l\u00edneas de jurisdicci\u00f3n nacional<strong> pas\u00f3 a costar $700.<\/strong><\/p>\n\n\n\n<p>En tanto, las l\u00edneas que operan en la provincia de Buenos Aires y en la Ciudad de Buenos Aires (CABA) ya hab\u00edan aplicado aumentos a comienzos de marzo. En esos casos, los incrementos fueron de 4,9% y 5,1%, respectivamente. El pr\u00f3ximo ajuste tarifario para las l\u00edneas de ambas jurisdicciones est\u00e1 previsto para el 1\u00b0 de abril.<\/p>\n\n\n\n<p>Desde el a\u00f1o pasado, las tarifas se actualizan mensualmente seg\u00fan la inflaci\u00f3n, con un adicional del 2% sobre la tarifa anterior.<\/p>\n\n\n\n<p class=\"has-text-align-center\"><strong><a href=\"https:\/\/chat.whatsapp.com\/KWkTmakY3I05kNdd2oZl6d\"><em>\u00daNETE A NUESTRO GRUPO DE WHATSAPP PARA ESTAR INFORMADO<\/em><\/a><\/strong><\/p>\n\n\n\n<p><strong><mark style=\"background-color:rgba(0, 0, 0, 0)\" class=\"has-inline-color has-vivid-red-color\">Cu\u00e1nto cuesta viajar desde este lunes 16 de marzo<\/mark><\/strong><\/p>\n\n\n\n<p>Las l\u00edneas de colectivos del AMBA que dependen del gobierno nacional aplicaron desde hoy un nuevo esquema tarifario. Los valores quedaron establecidos de la siguiente manera:<\/p>\n\n\n\n<ul class=\"wp-block-list\">\n<li>Boleto m\u00ednimo (entre 0 y 3 kil\u00f3metros): de $650 a $700.<\/li>\n\n\n\n<li>Tramo de 3 a 6 kil\u00f3metros: $779,78.<\/li>\n\n\n\n<li>Tramo de 6 a 12 kil\u00f3metros: $839,86.<\/li>\n\n\n\n<li>Viajes de 12 a 27 kil\u00f3metros: $899,99.<\/li>\n\n\n\n<li>Viajes de m\u00e1s de 27 kil\u00f3metros: $959,71.<\/li>\n<\/ul>\n\n\n\n<p><\/p>\n\n\n\n<p>Para quienes viajen con una tarjeta SUBE sin registrar, las tarifas oscilar\u00e1n entre $1113 y $1525,94.<\/p>\n\n\n\n<p>Los incrementos se aplican en las siguientes l\u00edneas de jurisdicci\u00f3n nacional: 1, 2, 8, 9, 10, 15, 17, 19, 20, 21, 22, 24, 28, 29, 31, 32, 33, 37, 41, 45, 46, 49, 51, 53, 55, 56, 57, 59, 60, 63, 67, 70, 71, 74, 75, 78, 79, 80, 85, 86, 87, 88, 91, 92, 93, 95, 96, 97, 98, 100, 101, 103, 105, 110, 111, 113, 114, 117, 119, 123, 124, 126, 127, 128, 129, 130, 133, 134, 135, 136, 140, 143, 145, 146, 148, 150, 152, 153, 154, 158, 159, 160, 161, 163, 164, 166, 168, 169, 172, 174, 176, 177, 178, 179, 180, 181, 182, 184, 185, 188, 193, 194 y 195.<\/p>\n\n\n\n<p><strong><mark style=\"background-color:rgba(0, 0, 0, 0)\" class=\"has-inline-color has-vivid-red-color\">Diferencia con las tarifas en la provincia y la ciudad<\/mark><\/strong><\/p>\n\n\n\n<p>A pesar del aumento en las tarifas de las l\u00edneas de jurisdicci\u00f3n nacional, persiste una diferencia con los cuadros tarifarios de los colectivos que dependen del gobierno de la provincia de Buenos Aires, encabezado por Axel Kicillof. La brecha supera el 18%.<\/p>\n\n\n\n<p class=\"has-text-align-center\"><em><strong><em><strong><em><strong><em><strong><a href=\"https:\/\/t.me\/esreviral\">\u00daNETE A NUESTRO CANAL DE TELEGRAM PARA ESTAR INFORMADO<\/a><\/strong><\/em><\/strong><\/em><\/strong><\/em><\/strong><\/em><\/p>\n\n\n\n<p>En el caso de los colectivos que circulan en la provincia de Buenos Aires, el boleto m\u00ednimo alcanza los $832,57 en marzo, lo que representa una diferencia de hasta 18,93% respecto a las l\u00edneas nacionales.<\/p>\n\n\n\n<p class=\"has-text-align-right\"><strong><em>Con Informaci\u00f3n de TN.-<\/em><\/strong><\/p>\n","protected":false},"excerpt":{"rendered":"<p>El alza es de 7,6% y aplica a las 104 l\u00edneas nacionales que transitan entre CABA y el conurbano bonaerense.<\/p>\n","protected":false},"author":3,"featured_media":86044,"comment_status":"closed","ping_status":"closed","sticky":false,"template":"","format":"standard","meta":{"jnews-multi-image_gallery":[],"jnews_single_post":{"format":"standard"},"jnews_primary_category":[],"jnews_social_meta":[],"jnews_review":[],"enable_review":"","type":"","name":"","summary":"","brand":"","sku":"","good":[],"bad":[],"score_override":"","override_value":"","rating":[],"price":[],"jnews_override_counter":[],"jnews_post_split":[],"footnotes":""},"categories":[58,61],"tags":[44,273,45,2503],"class_list":["post-89193","post","type-post","status-publish","format-standard","has-post-thumbnail","hentry","category-argentina","category-economia","tag-argentina","tag-colectivo","tag-noticias","tag-transporte"],"amp_enabled":true,"_links":{"self":[{"href":"https:\/\/esreviral.com\/index.php?rest_route=\/wp\/v2\/posts\/89193"}],"collection":[{"href":"https:\/\/esreviral.com\/index.php?rest_route=\/wp\/v2\/posts"}],"about":[{"href":"https:\/\/esreviral.com\/index.php?rest_route=\/wp\/v2\/types\/post"}],"author":[{"embeddable":true,"href":"https:\/\/esreviral.com\/index.php?rest_route=\/wp\/v2\/users\/3"}],"replies":[{"embeddable":true,"href":"https:\/\/esreviral.com\/index.php?rest_route=%2Fwp%2Fv2%2Fcomments&post=89193"}],"version-history":[{"count":2,"href":"https:\/\/esreviral.com\/index.php?rest_route=\/wp\/v2\/posts\/89193\/revisions"}],"predecessor-version":[{"id":89195,"href":"https:\/\/esreviral.com\/index.php?rest_route=\/wp\/v2\/posts\/89193\/revisions\/89195"}],"wp:featuredmedia":[{"embeddable":true,"href":"https:\/\/esreviral.com\/index.php?rest_route=\/wp\/v2\/media\/86044"}],"wp:attachment":[{"href":"https:\/\/esreviral.com\/index.php?rest_route=%2Fwp%2Fv2%2Fmedia&parent=89193"}],"wp:term":[{"taxonomy":"category","embeddable":true,"href":"https:\/\/esreviral.com\/index.php?rest_route=%2Fwp%2Fv2%2Fcategories&post=89193"},{"taxonomy":"post_tag","embeddable":true,"href":"https:\/\/esreviral.com\/index.php?rest_route=%2Fwp%2Fv2%2Ftags&post=89193"}],"curies":[{"name":"wp","href":"https:\/\/api.w.org\/{rel}","templated":true}]}}