{"id":89168,"date":"2026-03-13T13:11:06","date_gmt":"2026-03-13T18:11:06","guid":{"rendered":"https:\/\/esreviral.com\/?p=89168"},"modified":"2026-03-13T13:11:08","modified_gmt":"2026-03-13T18:11:08","slug":"cambios-en-la-linea-de-colectivos-electricos-de-la-ciudad-como-es-el-nuevo-recorrido-y-en-que-horario-funcionara","status":"publish","type":"post","link":"https:\/\/esreviral.com\/?p=89168","title":{"rendered":"Cambios en la l\u00ednea de colectivos el\u00e9ctricos de la Ciudad: c\u00f3mo es el nuevo recorrido y en qu\u00e9 horario funcionar\u00e1"},"content":{"rendered":"\n<p>Los buses el\u00e9ctricos que comenzaron a operar el a\u00f1o pasado en la Ciudad incorporar\u00e1n cambios en su recorrido a partir de este viernes. La principal novedad es la extensi\u00f3n del trayecto hasta la Usina del Arte, en el barrio de La Boca, durante los fines de semana y d\u00edas festivos. Adem\u00e1s, se ajustar\u00e1 el horario de funcionamiento y se modificar\u00e1 parte del recorrido en San Telmo para mejorar la conexi\u00f3n con otros medios de transporte.<\/p>\n\n\n\n<p>La l\u00ednea de eBus, que actualmente conecta la Terminal de Cruceros Benito Quinquela Mart\u00edn con el Centro de Trasbordo Retiro y Parque Lezama, ampliar\u00e1 su recorrido en 1,82 kil\u00f3metros por tramo para llegar hasta el centro cultural ubicado en Agust\u00edn R. Caffarena 1.<\/p>\n\n\n\n<p class=\"has-text-align-center\"><strong><a href=\"https:\/\/chat.whatsapp.com\/KWkTmakY3I05kNdd2oZl6d\"><em>\u00daNETE A NUESTRO GRUPO DE WHATSAPP PARA ESTAR INFORMADO<\/em><\/a><\/strong><\/p>\n\n\n\n<p>Seg\u00fan inform\u00f3 el Ministerio de Movilidad e Infraestructura, la extensi\u00f3n busca facilitar el acceso a uno de los principales espacios culturales del sur de la ciudad, que recibe miles de visitantes durante todo el a\u00f1o, especialmente los fines de semana. El precio del pasaje se mantiene sin cambios: todos los viajes costar\u00e1n $681,85, equivalente al valor del boleto m\u00ednimo.<\/p>\n\n\n\n<p><strong><mark style=\"background-color:rgba(0, 0, 0, 0)\" class=\"has-inline-color has-vivid-red-color\">Extensi\u00f3n hasta la Usina del Arte<\/mark><\/strong><\/p>\n\n\n\n<p>El eBus llegar\u00e1 hasta la Usina del Arte en los d\u00edas y horarios de mayor afluencia al espacio cultural. El servicio operar\u00e1 con esta extensi\u00f3n los viernes de 16:00 a 23:00, y los s\u00e1bados, domingos y feriados de 9:00 a 22:30. Con esta modificaci\u00f3n, el recorrido completo alcanzar\u00e1 los 16,72 kil\u00f3metros.<\/p>\n\n\n\n<p>La zona donde se ubica la Usina del Arte cuenta con una cobertura limitada de l\u00edneas de autobuses, por lo que la ampliaci\u00f3n del recorrido busca mejorar la conectividad tanto para los residentes como para los turistas que visitan el barrio de La Boca. Adem\u00e1s, se incorporar\u00e1n nuevas paradas, entre ellas una cercana a la terminal de Colonia Express.<\/p>\n\n\n<div class=\"wp-block-image\">\n<figure class=\"aligncenter size-full is-resized\"><img fetchpriority=\"high\" decoding=\"async\" width=\"321\" height=\"568\" src=\"https:\/\/esreviral.com\/wp-content\/uploads\/2026\/03\/AnyConv.com__WhatsApp-Image-2026-03-13-at-3.08.31-PM.webp\" alt=\"\" class=\"wp-image-89169\" style=\"width:400px;height:auto\" srcset=\"https:\/\/esreviral.com\/wp-content\/uploads\/2026\/03\/AnyConv.com__WhatsApp-Image-2026-03-13-at-3.08.31-PM.webp 321w, https:\/\/esreviral.com\/wp-content\/uploads\/2026\/03\/AnyConv.com__WhatsApp-Image-2026-03-13-at-3.08.31-PM-170x300.webp 170w\" sizes=\"(max-width: 321px) 100vw, 321px\" \/><\/figure><\/div>\n\n\n<p><\/p>\n\n\n\n<p><strong><mark style=\"background-color:rgba(0, 0, 0, 0)\" class=\"has-inline-color has-vivid-red-color\">Cambios en horarios y recorridos<\/mark><\/strong><\/p>\n\n\n\n<p>Adem\u00e1s de la extensi\u00f3n, el servicio tendr\u00e1 una modificaci\u00f3n en su trayecto en San Telmo. Desde este viernes, el eBus dejar\u00e1 de circular por la calle Piedras y pasar\u00e1 a hacerlo por la calle Per\u00fa, como parte de una reconfiguraci\u00f3n destinada a optimizar el recorrido.<\/p>\n\n\n\n<p>Este cambio se suma a otro ajuste aplicado en enero, cuando la l\u00ednea comenz\u00f3 a circular por Esmeralda en lugar de hacerlo por Bartolom\u00e9 Mitre, San Mart\u00edn y Marcelo T. de Alvear. Ese desv\u00edo, que inicialmente se implement\u00f3 por obras, se mantuvo porque permiti\u00f3 reducir cerca de 10 minutos el tiempo de viaje en horas pico.<\/p>\n\n\n\n<p>Desde hoy tambi\u00e9n se modificar\u00e1 el horario general del servicio. El eBus funcionar\u00e1 todos los d\u00edas entre las 7:00 y las 23:00, con el objetivo de ampliar la cobertura a lo largo de la jornada y responder mejor a la demanda de pasajeros.<\/p>\n\n\n\n<p>En los \u00faltimos meses, la l\u00ednea ya hab\u00eda ampliado su recorrido cerca de 3,5 kil\u00f3metros para conectar la Terminal de Cruceros Quinquela Mart\u00edn con el Centro de Trasbordo Retiro.<\/p>\n\n\n\n<p>Desde all\u00ed, los pasajeros pueden combinar con los ferrocarriles Mitre, San Mart\u00edn y Belgrano Norte, adem\u00e1s de las l\u00edneas C y E del subte y la terminal de autobuses de media y larga distancia.<\/p>\n\n\n\n<p>Seg\u00fan datos oficiales, desde mayo de 2025 hasta la actualidad el servicio ha transportado a m\u00e1s de 350.000 pasajeros. En ese per\u00edodo, la flota recorri\u00f3 m\u00e1s de 200.000 kil\u00f3metros. El sistema es operado por 30 conductoras y forma parte de la estrategia de la ciudad para avanzar hacia un transporte p\u00fablico con menor impacto ambiental.<\/p>\n\n\n\n<p>En esa l\u00ednea, se encuentra en construcci\u00f3n la primera l\u00ednea de Trambus, que unir\u00e1 Pompeya con Aeroparque y estar\u00e1 compuesta \u00fanicamente por buses el\u00e9ctricos. Adem\u00e1s, a partir del 1 de enero de 2027, las empresas que operan las 28 l\u00edneas de autobuses que circulan en la ciudad deber\u00e1n incorporar unidades el\u00e9ctricas o a gas natural comprimido (GNC) cada vez que retiren un colectivo a di\u00e9sel.<\/p>\n\n\n\n<p>Los eBus comenzaron a operar en mayo de 2025 con el objetivo de cubrir el Casco Hist\u00f3rico con unidades 100 % el\u00e9ctricas. En su lanzamiento inicial ten\u00edan una frecuencia aproximada de 15 minutos.<\/p>\n\n\n\n<p>La l\u00ednea cuenta con 30 unidades conducidas exclusivamente por mujeres y hasta ahora conectaba Parque Lezama con la plaza San Mart\u00edn, en Retiro.<\/p>\n\n\n\n<p class=\"has-text-align-center\"><em><strong><em><strong><em><strong><em><strong><a href=\"https:\/\/t.me\/esreviral\">\u00daNETE A NUESTRO CANAL DE TELEGRAM PARA ESTAR INFORMADO<\/a><\/strong><\/em><\/strong><\/em><\/strong><\/em><\/strong><\/em><\/p>\n\n\n\n<p>El servicio fue dise\u00f1ado principalmente para mejorar la movilidad dentro del Casco Hist\u00f3rico, una zona con alta circulaci\u00f3n de turistas y calles m\u00e1s estrechas donde los autobuses tradicionales presentan mayores dificultades para operar.<\/p>\n\n\n\n<p>Las unidades son m\u00e1s peque\u00f1as que un autob\u00fas convencional y tienen capacidad para aproximadamente 30 pasajeros. Adem\u00e1s, cuentan con una autonom\u00eda de carga cercana a los 250 kil\u00f3metros.<\/p>\n\n\n\n<p class=\"has-text-align-right\"><strong><em>Con Informaci\u00f3n de Clarin.-<\/em><\/strong><\/p>\n","protected":false},"excerpt":{"rendered":"<p>La vuelta completa alcanzar\u00e1 los 16,72 kil\u00f3metros.<br \/>\nLas nuevas paradas y el mapa completo.<\/p>\n","protected":false},"author":3,"featured_media":78295,"comment_status":"closed","ping_status":"closed","sticky":false,"template":"","format":"standard","meta":{"jnews-multi-image_gallery":[],"jnews_single_post":{"format":"standard"},"jnews_primary_category":[],"jnews_social_meta":[],"jnews_review":[],"enable_review":"","type":"","name":"","summary":"","brand":"","sku":"","good":[],"bad":[],"score_override":"","override_value":"","rating":[],"price":[],"jnews_override_counter":[],"jnews_post_split":[],"footnotes":""},"categories":[58],"tags":[44,894,23381,4808,45,274],"class_list":["post-89168","post","type-post","status-publish","format-standard","has-post-thumbnail","hentry","category-argentina","tag-argentina","tag-ciudad-de-buenos-aires","tag-colectivos-electricos","tag-linea-de-colectivos","tag-noticias","tag-transporte-publico"],"amp_enabled":true,"_links":{"self":[{"href":"https:\/\/esreviral.com\/index.php?rest_route=\/wp\/v2\/posts\/89168"}],"collection":[{"href":"https:\/\/esreviral.com\/index.php?rest_route=\/wp\/v2\/posts"}],"about":[{"href":"https:\/\/esreviral.com\/index.php?rest_route=\/wp\/v2\/types\/post"}],"author":[{"embeddable":true,"href":"https:\/\/esreviral.com\/index.php?rest_route=\/wp\/v2\/users\/3"}],"replies":[{"embeddable":true,"href":"https:\/\/esreviral.com\/index.php?rest_route=%2Fwp%2Fv2%2Fcomments&post=89168"}],"version-history":[{"count":1,"href":"https:\/\/esreviral.com\/index.php?rest_route=\/wp\/v2\/posts\/89168\/revisions"}],"predecessor-version":[{"id":89170,"href":"https:\/\/esreviral.com\/index.php?rest_route=\/wp\/v2\/posts\/89168\/revisions\/89170"}],"wp:featuredmedia":[{"embeddable":true,"href":"https:\/\/esreviral.com\/index.php?rest_route=\/wp\/v2\/media\/78295"}],"wp:attachment":[{"href":"https:\/\/esreviral.com\/index.php?rest_route=%2Fwp%2Fv2%2Fmedia&parent=89168"}],"wp:term":[{"taxonomy":"category","embeddable":true,"href":"https:\/\/esreviral.com\/index.php?rest_route=%2Fwp%2Fv2%2Fcategories&post=89168"},{"taxonomy":"post_tag","embeddable":true,"href":"https:\/\/esreviral.com\/index.php?rest_route=%2Fwp%2Fv2%2Ftags&post=89168"}],"curies":[{"name":"wp","href":"https:\/\/api.w.org\/{rel}","templated":true}]}}