{"id":89165,"date":"2026-03-13T12:56:17","date_gmt":"2026-03-13T17:56:17","guid":{"rendered":"https:\/\/esreviral.com\/?p=89165"},"modified":"2026-03-13T12:56:24","modified_gmt":"2026-03-13T17:56:24","slug":"encontraron-restos-oseos-de-joven-venezolana-desaparecida-en-brasil","status":"publish","type":"post","link":"https:\/\/esreviral.com\/?p=89165","title":{"rendered":"Encontraron restos \u00f3seos de joven venezolana desaparecida en Brasil"},"content":{"rendered":"\n<p>La Polic\u00eda Civil del estado de Roraima, en Brasil, localiz\u00f3 los restos \u00f3seos de una joven venezolana de 17 a\u00f1os de edad que estaba desaparecida desde septiembre de 2025.<\/p>\n\n\n\n<p class=\"has-text-align-center\"><strong><a href=\"https:\/\/chat.whatsapp.com\/KWkTmakY3I05kNdd2oZl6d\"><em>\u00daNETE A NUESTRO GRUPO DE WHATSAPP PARA ESTAR INFORMADO<\/em><\/a><\/strong><\/p>\n\n\n\n<p>De acuerdo con medios locales, la v\u00edctima fue identificada como <strong>Raquel Alexandra Cede\u00f1o Su\u00e1rez<\/strong>, quien fue vista por \u00faltima vez caminando junto a dos hombres antes de que se perdiera su rastro. El hallazgo se produjo en una zona boscosa de dif\u00edcil acceso en las afueras del municipio de Rorain\u00f3polis, una localidad fronteriza cercana al estado Bol\u00edvar.<\/p>\n\n\n\n<p><strong><mark style=\"background-color:rgba(0, 0, 0, 0)\" class=\"has-inline-color has-vivid-red-color\">\u00bfQu\u00e9 se conoce sobre el crimen?<\/mark><\/strong><br>La desaparici\u00f3n de la adolescente en Rorain\u00f3polis dio inicio a una investigaci\u00f3n que se extendi\u00f3 durante varios meses. Tras el crimen, los dos sospechosos abandonaron la ciudad; sin embargo, las autoridades lograron capturar a uno de ellos en la capital del estado.<\/p>\n\n\n\n<p>Durante el interrogatorio, el detenido, de 24 a\u00f1os, confes\u00f3 su participaci\u00f3n en el hecho y se\u00f1al\u00f3 a los investigadores el lugar donde hab\u00edan abandonado el cuerpo, lo que permiti\u00f3 ubicar los restos de la joven.<\/p>\n\n\n\n<p><strong><mark style=\"background-color:rgba(0, 0, 0, 0)\" class=\"has-inline-color has-vivid-red-color\">Detalles del hallazgo<\/mark><\/strong><br>Seg\u00fan inform\u00f3 el medio <em>Nueva Prensa de Guayana<\/em>, expertos forenses recolectaron los restos en el sitio indicado y los trasladaron al Instituto de Medicina Legal.<\/p>\n\n\n\n<p>En ese centro se realizar\u00e1n pruebas de ADN para confirmar cient\u00edficamente la identidad de la v\u00edctima, debido al estado en que fueron encontrados los restos. Los an\u00e1lisis tambi\u00e9n buscar\u00e1n determinar la causa exacta de la muerte.<\/p>\n\n\n\n<p class=\"has-text-align-center\"><em><strong><em><strong><em><strong><em><strong><a href=\"https:\/\/t.me\/esreviral\">\u00daNETE A NUESTRO CANAL DE TELEGRAM PARA ESTAR INFORMADO<\/a><\/strong><\/em><\/strong><\/em><\/strong><\/em><\/strong><\/em><\/p>\n\n\n\n<p><strong><mark style=\"background-color:rgba(0, 0, 0, 0)\" class=\"has-inline-color has-vivid-red-color\">Segundo implicado pr\u00f3fugo<\/mark><\/strong><br>Las autoridades brasile\u00f1as mantienen un operativo para localizar a un segundo sospechoso vinculado con el caso. De acuerdo con reportes de inteligencia, el individuo fue visto recientemente en la zona de Pacaraima, por lo que se presume que intenta cruzar la frontera hacia Venezuela para evadir a la justicia.<\/p>\n\n\n\n<p><\/p>\n","protected":false},"excerpt":{"rendered":"<p>Las  autoridades brasile\u00f1as mantienen un operativo de b\u00fasqueda activa para dar con el paradero de un segundo sospechoso<\/p>\n","protected":false},"author":3,"featured_media":89166,"comment_status":"closed","ping_status":"closed","sticky":false,"template":"","format":"standard","meta":{"jnews-multi-image_gallery":[],"jnews_single_post":{"format":"standard"},"jnews_primary_category":[],"jnews_social_meta":[],"jnews_review":[],"enable_review":"","type":"","name":"","summary":"","brand":"","sku":"","good":[],"bad":[],"score_override":"","override_value":"","rating":[],"price":[],"jnews_override_counter":[],"jnews_post_split":[],"footnotes":""},"categories":[88,64],"tags":[227,45,40780,40779],"class_list":["post-89165","post","type-post","status-publish","format-standard","has-post-thumbnail","hentry","category-internacionales","category-sucesos","tag-brasil","tag-noticias","tag-raquel-alexandra-cedeno-suarez","tag-venezolana-en-brasil"],"amp_enabled":true,"_links":{"self":[{"href":"https:\/\/esreviral.com\/index.php?rest_route=\/wp\/v2\/posts\/89165"}],"collection":[{"href":"https:\/\/esreviral.com\/index.php?rest_route=\/wp\/v2\/posts"}],"about":[{"href":"https:\/\/esreviral.com\/index.php?rest_route=\/wp\/v2\/types\/post"}],"author":[{"embeddable":true,"href":"https:\/\/esreviral.com\/index.php?rest_route=\/wp\/v2\/users\/3"}],"replies":[{"embeddable":true,"href":"https:\/\/esreviral.com\/index.php?rest_route=%2Fwp%2Fv2%2Fcomments&post=89165"}],"version-history":[{"count":1,"href":"https:\/\/esreviral.com\/index.php?rest_route=\/wp\/v2\/posts\/89165\/revisions"}],"predecessor-version":[{"id":89167,"href":"https:\/\/esreviral.com\/index.php?rest_route=\/wp\/v2\/posts\/89165\/revisions\/89167"}],"wp:featuredmedia":[{"embeddable":true,"href":"https:\/\/esreviral.com\/index.php?rest_route=\/wp\/v2\/media\/89166"}],"wp:attachment":[{"href":"https:\/\/esreviral.com\/index.php?rest_route=%2Fwp%2Fv2%2Fmedia&parent=89165"}],"wp:term":[{"taxonomy":"category","embeddable":true,"href":"https:\/\/esreviral.com\/index.php?rest_route=%2Fwp%2Fv2%2Fcategories&post=89165"},{"taxonomy":"post_tag","embeddable":true,"href":"https:\/\/esreviral.com\/index.php?rest_route=%2Fwp%2Fv2%2Ftags&post=89165"}],"curies":[{"name":"wp","href":"https:\/\/api.w.org\/{rel}","templated":true}]}}