{"id":89135,"date":"2026-03-13T09:33:49","date_gmt":"2026-03-13T14:33:49","guid":{"rendered":"https:\/\/esreviral.com\/?p=89135"},"modified":"2026-03-13T09:33:50","modified_gmt":"2026-03-13T14:33:50","slug":"aumento-en-el-amba-cuanto-costara-viajar-en-colectivo-desde-el-16-de-marzo","status":"publish","type":"post","link":"https:\/\/esreviral.com\/?p=89135","title":{"rendered":"Aumento en el AMBA: cu\u00e1nto costar\u00e1 viajar en colectivo desde el 16 de marzo"},"content":{"rendered":"\n<p>Las tarifas de los colectivos del \u00c1rea Metropolitana de Buenos Aires (AMBA) aumentar\u00e1n 7,6% este lunes 16 de marzo. Con este ajuste, el boleto m\u00ednimo en las 104 l\u00edneas de jurisdicci\u00f3n nacional pasar\u00e1 a costar $700.<\/p>\n\n\n\n<p>La actualizaci\u00f3n de los cuadros tarifarios corresponde al \u00faltimo tramo del incremento total de 41,46% dispuesto por la Secretar\u00eda de Transporte. El aumento anterior se aplic\u00f3 en febrero, cuando la tarifa m\u00ednima pas\u00f3 de $494,83 a $650.<\/p>\n\n\n\n<p>En tanto, las l\u00edneas que operan en la provincia de Buenos Aires y en la Ciudad de Buenos Aires incrementaron sus tarifas a comienzos de marzo. El alza fue de 4,9% en la provincia y de 5,1% en la capital. Desde el a\u00f1o pasado, las tarifas se actualizan mensualmente seg\u00fan la inflaci\u00f3n, con un 2% adicional sobre la tarifa vigente.<\/p>\n\n\n\n<p>El pr\u00f3ximo ajuste tarifario para las l\u00edneas de ambas jurisdicciones se aplicar\u00e1 el 1 de abril.<\/p>\n\n\n\n<p class=\"has-text-align-center\"><strong><a href=\"https:\/\/chat.whatsapp.com\/KWkTmakY3I05kNdd2oZl6d\"><em>\u00daNETE A NUESTRO GRUPO DE WHATSAPP PARA ESTAR INFORMADO<\/em><\/a><\/strong><\/p>\n\n\n\n<h3 class=\"wp-block-heading\"><strong><mark style=\"background-color:rgba(0, 0, 0, 0)\" class=\"has-inline-color has-vivid-red-color\">Cu\u00e1nto costar\u00e1 viajar desde el 16 de marzo<\/mark><\/strong><\/h3>\n\n\n\n<p>Las l\u00edneas de colectivos del AMBA que dependen del Gobierno nacional aplicar\u00e1n un nuevo ajuste a partir del lunes 16. El cuadro tarifario quedar\u00e1 de la siguiente manera:<\/p>\n\n\n\n<ul class=\"wp-block-list\">\n<li>Boleto m\u00ednimo (entre 0 y 3 kil\u00f3metros): de $650 a $700<\/li>\n\n\n\n<li>Tramo de 3 a 6 km: $779,78<\/li>\n\n\n\n<li>Tramo de 6 a 12 km: $839,86<\/li>\n\n\n\n<li>Viajes de 12 a 27 km: $899,99<\/li>\n\n\n\n<li>Viajes de m\u00e1s de 27 km: $959,71<\/li>\n<\/ul>\n\n\n\n<p><\/p>\n\n\n\n<p>Para quienes utilicen una tarjeta SUBE sin registrar, las tarifas oscilar\u00e1n entre $1113 y $1525,94.<\/p>\n\n\n\n<p>Los incrementos se aplicar\u00e1n en las siguientes l\u00edneas nacionales: 1, 2, 8, 9, 10, 15, 17, 19, 20, 21, 22, 24, 28, 29, 31, 32, 33, 37, 41, 45, 46, 49, 51, 53, 55, 56, 57, 59, 60, 63, 67, 70, 71, 74, 75, 78, 79, 80, 85, 86, 87, 88, 91, 92, 93, 95, 96, 97, 98, 100, 101, 103, 105, 110, 111, 113, 114, 117, 119, 123, 124, 126, 127, 128, 129, 130, 133, 134, 135, 136, 140, 143, 145, 146, 148, 150, 152, 153, 154, 158, 159, 160, 161, 163, 164, 166, 168, 169, 172, 174, 176, 177, 178, 179, 180, 181, 182, 184, 185, 188, 193, 194 y 195.<\/p>\n\n\n\n<h3 class=\"wp-block-heading\"><strong><mark style=\"background-color:rgba(0, 0, 0, 0)\" class=\"has-inline-color has-vivid-red-color\">Diferencias con las tarifas en la provincia y en la ciudad<\/mark><\/strong><\/h3>\n\n\n\n<p>A pesar del aumento en las l\u00edneas de jurisdicci\u00f3n nacional, persiste una diferencia con los cuadros tarifarios de los colectivos que dependen del gobierno de la provincia de Buenos Aires, encabezado por Axel Kicillof, que supera el 18%.<\/p>\n\n\n\n<p>En el caso de las l\u00edneas provinciales, el boleto m\u00ednimo alcanza los $832,57 en marzo, lo que representa una diferencia de 18,93% respecto a las tarifas nacionales.<\/p>\n\n\n\n<p class=\"has-text-align-center\"><em><strong><em><strong><em><strong><em><strong><a href=\"https:\/\/t.me\/esreviral\">\u00daNETE A NUESTRO CANAL DE TELEGRAM PARA ESTAR INFORMADO<\/a><\/strong><\/em><\/strong><\/em><\/strong><\/em><\/strong><\/em><\/p>\n\n\n\n<p>Por su parte, en la Ciudad de Buenos Aires el boleto m\u00ednimo tiene un valor de $681,85. Con el aumento previsto para el 16 de marzo, las tarifas de las 104 l\u00edneas nacionales ser\u00e1n hasta 2,6% m\u00e1s altas que las de los colectivos que circulan exclusivamente dentro del territorio porte\u00f1o.<\/p>\n\n\n\n<p class=\"has-text-align-right\"><strong><em>Con Informaci\u00f3n de TN.-<\/em><\/strong><\/p>\n","protected":false},"excerpt":{"rendered":"<p>El 16 de marzo se implementar\u00e1 el \u00faltimo tramo del aumento establecido por la Secretar\u00eda de Transporte. El alza aplica a las 104 l\u00edneas nacionales que transitan entre CABA y el conurbano bonaerense.<\/p>\n","protected":false},"author":3,"featured_media":87559,"comment_status":"closed","ping_status":"closed","sticky":false,"template":"","format":"standard","meta":{"jnews-multi-image_gallery":[],"jnews_single_post":{"format":"standard"},"jnews_primary_category":[],"jnews_social_meta":[],"jnews_review":[],"enable_review":"","type":"","name":"","summary":"","brand":"","sku":"","good":[],"bad":[],"score_override":"","override_value":"","rating":[],"price":[],"jnews_override_counter":[],"jnews_post_split":[],"footnotes":""},"categories":[58,61],"tags":[204,44,5991,2143,45,2503],"class_list":["post-89135","post","type-post","status-publish","format-standard","has-post-thumbnail","hentry","category-argentina","category-economia","tag-amba","tag-argentina","tag-boleto","tag-colectivos","tag-noticias","tag-transporte"],"amp_enabled":true,"_links":{"self":[{"href":"https:\/\/esreviral.com\/index.php?rest_route=\/wp\/v2\/posts\/89135"}],"collection":[{"href":"https:\/\/esreviral.com\/index.php?rest_route=\/wp\/v2\/posts"}],"about":[{"href":"https:\/\/esreviral.com\/index.php?rest_route=\/wp\/v2\/types\/post"}],"author":[{"embeddable":true,"href":"https:\/\/esreviral.com\/index.php?rest_route=\/wp\/v2\/users\/3"}],"replies":[{"embeddable":true,"href":"https:\/\/esreviral.com\/index.php?rest_route=%2Fwp%2Fv2%2Fcomments&post=89135"}],"version-history":[{"count":1,"href":"https:\/\/esreviral.com\/index.php?rest_route=\/wp\/v2\/posts\/89135\/revisions"}],"predecessor-version":[{"id":89138,"href":"https:\/\/esreviral.com\/index.php?rest_route=\/wp\/v2\/posts\/89135\/revisions\/89138"}],"wp:featuredmedia":[{"embeddable":true,"href":"https:\/\/esreviral.com\/index.php?rest_route=\/wp\/v2\/media\/87559"}],"wp:attachment":[{"href":"https:\/\/esreviral.com\/index.php?rest_route=%2Fwp%2Fv2%2Fmedia&parent=89135"}],"wp:term":[{"taxonomy":"category","embeddable":true,"href":"https:\/\/esreviral.com\/index.php?rest_route=%2Fwp%2Fv2%2Fcategories&post=89135"},{"taxonomy":"post_tag","embeddable":true,"href":"https:\/\/esreviral.com\/index.php?rest_route=%2Fwp%2Fv2%2Ftags&post=89135"}],"curies":[{"name":"wp","href":"https:\/\/api.w.org\/{rel}","templated":true}]}}