{"id":89055,"date":"2026-03-12T08:31:07","date_gmt":"2026-03-12T13:31:07","guid":{"rendered":"https:\/\/esreviral.com\/?p=89055"},"modified":"2026-03-12T08:31:08","modified_gmt":"2026-03-12T13:31:08","slug":"gala-de-los-premios-oscar-incrementara-la-seguridad-tras-una-alerta-sobre-posible-amenaza-de-iran","status":"publish","type":"post","link":"https:\/\/esreviral.com\/?p=89055","title":{"rendered":"Gala de los premios Oscar incrementar\u00e1 la seguridad tras una alerta sobre posible amenaza de Ir\u00e1n"},"content":{"rendered":"\n<p>La organizaci\u00f3n de la gala de los premios Premios \u00d3scar reforz\u00f3 la seguridad de la ceremonia luego de que la Oficina Federal de Investigaciones (FBI) advirtiera a las autoridades de California sobre una presunta amenaza vinculada con Ir\u00e1n.<\/p>\n\n\n\n<p>Seg\u00fan reportes de <em>The Hollywood Reporter<\/em> y <em>Variety<\/em>, la ceremonia de este a\u00f1o contar\u00e1 con un mayor despliegue de vigilancia tras la alerta mencionada por el presidente de Estados Unidos, Donald Trump, el 11 de marzo.<\/p>\n\n\n\n<p class=\"has-text-align-center\"><strong><a href=\"https:\/\/chat.whatsapp.com\/KWkTmakY3I05kNdd2oZl6d\"><em>\u00daNETE A NUESTRO GRUPO DE WHATSAPP PARA ESTAR INFORMADO<\/em><\/a><\/strong><\/p>\n\n\n\n<p>El gobierno estadounidense evalu\u00f3 una amenaza no verificada que advert\u00eda sobre un posible complot iran\u00ed para atacar objetivos en California mediante drones lanzados desde una embarcaci\u00f3n frente a la costa.<\/p>\n\n\n\n<p>Por su parte, el gobernador de California, Gavin Newsom, confirm\u00f3 que funcionarios federales alertaron sobre la situaci\u00f3n, aunque aclar\u00f3 que no existe una amenaza inminente. Un memorando del FBI se\u00f1al\u00f3 que la informaci\u00f3n recibida a\u00fan no ha sido comprobada ni verificada.<\/p>\n\n\n\n<h3 class=\"wp-block-heading\"><strong><mark style=\"background-color:rgba(0, 0, 0, 0)\" class=\"has-inline-color has-vivid-red-color\">Refuerzo de seguridad en la gala<\/mark><\/strong><\/h3>\n\n\n\n<p>Durante una rueda de prensa de la organizaci\u00f3n de los \u00d3scar, los productores ejecutivos de la transmisi\u00f3n, Katy Mullan y Raj Kapoor, anunciaron que la ceremonia contar\u00e1 con mayores medidas de seguridad.<\/p>\n\n\n\n<p>\u201cContamos con el apoyo del FBI y del Departamento de Polic\u00eda de Los \u00c1ngeles, y existe una estrecha colaboraci\u00f3n. Este espect\u00e1culo debe desarrollarse con normalidad, pero queremos que todos los asistentes se sientan seguros, protegidos y bienvenidos\u201d, declar\u00f3 Kapoor el 11 de marzo.<\/p>\n\n\n\n<p>Aunque los productores no comentaron directamente sobre la alerta del FBI, sus declaraciones se produjeron poco despu\u00e9s de que se informara que la agencia federal hab\u00eda advertido a las fuerzas de seguridad de California sobre la posible amenaza.<\/p>\n\n\n\n<p>Fuentes citadas por <em>Variety<\/em> tambi\u00e9n se\u00f1alaron que el despliegue de seguridad en la alfombra roja se increment\u00f3, aunque de forma discreta.<\/p>\n\n\n\n<p>La 98\u00aa edici\u00f3n de los premios \u00d3scar se celebrar\u00e1 el 15 de marzo en el Teatro Dolby de Ovation Hollywood, en una ceremonia presentada por el comediante Conan O\u2019Brien y transmitida en directo por la cadena ABC y en streaming a trav\u00e9s de Hulu.<\/p>\n\n\n\n<h3 class=\"wp-block-heading\"><strong><mark style=\"background-color:rgba(0, 0, 0, 0)\" class=\"has-inline-color has-vivid-red-color\">Detalles de la ceremonia<\/mark><\/strong><\/h3>\n\n\n\n<p>La Academia de las Artes y las Ciencias Cinematogr\u00e1ficas despleg\u00f3 el 11 de marzo la tradicional alfombra roja por la que desfilar\u00e1n las estrellas invitadas.<\/p>\n\n\n\n<p>Conan O\u2019Brien, quien presentar\u00e1 la gala por segundo a\u00f1o consecutivo, particip\u00f3 en la instalaci\u00f3n del tapiz que cubrir\u00e1 parte del Paseo de la Fama de Hollywood para recibir a las figuras m\u00e1s destacadas del cine.<\/p>\n\n\n\n<p>\u201cEste a\u00f1o seremos m\u00e1s ambiciosos. El a\u00f1o pasado hubo muchas dificultades por los incendios, pero ahora se esperan cambios m\u00e1s grandes y algunas sorpresas\u201d, se\u00f1al\u00f3 O\u2019Brien ante la prensa.<\/p>\n\n\n\n<p>El presentador tambi\u00e9n adelant\u00f3 que se realizar\u00e1 el tradicional segmento <strong>In Memoriam<\/strong>, dedicado a las figuras de Hollywood fallecidas en el \u00faltimo a\u00f1o.<\/p>\n\n\n\n<p>La ceremonia contar\u00e1 con la participaci\u00f3n de estrellas como Robert Downey Jr., Anne Hathaway, Paul Mescal, Javier Bardem, Chris Evans y Demi Moore, entre otros invitados.<\/p>\n\n\n\n<p class=\"has-text-align-center\"><em><strong><em><strong><em><strong><em><strong><a href=\"https:\/\/t.me\/esreviral\">\u00daNETE A NUESTRO CANAL DE TELEGRAM PARA ESTAR INFORMADO<\/a><\/strong><\/em><\/strong><\/em><\/strong><\/em><\/strong><\/em><\/p>\n\n\n\n<p>Adem\u00e1s, la gala incluir\u00e1 actuaciones inspiradas en dos de las pel\u00edculas m\u00e1s populares de la temporada: K\u2011Pop Demon Hunters y Sinners.<\/p>\n\n\n\n<p>Esta edici\u00f3n tambi\u00e9n tendr\u00e1 una marcada presencia internacional con producciones como la espa\u00f1ola Sirat, dirigida por Oliver Laxe, y la brasile\u00f1a El agente secreto, nominada en tres categor\u00edas.<\/p>\n\n\n\n<p class=\"has-text-align-right\"><strong><em>Con Informaci\u00f3n de ElDiario.-<\/em><\/strong><\/p>\n","protected":false},"excerpt":{"rendered":"<p>La informaci\u00f3n sobre un presunto ataque no ha sido verificada por las agencias de seguridad estadounidenses<\/p>\n","protected":false},"author":3,"featured_media":89056,"comment_status":"closed","ping_status":"closed","sticky":false,"template":"","format":"standard","meta":{"jnews-multi-image_gallery":[],"jnews_single_post":{"format":"standard"},"jnews_primary_category":[],"jnews_social_meta":[],"jnews_review":[],"enable_review":"","type":"","name":"","summary":"","brand":"","sku":"","good":[],"bad":[],"score_override":"","override_value":"","rating":[],"price":[],"jnews_override_counter":[],"jnews_post_split":[],"footnotes":""},"categories":[50],"tags":[1933,40727,16016,136,2969,3446,45,753,175],"class_list":["post-89055","post","type-post","status-publish","format-standard","has-post-thumbnail","hentry","category-entretenimiento","tag-ataque","tag-bi","tag-ee-uu","tag-estados-unidos","tag-fbi","tag-gala","tag-noticias","tag-premios-oscar","tag-seguridad"],"_links":{"self":[{"href":"https:\/\/esreviral.com\/index.php?rest_route=\/wp\/v2\/posts\/89055","targetHints":{"allow":["GET"]}}],"collection":[{"href":"https:\/\/esreviral.com\/index.php?rest_route=\/wp\/v2\/posts"}],"about":[{"href":"https:\/\/esreviral.com\/index.php?rest_route=\/wp\/v2\/types\/post"}],"author":[{"embeddable":true,"href":"https:\/\/esreviral.com\/index.php?rest_route=\/wp\/v2\/users\/3"}],"replies":[{"embeddable":true,"href":"https:\/\/esreviral.com\/index.php?rest_route=%2Fwp%2Fv2%2Fcomments&post=89055"}],"version-history":[{"count":1,"href":"https:\/\/esreviral.com\/index.php?rest_route=\/wp\/v2\/posts\/89055\/revisions"}],"predecessor-version":[{"id":89057,"href":"https:\/\/esreviral.com\/index.php?rest_route=\/wp\/v2\/posts\/89055\/revisions\/89057"}],"wp:featuredmedia":[{"embeddable":true,"href":"https:\/\/esreviral.com\/index.php?rest_route=\/wp\/v2\/media\/89056"}],"wp:attachment":[{"href":"https:\/\/esreviral.com\/index.php?rest_route=%2Fwp%2Fv2%2Fmedia&parent=89055"}],"wp:term":[{"taxonomy":"category","embeddable":true,"href":"https:\/\/esreviral.com\/index.php?rest_route=%2Fwp%2Fv2%2Fcategories&post=89055"},{"taxonomy":"post_tag","embeddable":true,"href":"https:\/\/esreviral.com\/index.php?rest_route=%2Fwp%2Fv2%2Ftags&post=89055"}],"curies":[{"name":"wp","href":"https:\/\/api.w.org\/{rel}","templated":true}]}}