{"id":89034,"date":"2026-03-11T11:20:26","date_gmt":"2026-03-11T16:20:26","guid":{"rendered":"https:\/\/esreviral.com\/?p=89034"},"modified":"2026-03-11T11:21:27","modified_gmt":"2026-03-11T16:21:27","slug":"politicas-homenajearon-a-maria-corina-machado-en-el-congreso-argentino","status":"publish","type":"post","link":"https:\/\/esreviral.com\/?p=89034","title":{"rendered":"Pol\u00edticas homenajearon a Mar\u00eda Corina Machado en el Congreso argentino"},"content":{"rendered":"\n<p>El Encuentro de Mujeres por la Libertad, realizado en el Congreso de la Naci\u00f3n Argentina, rindi\u00f3 homenaje a la l\u00edder democr\u00e1tica venezolana Mar\u00eda Corina Machado, reconocida como una de las principales figuras de la resistencia frente a los gobiernos de Hugo Ch\u00e1vez y Nicol\u00e1s Maduro.<\/p>\n\n\n\n<p class=\"has-text-align-center\"><strong><a href=\"https:\/\/chat.whatsapp.com\/KWkTmakY3I05kNdd2oZl6d\"><em>\u00daNETE A NUESTRO GRUPO DE WHATSAPP PARA ESTAR INFORMADO<\/em><\/a><\/strong><\/p>\n\n\n\n<p>Durante la jornada se proyect\u00f3 un video que recorri\u00f3 su trayectoria pol\u00edtica y mostr\u00f3 im\u00e1genes de las protestas ciudadanas, la represi\u00f3n en Venezuela y la resistencia de millones de venezolanos frente al r\u00e9gimen. El material audiovisual destac\u00f3 su liderazgo como una de las principales voces de la oposici\u00f3n democr\u00e1tica y s\u00edmbolo de la resistencia venezolana.<\/p>\n\n\n\n<p>El evento tambi\u00e9n incluy\u00f3 un mensaje especial de Mar\u00eda Corina Machado, quien a trav\u00e9s de un video agradeci\u00f3 el homenaje realizado en el Congreso argentino y reconoci\u00f3 el papel de las mujeres en la defensa de la libertad y la democracia.<\/p>\n\n\n\n<p>En su intervenci\u00f3n destac\u00f3 especialmente el papel de las madres venezolanas, a quienes atribuy\u00f3 haber mantenido viva la llama de la libertad en el pa\u00eds durante d\u00e9cadas de crisis y represi\u00f3n.<\/p>\n\n\n\n<p>Machado record\u00f3 que durante a\u00f1os esas madres no solo lucharon en las calles, sino que tambi\u00e9n sacaron adelante a sus hijos en medio de la escasez, la ruina de los salarios y una de las peores hiperinflaciones registradas en el hemisferio.<\/p>\n\n\n\n<p>\u201cSon precisamente esas madres quienes hicieron posible que una generaci\u00f3n entera de j\u00f3venes, que no ha conocido otra cosa que esta tiran\u00eda, hoy est\u00e9 liderando el esfuerzo para que todos podamos vivir en libertad\u201d, expres\u00f3.<\/p>\n\n\n\n<p>El evento fue organizado por Vente Venezuela en Argentina y LOLA Argentina y reuni\u00f3 a una nutrida audiencia en el Congreso, adem\u00e1s de la participaci\u00f3n de mujeres venezolanas desde C\u00f3rdoba, que siguieron la actividad a trav\u00e9s de una transmisi\u00f3n especial. \ufffc<\/p>\n\n\n\n<p>Entre las participantes estuvieron Adriana Flores M\u00e1rquez, coordinadora de Vente Venezuela en Argentina; Silvana Giudici, diputada de la Naci\u00f3n Argentina; Patricia Bullrich, senadora de la Naci\u00f3n; Roc\u00edo G\u00f3mez, coordinadora nacional de Juventud de La Libertad Avanza; y Mar\u00eda Oropeza, coordinadora estatal de Vente Venezuela en Portuguesa.<\/p>\n\n\n\n<p class=\"has-text-align-center\"><em><strong><em><strong><em><strong><em><strong><a href=\"https:\/\/t.me\/esreviral\">\u00daNETE A NUESTRO CANAL DE TELEGRAM PARA ESTAR INFORMADO<\/a><\/strong><\/em><\/strong><\/em><\/strong><\/em><\/strong><\/em><\/p>\n\n\n\n<p>El encuentro concluy\u00f3 con un mensaje de unidad y determinaci\u00f3n, reafirmando el compromiso de la comunidad venezolana y de los sectores democr\u00e1ticos de Argentina para continuar la lucha por la libertad,hasta el final.<\/p>\n\n\n\n<p class=\"has-text-align-right\"><strong><em>Prensa.-<\/em><\/strong><\/p>\n","protected":false},"excerpt":{"rendered":"<p>El Encuentro de Mujeres por la Libertad, realizado en el Congreso de la Naci\u00f3n Argentina, rindi\u00f3 homenaje a la l\u00edder democr\u00e1tica venezolana Mar\u00eda Corina Machado, reconocida como una de las principales figuras de la resistencia frente a los gobiernos de Hugo Ch\u00e1vez y Nicol\u00e1s Maduro. \u00daNETE A NUESTRO GRUPO DE WHATSAPP PARA ESTAR INFORMADO Durante [&hellip;]<\/p>\n","protected":false},"author":3,"featured_media":89035,"comment_status":"closed","ping_status":"closed","sticky":false,"template":"","format":"standard","meta":{"jnews-multi-image_gallery":[],"jnews_single_post":{"format":"standard"},"jnews_primary_category":[],"jnews_social_meta":[],"jnews_review":[],"enable_review":"","type":"","name":"","summary":"","brand":"","sku":"","good":[],"bad":[],"score_override":"","override_value":"","rating":[],"price":[],"jnews_override_counter":[],"jnews_post_split":[],"footnotes":""},"categories":[43,59,5892],"tags":[45,67],"class_list":["post-89034","post","type-post","status-publish","format-standard","has-post-thumbnail","hentry","category-actualidad","category-politica","category-venezolanos-en-argentina","tag-noticias","tag-venezolanos-en-argentina"],"amp_enabled":true,"_links":{"self":[{"href":"https:\/\/esreviral.com\/index.php?rest_route=\/wp\/v2\/posts\/89034"}],"collection":[{"href":"https:\/\/esreviral.com\/index.php?rest_route=\/wp\/v2\/posts"}],"about":[{"href":"https:\/\/esreviral.com\/index.php?rest_route=\/wp\/v2\/types\/post"}],"author":[{"embeddable":true,"href":"https:\/\/esreviral.com\/index.php?rest_route=\/wp\/v2\/users\/3"}],"replies":[{"embeddable":true,"href":"https:\/\/esreviral.com\/index.php?rest_route=%2Fwp%2Fv2%2Fcomments&post=89034"}],"version-history":[{"count":1,"href":"https:\/\/esreviral.com\/index.php?rest_route=\/wp\/v2\/posts\/89034\/revisions"}],"predecessor-version":[{"id":89036,"href":"https:\/\/esreviral.com\/index.php?rest_route=\/wp\/v2\/posts\/89034\/revisions\/89036"}],"wp:featuredmedia":[{"embeddable":true,"href":"https:\/\/esreviral.com\/index.php?rest_route=\/wp\/v2\/media\/89035"}],"wp:attachment":[{"href":"https:\/\/esreviral.com\/index.php?rest_route=%2Fwp%2Fv2%2Fmedia&parent=89034"}],"wp:term":[{"taxonomy":"category","embeddable":true,"href":"https:\/\/esreviral.com\/index.php?rest_route=%2Fwp%2Fv2%2Fcategories&post=89034"},{"taxonomy":"post_tag","embeddable":true,"href":"https:\/\/esreviral.com\/index.php?rest_route=%2Fwp%2Fv2%2Ftags&post=89034"}],"curies":[{"name":"wp","href":"https:\/\/api.w.org\/{rel}","templated":true}]}}