{"id":89026,"date":"2026-03-11T07:55:35","date_gmt":"2026-03-11T12:55:35","guid":{"rendered":"https:\/\/esreviral.com\/?p=89026"},"modified":"2026-03-11T11:38:30","modified_gmt":"2026-03-11T16:38:30","slug":"kast-asume-la-presidencia-de-chile-con-la-promesa-de-deportar-a-340-000-migrantes","status":"publish","type":"post","link":"https:\/\/esreviral.com\/?p=89026","title":{"rendered":"Kast asume la presidencia de Chile con la promesa de deportar a 340.000 migrantes"},"content":{"rendered":"\n<p>El l\u00edder de ultraderecha <strong>Jos\u00e9 Antonio Kast<\/strong> asume este mi\u00e9rcoles la presidencia de Chile con la promesa de impulsar un gobierno \u201cde emergencia\u201d enfocado en la seguridad y en una estricta pol\u00edtica migratoria, que incluye un amplio plan de deportaciones.<\/p>\n\n\n\n<p>El presidente saliente, <strong>Gabriel Boric<\/strong>, entregar\u00e1 la banda presidencial a <strong>Jos\u00e9 Antonio Kast<\/strong> ante un n\u00famero r\u00e9cord de invitados nacionales e internacionales en el Congreso Nacional. Entre los asistentes figuran los presidentes de Argentina, Bolivia y Ecuador, as\u00ed como la l\u00edder opositora venezolana <strong>Mar\u00eda Corina Machado<\/strong>.<\/p>\n\n\n\n<p>Entre las ausencias destacan el secretario de Estado de Estados Unidos, <strong>Marco Rubio<\/strong>, y el presidente de El Salvador, <strong>Nayib Bukele<\/strong>.<\/p>\n\n\n\n<p class=\"has-text-align-center\"><strong><a href=\"https:\/\/chat.whatsapp.com\/KWkTmakY3I05kNdd2oZl6d\"><em>\u00daNETE A NUESTRO GRUPO DE WHATSAPP PARA ESTAR INFORMADO<\/em><\/a><\/strong><\/p>\n\n\n\n<h3 class=\"wp-block-heading\"><strong><mark style=\"background-color:rgba(0, 0, 0, 0)\" class=\"has-inline-color has-vivid-red-color\">Lula, ausente<\/mark><\/strong><\/h3>\n\n\n\n<p>Tambi\u00e9n estaba prevista la visita del presidente de Brasil, <strong>Luiz In\u00e1cio Lula da Silva<\/strong>, quien anunci\u00f3 a \u00faltima hora que no asistir\u00eda debido a \u201cproblemas de agenda\u201d. No obstante, la prensa brasile\u00f1a se\u00f1ala que su ausencia estar\u00eda vinculada con la presencia confirmada del senador <strong>Fl\u00e1vio Bolsonaro<\/strong>, hijo del expresidente <strong>Jair Bolsonaro<\/strong>.<\/p>\n\n\n\n<p>Para llegar a la presidencia, Kast obtuvo el respaldo de una parte importante del electorado al prometer enfrentar de manera directa la criminalidad y deportar a cerca de 340.000 migrantes irregulares, en su mayor\u00eda venezolanos. \u201cEste gobierno gener\u00f3 caos, desorden e inseguridad, y nosotros vamos a ir en sentido contrario\u201d, afirm\u00f3 durante la campa\u00f1a.<\/p>\n\n\n\n<p>En la opini\u00f3n p\u00fablica predomina la percepci\u00f3n de que Chile es un \u201cpa\u00eds tomado por el crimen\u201d debido al aumento de delitos en los \u00faltimos a\u00f1os, aunque las cifras siguen siendo inferiores a las de otros pa\u00edses sudamericanos.<\/p>\n\n\n\n<p>Kast fue elegido en medio de un avance de posiciones conservadoras en Am\u00e9rica Latina y tras el segundo triunfo electoral de <strong>Donald Trump<\/strong> en Estados Unidos.<\/p>\n\n\n\n<h3 class=\"wp-block-heading\"><strong><mark style=\"background-color:rgba(0, 0, 0, 0)\" class=\"has-inline-color has-vivid-red-color\">Diferencias en pol\u00edtica exterior<\/mark><\/strong><\/h3>\n\n\n\n<p>La \u00faltima semana estuvo marcada por las diferencias entre Boric y Kast respecto a la pol\u00edtica exterior, especialmente por un proyecto de inversi\u00f3n china para la construcci\u00f3n de un cable de fibra \u00f3ptica entre Hong Kong y la regi\u00f3n de Valpara\u00edso. El gobierno de Estados Unidos observa con recelo la iniciativa, lo que ha generado tensiones en la relaci\u00f3n con Santiago.<\/p>\n\n\n\n<p>Sin embargo, ambos mandatarios acordaron dejar de lado las fricciones y retomar el di\u00e1logo, con el objetivo de mantener un clima institucional adecuado durante la ceremonia de traspaso de mando.<\/p>\n\n\n\n<h3 class=\"wp-block-heading\"><strong><mark style=\"background-color:rgba(0, 0, 0, 0)\" class=\"has-inline-color has-vivid-red-color\">Kast renuncia a su partido<\/mark><\/strong><\/h3>\n\n\n\n<p>Siguiendo el ejemplo de otros dos presidentes chilenos, <strong>Patricio Aylwin<\/strong> y <strong>Sebasti\u00e1n Pi\u00f1era<\/strong>, Kast renunci\u00f3 al <strong>Partido Republicano de Chile<\/strong>, organizaci\u00f3n que \u00e9l mismo fund\u00f3 en 2019, con el objetivo de transmitir el mensaje de que gobernar\u00e1 para todos los chilenos.<\/p>\n\n\n\n<p>El mandatario difundi\u00f3 la carta de renuncia enviada al Servicio Electoral, lo que pone fin a siete a\u00f1os de militancia.<\/p>\n\n\n\n<p>Este gesto no es habitual entre los presidentes del pa\u00eds. Aylwin dej\u00f3 la <strong>Democracia Cristiana de Chile<\/strong> en 1990 y Pi\u00f1era renunci\u00f3 a <strong>Renovaci\u00f3n Nacional (Chile)<\/strong> en 2010. En cambio, <strong>Eduardo Frei Ruiz-Tagle<\/strong>, <strong>Ricardo Lagos<\/strong>, <strong>Michelle Bachelet<\/strong> y Boric permanecieron en sus partidos durante sus mandatos.<\/p>\n\n\n\n<h3 class=\"wp-block-heading\"><strong><mark style=\"background-color:rgba(0, 0, 0, 0)\" class=\"has-inline-color has-vivid-red-color\">Qui\u00e9n es Jos\u00e9 Antonio Kast<\/mark><\/strong><\/h3>\n\n\n\n<p>Con 60 a\u00f1os y padre de nueve hijos, Kast es un abogado ultraconservador que rechaza el aborto incluso en casos de violaci\u00f3n, la p\u00edldora anticonceptiva de emergencia, el divorcio, el matrimonio entre personas del mismo sexo y la eutanasia.<\/p>\n\n\n\n<p>Lleva tres d\u00e9cadas en la pol\u00edtica chilena y, a diferencia de otros l\u00edderes radicales como Bolsonaro o el presidente argentino <strong>Javier Milei<\/strong>, mantiene un estilo m\u00e1s sobrio.<\/p>\n\n\n\n<p>\u201cEs mucho m\u00e1s conservador como figura pol\u00edtica y no posee una personalidad especialmente carism\u00e1tica\u201d, se\u00f1al\u00f3 a la AFP <strong>Robert Funk<\/strong>, profesor de ciencia pol\u00edtica de la Universidad de Chile.<\/p>\n\n\n\n<p class=\"has-text-align-center\"><em><strong><em><strong><em><strong><em><strong><a href=\"https:\/\/t.me\/esreviral\">\u00daNETE A NUESTRO CANAL DE TELEGRAM PARA ESTAR INFORMADO<\/a><\/strong><\/em><\/strong><\/em><\/strong><\/em><\/strong><\/em><\/p>\n\n\n\n<p class=\"has-text-align-center\"><strong><em><mark style=\"background-color:rgba(0, 0, 0, 0)\" class=\"has-inline-color has-vivid-red-color\"><a href=\"https:\/\/esreviral.com\/?p=89038\" data-type=\"link\" data-id=\"https:\/\/esreviral.com\/?p=89038\">Lea Tambi\u00e9n: +VIDEO: Jos\u00e9 Antonio Kast asumi\u00f3 la Presidencia de Chile<\/a><\/mark><\/em><\/strong><\/p>\n\n\n\n<p>Durante su etapa como diputado impuls\u00f3 iniciativas como leyes para instalar estatuas conmemorativas, permitir la venta de lentes para presbicia sin receta m\u00e9dica y regular las loter\u00edas.<\/p>\n\n\n\n<p>Admirador del r\u00e9gimen que encabez\u00f3 <strong>Augusto Pinochet<\/strong> entre 1973 y 1990, Kast consolid\u00f3 apoyo electoral con su promesa de enfrentar con firmeza la criminalidad y deportar a cerca de 340.000 migrantes irregulares.<\/p>\n\n\n\n<p class=\"has-text-align-right\"><strong><em>Con Informaci\u00f3n de Clarin.-<\/em><\/strong><\/p>\n","protected":false},"excerpt":{"rendered":"<p>El ultraderechista jura este mi\u00e9rcoles con un gobierno \u00abde emergencia\u00bb centrado en la seguridad y en una estricta pol\u00edtica migratoria.<br \/>\nBoric, entregar\u00e1 la banda presidencial a Kast ante un r\u00e9cord de invitados nacionales e internacionales, entre ellos Javier Milei.<\/p>\n","protected":false},"author":3,"featured_media":85033,"comment_status":"closed","ping_status":"closed","sticky":false,"template":"","format":"standard","meta":{"jnews-multi-image_gallery":[],"jnews_single_post":{"format":"standard"},"jnews_primary_category":[],"jnews_social_meta":[],"jnews_review":[],"enable_review":"","type":"","name":"","summary":"","brand":"","sku":"","good":[],"bad":[],"score_override":"","override_value":"","rating":[],"price":[],"jnews_override_counter":[],"jnews_post_split":[],"footnotes":""},"categories":[88,59],"tags":[386,37600,4573,45,739],"class_list":["post-89026","post","type-post","status-publish","format-standard","has-post-thumbnail","hentry","category-internacionales","category-politica","tag-chile","tag-jose-antonio-kast","tag-migracion","tag-noticias","tag-venezolanos-en-chile"],"amp_enabled":true,"_links":{"self":[{"href":"https:\/\/esreviral.com\/index.php?rest_route=\/wp\/v2\/posts\/89026"}],"collection":[{"href":"https:\/\/esreviral.com\/index.php?rest_route=\/wp\/v2\/posts"}],"about":[{"href":"https:\/\/esreviral.com\/index.php?rest_route=\/wp\/v2\/types\/post"}],"author":[{"embeddable":true,"href":"https:\/\/esreviral.com\/index.php?rest_route=\/wp\/v2\/users\/3"}],"replies":[{"embeddable":true,"href":"https:\/\/esreviral.com\/index.php?rest_route=%2Fwp%2Fv2%2Fcomments&post=89026"}],"version-history":[{"count":2,"href":"https:\/\/esreviral.com\/index.php?rest_route=\/wp\/v2\/posts\/89026\/revisions"}],"predecessor-version":[{"id":89041,"href":"https:\/\/esreviral.com\/index.php?rest_route=\/wp\/v2\/posts\/89026\/revisions\/89041"}],"wp:featuredmedia":[{"embeddable":true,"href":"https:\/\/esreviral.com\/index.php?rest_route=\/wp\/v2\/media\/85033"}],"wp:attachment":[{"href":"https:\/\/esreviral.com\/index.php?rest_route=%2Fwp%2Fv2%2Fmedia&parent=89026"}],"wp:term":[{"taxonomy":"category","embeddable":true,"href":"https:\/\/esreviral.com\/index.php?rest_route=%2Fwp%2Fv2%2Fcategories&post=89026"},{"taxonomy":"post_tag","embeddable":true,"href":"https:\/\/esreviral.com\/index.php?rest_route=%2Fwp%2Fv2%2Ftags&post=89026"}],"curies":[{"name":"wp","href":"https:\/\/api.w.org\/{rel}","templated":true}]}}