{"id":88985,"date":"2026-03-10T08:16:41","date_gmt":"2026-03-10T13:16:41","guid":{"rendered":"https:\/\/esreviral.com\/?p=88985"},"modified":"2026-03-10T08:39:19","modified_gmt":"2026-03-10T13:39:19","slug":"presentan-proyecto-para-crear-la-asociacion-de-venezolanos-en-mar-del-plata","status":"publish","type":"post","link":"https:\/\/esreviral.com\/?p=88985","title":{"rendered":"Presentan proyecto para crear la Asociaci\u00f3n de Venezolanos en Mar del Plata"},"content":{"rendered":"\n<p>El intendente <strong>Agust\u00edn Neme<\/strong> recibi\u00f3 este lunes en su despacho a representantes de la comunidad venezolana residente en Mar del Plata, quienes presentaron el proyecto de creaci\u00f3n y consolidaci\u00f3n de la <strong>Asociaci\u00f3n de Venezolanos<\/strong> en el partido de <strong>General Pueyrredon<\/strong>.<\/p>\n\n\n\n<p class=\"has-text-align-center\"><strong><a href=\"https:\/\/chat.whatsapp.com\/KWkTmakY3I05kNdd2oZl6d\"><em>\u00daNETE A NUESTRO GRUPO DE WHATSAPP PARA ESTAR INFORMADO<\/em><\/a><\/strong><\/p>\n\n\n\n<p>El encuentro tuvo como objetivo dar a conocer la iniciativa y avanzar en la construcci\u00f3n de un espacio de encuentro para los ciudadanos nacidos en Venezuela que viven en la ciudad y sus alrededores.<\/p>\n\n\n\n<p>De la reuni\u00f3n participaron, entre otros, <strong>Elizabeth D\u00edaz<\/strong>, <strong>Daniela Vall\u00e9s<\/strong> y <strong>Jos\u00e9 Parada<\/strong>, quienes destacaron que la propuesta busca fortalecer los v\u00ednculos dentro de la comunidad y promover la difusi\u00f3n de la cultura venezolana.<\/p>\n\n\n<div class=\"wp-block-image\">\n<figure class=\"aligncenter size-large\"><img decoding=\"async\" src=\"https:\/\/i0.wp.com\/mi8.com.ar\/wp-content\/uploads\/2026\/03\/WhatsApp-Image-2026-03-09-at-19.18.37-1.jpeg?resize=696%2C464&amp;ssl=1\" alt=\"\"\/><\/figure><\/div>\n\n\n<p><\/p>\n\n\n\n<p>\u201cLa idea no es solamente reunirnos, sino tambi\u00e9n generar actividades que permitan difundir nuestra cultura, mostrar nuestros valores y compartir lo que hacemos d\u00eda a d\u00eda\u201d, expres\u00f3 Parada. Adem\u00e1s, se\u00f1al\u00f3 que la asociaci\u00f3n aspira a convertirse en un espacio que represente y promueva las tradiciones venezolanas en la ciudad.<\/p>\n\n\n\n<p>Por su parte, D\u00edaz calific\u00f3 el encuentro con el jefe comunal como \u201cun gran paso\u201d para avanzar en la consolidaci\u00f3n de la organizaci\u00f3n. \u201cQueremos que todos los venezolanos que viven en Mar del Plata y en zonas cercanas puedan conocernos, integrarse y participar. La idea es construir un espacio com\u00fan, un pedacito de Venezuela en esta ciudad\u201d, afirm\u00f3.<\/p>\n\n\n\n<p>Desde el municipio manifestaron su disposici\u00f3n a acompa\u00f1ar la iniciativa y a facilitar las condiciones necesarias para la conformaci\u00f3n formal de la asociaci\u00f3n, que busca reunir a los ciudadanos venezolanos radicados en Mar del Plata y sus alrededores con el objetivo de impulsar actividades culturales, sociales y de integraci\u00f3n.<\/p>\n\n\n\n<p class=\"has-text-align-center\"><em><strong><em><strong><em><strong><em><strong><a href=\"https:\/\/t.me\/esreviral\">\u00daNETE A NUESTRO CANAL DE TELEGRAM PARA ESTAR INFORMADO<\/a><\/strong><\/em><\/strong><\/em><\/strong><\/em><\/strong><\/em><\/p>\n\n\n\n<p>La comunidad venezolana ha crecido de manera significativa en los \u00faltimos a\u00f1os en Argentina, y especialmente en distintas ciudades de la provincia de Buenos Aires, donde numerosas familias se han establecido en busca de nuevas oportunidades.<\/p>\n\n\n\n<p class=\"has-text-align-right\"><strong><em>Con Informaci\u00f3n de mi8.com.ar.-<\/em><\/strong><\/p>\n","protected":false},"excerpt":{"rendered":"<p>Un grupo de venezolanos que encontraron en la ciudad su nuevo hogar hablaron con el intendente para generar actividades de difusi\u00f3n de la cultura de su pa\u00eds.<\/p>\n","protected":false},"author":3,"featured_media":88986,"comment_status":"closed","ping_status":"closed","sticky":false,"template":"","format":"standard","meta":{"jnews-multi-image_gallery":[],"jnews_single_post":{"format":"standard"},"jnews_primary_category":[],"jnews_social_meta":[],"jnews_review":[],"enable_review":"","type":"","name":"","summary":"","brand":"","sku":"","good":[],"bad":[],"score_override":"","override_value":"","rating":[],"price":[],"jnews_override_counter":[],"jnews_post_split":[],"footnotes":""},"categories":[54,59,5892],"tags":[44,35155,40676,1043,45,67],"class_list":["post-88985","post","type-post","status-publish","format-standard","has-post-thumbnail","hentry","category-inmigracion","category-politica","category-venezolanos-en-argentina","tag-argentina","tag-asociacion-de-venezolanos","tag-asociacion-de-venezolanos-residentes-en-mar-del-plata","tag-mar-del-plata","tag-noticias","tag-venezolanos-en-argentina"],"amp_enabled":true,"_links":{"self":[{"href":"https:\/\/esreviral.com\/index.php?rest_route=\/wp\/v2\/posts\/88985"}],"collection":[{"href":"https:\/\/esreviral.com\/index.php?rest_route=\/wp\/v2\/posts"}],"about":[{"href":"https:\/\/esreviral.com\/index.php?rest_route=\/wp\/v2\/types\/post"}],"author":[{"embeddable":true,"href":"https:\/\/esreviral.com\/index.php?rest_route=\/wp\/v2\/users\/3"}],"replies":[{"embeddable":true,"href":"https:\/\/esreviral.com\/index.php?rest_route=%2Fwp%2Fv2%2Fcomments&post=88985"}],"version-history":[{"count":1,"href":"https:\/\/esreviral.com\/index.php?rest_route=\/wp\/v2\/posts\/88985\/revisions"}],"predecessor-version":[{"id":88987,"href":"https:\/\/esreviral.com\/index.php?rest_route=\/wp\/v2\/posts\/88985\/revisions\/88987"}],"wp:featuredmedia":[{"embeddable":true,"href":"https:\/\/esreviral.com\/index.php?rest_route=\/wp\/v2\/media\/88986"}],"wp:attachment":[{"href":"https:\/\/esreviral.com\/index.php?rest_route=%2Fwp%2Fv2%2Fmedia&parent=88985"}],"wp:term":[{"taxonomy":"category","embeddable":true,"href":"https:\/\/esreviral.com\/index.php?rest_route=%2Fwp%2Fv2%2Fcategories&post=88985"},{"taxonomy":"post_tag","embeddable":true,"href":"https:\/\/esreviral.com\/index.php?rest_route=%2Fwp%2Fv2%2Ftags&post=88985"}],"curies":[{"name":"wp","href":"https:\/\/api.w.org\/{rel}","templated":true}]}}