{"id":88949,"date":"2026-03-09T08:44:18","date_gmt":"2026-03-09T13:44:18","guid":{"rendered":"https:\/\/esreviral.com\/?p=88949"},"modified":"2026-03-09T08:44:19","modified_gmt":"2026-03-09T13:44:19","slug":"familia-de-abogado-argentino-detenido-en-venezuela-pide-intervencion-de-ee-uu","status":"publish","type":"post","link":"https:\/\/esreviral.com\/?p=88949","title":{"rendered":"Familia de abogado argentino detenido en Venezuela pide intervenci\u00f3n de EE. UU."},"content":{"rendered":"\n<p>En un emotivo video difundido este domingo con motivo del D\u00eda de la Mujer, la madre, esposa y hermanas del abogado argentino Germ\u00e1n Dar\u00edo Giuliani, detenido arbitrariamente en Venezuela desde hace 290 d\u00eda, hicieron un llamado directo a la encargada de negocios de Estados Unidos en Caracas, la embajadora Laura Dogu, para que interceda y contribuya a lograr su liberaci\u00f3n.<\/p>\n\n\n\n<p class=\"has-text-align-center\"><strong><a href=\"https:\/\/chat.whatsapp.com\/KWkTmakY3I05kNdd2oZl6d\"><em>\u00daNETE A NUESTRO GRUPO DE WHATSAPP PARA ESTAR INFORMADO<\/em><\/a><\/strong><\/p>\n\n\n\n<p>En el video, la madre de Giuliani, Adriana Palavecino, abri\u00f3 el mensaje con un ruego directo: \u201cMi hijo lleva 290 d\u00edas secuestrado injustamente. Le pido, embajadora Laura Dogu, que escuche nuestro dolor. Ay\u00fadenos a traerlo de vuelta a casa\u201d.<\/p>\n\n\n\n<p>La esposa del abogado, Virginia Rivero, expres\u00f3 la angustia diaria que vive la familia: \u201cMi marido es inocente. Como mujer, le ruego que intervenga. Mi familia necesita que Germ\u00e1n vuelva\u201d.<\/p>\n\n\n\n<p>Las hermanas del abogado tambi\u00e9n elevaron su voz. Karina Giuliani afirm\u00f3 que la injusticia que sufre su hermano las atraviesa a todas: \u201cEste 8 de marzo no puedo celebrar. Le pedimos, se\u00f1ora Dogu, que nos ayude\u201d.<\/p>\n\n\n\n<p>Vanesa Giuliani destac\u00f3 que Germ\u00e1n \u201ces un hombre bueno, acusado de delitos que no cometi\u00f3\u201d, mientras que Lorena Giuliani record\u00f3 que \u201chan pasado 290 d\u00edas de angustia\u201d y pidi\u00f3 la mediaci\u00f3n de la diplom\u00e1tica estadounidense.<\/p>\n\n\n\n<p>Luciana Giuliani se\u00f1al\u00f3 que cada d\u00eda sin \u00e9l \u201ces una tristeza para toda la familia\u201d, y Melisa Giuliani, la menor, clam\u00f3: \u201cEn este D\u00eda de la Mujer, le hablo de mujer a mujer. Por favor, ayude a que mi hermano vuelva a casa\u201d.<\/p>\n\n\n\n<p>Giuliani, especialista en derecho penal laboral, fue detenido el 22 de mayo de 2025 por fuerzas de seguridad del Estado venezolano. Tras su arresto, permaneci\u00f3 12 d\u00edas desaparecido, sin informaci\u00f3n oficial sobre su paradero. Actualmente est\u00e1 recluido en elInternado Judicial Yare II, acusado de cargos falsos y sin que se permita su derecho a la defensa.<\/p>\n\n\n\n<p>Es el \u00faltimo preso pol\u00edtico argentino que a\u00fan permanece en c\u00e1rceles venezolanas, tras la liberaci\u00f3n de Nahuel Gallo, Gustavo Rivara, Roberto Baldo y Yaacob Harary. ONG como Foro Penal han denunciado que los detenidos extranjeros suelen ser tratados como \u201cfichas de canje\u201d en negociaciones pol\u00edticas.<\/p>\n\n\n\n<p class=\"has-text-align-center\"><em><strong><em><strong><em><strong><em><strong><a href=\"https:\/\/t.me\/esreviral\">\u00daNETE A NUESTRO CANAL DE TELEGRAM PARA ESTAR INFORMADO<\/a><\/strong><\/em><\/strong><\/em><\/strong><\/em><\/strong><\/em><\/p>\n\n\n\n<p>La familia insisti\u00f3 en que no dejar\u00e1 de exigir su libertad y pidi\u00f3 a la comunidad internacional mantener la presi\u00f3n para evitar que el caso quede en el olvido.<\/p>\n\n\n\n<p class=\"has-text-align-right\"><strong><em>Prensa.-<\/em><\/strong><\/p>\n\n\n\n<p><\/p>\n","protected":false},"excerpt":{"rendered":"<p>Su madre, esposa y hermanas difundieron un video en el que reclaman justicia y denuncian que Giuliani permanece recluido en Yare\u202fII bajo acusaciones sin fundamentos claros<\/p>\n","protected":false},"author":3,"featured_media":88951,"comment_status":"closed","ping_status":"closed","sticky":false,"template":"","format":"standard","meta":{"jnews-multi-image_gallery":[],"jnews_single_post":{"format":"standard"},"jnews_primary_category":[],"jnews_social_meta":[],"jnews_review":[],"enable_review":"","type":"","name":"","summary":"","brand":"","sku":"","good":[],"bad":[],"score_override":"","override_value":"","rating":[],"price":[],"jnews_override_counter":[],"jnews_post_split":[],"footnotes":""},"categories":[59],"tags":[40666,44,40665,39007,39312,45,56],"class_list":["post-88949","post","type-post","status-publish","format-standard","has-post-thumbnail","hentry","category-politica","tag-abogado-argentino","tag-argentina","tag-familia-de-german-giuliani","tag-german-giuliani","tag-laura-dogu","tag-noticias","tag-venezuela"],"amp_enabled":true,"_links":{"self":[{"href":"https:\/\/esreviral.com\/index.php?rest_route=\/wp\/v2\/posts\/88949"}],"collection":[{"href":"https:\/\/esreviral.com\/index.php?rest_route=\/wp\/v2\/posts"}],"about":[{"href":"https:\/\/esreviral.com\/index.php?rest_route=\/wp\/v2\/types\/post"}],"author":[{"embeddable":true,"href":"https:\/\/esreviral.com\/index.php?rest_route=\/wp\/v2\/users\/3"}],"replies":[{"embeddable":true,"href":"https:\/\/esreviral.com\/index.php?rest_route=%2Fwp%2Fv2%2Fcomments&post=88949"}],"version-history":[{"count":2,"href":"https:\/\/esreviral.com\/index.php?rest_route=\/wp\/v2\/posts\/88949\/revisions"}],"predecessor-version":[{"id":88952,"href":"https:\/\/esreviral.com\/index.php?rest_route=\/wp\/v2\/posts\/88949\/revisions\/88952"}],"wp:featuredmedia":[{"embeddable":true,"href":"https:\/\/esreviral.com\/index.php?rest_route=\/wp\/v2\/media\/88951"}],"wp:attachment":[{"href":"https:\/\/esreviral.com\/index.php?rest_route=%2Fwp%2Fv2%2Fmedia&parent=88949"}],"wp:term":[{"taxonomy":"category","embeddable":true,"href":"https:\/\/esreviral.com\/index.php?rest_route=%2Fwp%2Fv2%2Fcategories&post=88949"},{"taxonomy":"post_tag","embeddable":true,"href":"https:\/\/esreviral.com\/index.php?rest_route=%2Fwp%2Fv2%2Ftags&post=88949"}],"curies":[{"name":"wp","href":"https:\/\/api.w.org\/{rel}","templated":true}]}}