{"id":88946,"date":"2026-03-09T08:36:05","date_gmt":"2026-03-09T13:36:05","guid":{"rendered":"https:\/\/esreviral.com\/?p=88946"},"modified":"2026-03-09T08:36:06","modified_gmt":"2026-03-09T13:36:06","slug":"gritos-y-llanto-en-gran-hermano-la-participante-venezolana-se-quedo-sin-cena-y-exploto-contra-todos","status":"publish","type":"post","link":"https:\/\/esreviral.com\/?p=88946","title":{"rendered":"Gritos y llanto en Gran Hermano: la participante venezolana se qued\u00f3 sin cena y explot\u00f3 contra todos"},"content":{"rendered":"\n<p>A casi dos semanas de su debut, <strong>\u201cGran Hermano Generaci\u00f3n Dorada\u201d<\/strong> (Telefe) comienza a mostrar problemas de convivencia. Con <strong>27 participantes dentro de la casa<\/strong>, la comida y la limpieza se han convertido en temas de discusi\u00f3n. La tensi\u00f3n lleg\u00f3 a tal punto que <strong>Cinzia Francischiello<\/strong> rompi\u00f3 en llanto luego de que no le guardaran comida durante la cena.<\/p>\n\n\n\n<p class=\"has-text-align-center\"><strong><a href=\"https:\/\/chat.whatsapp.com\/KWkTmakY3I05kNdd2oZl6d\"><em>\u00daNETE A NUESTRO GRUPO DE WHATSAPP PARA ESTAR INFORMADO<\/em><\/a><\/strong><\/p>\n\n\n\n<p>Todo comenz\u00f3 cuando la participante venezolana fue a la cocina para preguntar por su plato y se enter\u00f3 de que no hab\u00edan reservado su porci\u00f3n. Incluso <strong>Daniela de Luc\u00eda<\/strong> le confes\u00f3 que pens\u00f3 que la comida hab\u00eda sobrado y por eso se hab\u00eda quedado con su raci\u00f3n.<\/p>\n\n\n\n<p>Aunque Daniela le devolvi\u00f3 el plato y le pidi\u00f3 disculpas por no haberla tenido en cuenta, Cinzia reaccion\u00f3 con angustia. \u201cLes dijimos que guardaran comida para nosotros. No puede ser que hayan guardado tan poca comida. Estoy en shock, muy triste. Solo fui al ba\u00f1o, \u00bfno pod\u00edan esperar cinco minutos? El error fue m\u00edo por ir al ba\u00f1o\u201d, expres\u00f3 visiblemente afectada.<\/p>\n\n\n\n<p>Al quedar en el centro de la situaci\u00f3n, la comunicadora hizo una aclaraci\u00f3n en medio de los nervios: \u201cNo le quit\u00e9 la comida a Daniela, no es as\u00ed. Todos me est\u00e1n mirando\u201d.<\/p>\n\n\n\n<p>M\u00e1s tarde, ya m\u00e1s tranquila, la venezolana critic\u00f3 a sus compa\u00f1eros: \u201cSon todos unos imb\u00e9ciles, sin excepci\u00f3n. Est\u00e1n esperando dejarme mal parada; no les voy a dar el gusto\u201d.<\/p>\n\n\n\n<p class=\"has-text-align-center\"><em><strong><em><strong><em><strong><em><strong><a href=\"https:\/\/t.me\/esreviral\">\u00daNETE A NUESTRO CANAL DE TELEGRAM PARA ESTAR INFORMADO<\/a><\/strong><\/em><\/strong><\/em><\/strong><\/em><\/strong><\/em><\/p>\n\n\n\n<p>Tras el esc\u00e1ndalo en <strong>\u201cGran Hermano\u201d<\/strong>, Daniela y <strong>Yipio<\/strong> pusieron en duda la reacci\u00f3n de Cinzia. La coach calific\u00f3 el episodio como una \u201cnovela venezolana\u201d, mientras que la humorista consider\u00f3 exagerado el conflicto por un plato de comida.<\/p>\n\n\n\n<p class=\"has-text-align-right\"><strong><em>Con Informaci\u00f3n de cronica.com.ar.-<\/em><\/strong><\/p>\n","protected":false},"excerpt":{"rendered":"<p>La participante venezolana no pudo contener las l\u00e1grimas despu\u00e9s de que volviera del ba\u00f1o y se diera cuenta de que se comieron su plato de comida.<\/p>\n","protected":false},"author":3,"featured_media":88947,"comment_status":"closed","ping_status":"closed","sticky":false,"template":"","format":"standard","meta":{"jnews-multi-image_gallery":[],"jnews_single_post":{"format":"standard"},"jnews_primary_category":[],"jnews_social_meta":[],"jnews_review":[],"enable_review":"","type":"","name":"","summary":"","brand":"","sku":"","good":[],"bad":[],"score_override":"","override_value":"","rating":[],"price":[],"jnews_override_counter":[],"jnews_post_split":[],"footnotes":""},"categories":[50],"tags":[40183,5069,45,40181,67,56],"class_list":["post-88946","post","type-post","status-publish","format-standard","has-post-thumbnail","hentry","category-entretenimiento","tag-cinzia","tag-gran-hermano","tag-noticias","tag-participante-venezolana","tag-venezolanos-en-argentina","tag-venezuela"],"amp_enabled":true,"_links":{"self":[{"href":"https:\/\/esreviral.com\/index.php?rest_route=\/wp\/v2\/posts\/88946"}],"collection":[{"href":"https:\/\/esreviral.com\/index.php?rest_route=\/wp\/v2\/posts"}],"about":[{"href":"https:\/\/esreviral.com\/index.php?rest_route=\/wp\/v2\/types\/post"}],"author":[{"embeddable":true,"href":"https:\/\/esreviral.com\/index.php?rest_route=\/wp\/v2\/users\/3"}],"replies":[{"embeddable":true,"href":"https:\/\/esreviral.com\/index.php?rest_route=%2Fwp%2Fv2%2Fcomments&post=88946"}],"version-history":[{"count":1,"href":"https:\/\/esreviral.com\/index.php?rest_route=\/wp\/v2\/posts\/88946\/revisions"}],"predecessor-version":[{"id":88948,"href":"https:\/\/esreviral.com\/index.php?rest_route=\/wp\/v2\/posts\/88946\/revisions\/88948"}],"wp:featuredmedia":[{"embeddable":true,"href":"https:\/\/esreviral.com\/index.php?rest_route=\/wp\/v2\/media\/88947"}],"wp:attachment":[{"href":"https:\/\/esreviral.com\/index.php?rest_route=%2Fwp%2Fv2%2Fmedia&parent=88946"}],"wp:term":[{"taxonomy":"category","embeddable":true,"href":"https:\/\/esreviral.com\/index.php?rest_route=%2Fwp%2Fv2%2Fcategories&post=88946"},{"taxonomy":"post_tag","embeddable":true,"href":"https:\/\/esreviral.com\/index.php?rest_route=%2Fwp%2Fv2%2Ftags&post=88946"}],"curies":[{"name":"wp","href":"https:\/\/api.w.org\/{rel}","templated":true}]}}