{"id":88868,"date":"2026-03-07T08:06:36","date_gmt":"2026-03-07T13:06:36","guid":{"rendered":"https:\/\/esreviral.com\/?p=88868"},"modified":"2026-03-07T08:06:37","modified_gmt":"2026-03-07T13:06:37","slug":"a-14-anos-del-costa-concordia-el-error-que-provoco-una-de-las-peores-tragedias-maritimas","status":"publish","type":"post","link":"https:\/\/esreviral.com\/?p=88868","title":{"rendered":"A 14 a\u00f1os del Costa Concordia: el error que provoc\u00f3 una de las peores tragedias mar\u00edtimas"},"content":{"rendered":"\n<p>A m\u00e1s de 14 a\u00f1os del desastre que conmocion\u00f3 a la navegaci\u00f3n moderna, el nombre del <strong>Costa Concordia<\/strong> contin\u00faa evocando una de las tragedias mar\u00edtimas m\u00e1s impactantes de las \u00faltimas d\u00e9cadas. La noche del 13 de enero de 2012, el crucero de lujo \u2014considerado en ese momento uno de los m\u00e1s avanzados del mundo\u2014 encall\u00f3 frente a las costas de la isla de Giglio, en Italia. Lo que parec\u00eda ser una traves\u00eda placentera se convirti\u00f3 en una pesadilla en cuesti\u00f3n de minutos.<\/p>\n\n\n\n<p class=\"has-text-align-center\"><strong><a href=\"https:\/\/chat.whatsapp.com\/KWkTmakY3I05kNdd2oZl6d\"><em>\u00daNETE A NUESTRO GRUPO DE WHATSAPP PARA ESTAR INFORMADO<\/em><\/a><\/strong><\/p>\n\n\n\n<p>Con m\u00e1s de 4.200 personas a bordo, el enorme nav\u00edo naufrag\u00f3, dejando un saldo de 32 muertos y m\u00e1s de un centenar de heridos. Las cifras sacudieron a la industria de cruceros y pusieron en duda los protocolos de seguridad de este tipo de embarcaciones. Las im\u00e1genes del coloso de acero inclinado sobre las aguas, a pocos metros de la costa, dieron la vuelta al mundo y reflejaron la magnitud de la tragedia, as\u00ed como el trauma vivido por los sobrevivientes.<\/p>\n\n\n\n<p>El capit\u00e1n <strong>Francesco Schettino<\/strong> fue posteriormente declarado culpable de homicidio involuntario y otros cargos. Adem\u00e1s del error que provoc\u00f3 el accidente, qued\u00f3 marcada la pol\u00e9mica por haber abandonado el barco antes de que finalizara la evacuaci\u00f3n de los pasajeros.<\/p>\n\n\n<div class=\"wp-block-image\">\n<figure class=\"aligncenter size-large\"><img decoding=\"async\" src=\"https:\/\/www.infobae.com\/resizer\/v2\/54URMESQCFFKJDJJFIRW52VDUA.JPG?auth=9a6116637e7e1716eef1e0c1cb664351f64ef1815cf7472c428f0cb2f2249203&amp;smart=true&amp;width=992&amp;height=608&amp;quality=85\" alt=\"\"\/><figcaption class=\"wp-element-caption\">El desastre del Costa Concordia dej\u00f3 un saldo de 32 muertos y m\u00e1s de un centenar de heridos<\/figcaption><\/figure>\n<\/div>\n\n\n<h2 class=\"wp-block-heading\"><strong><mark style=\"background-color:rgba(0, 0, 0, 0)\" class=\"has-inline-color has-vivid-red-color\">C\u00f3mo ocurri\u00f3 la tragedia del Costa Concordia<\/mark><\/strong><\/h2>\n\n\n\n<p>El crucero zarp\u00f3 del puerto italiano de <strong>Civitavecchia<\/strong> el 13 de enero de 2012 para iniciar un viaje de siete d\u00edas por el mar Mediterr\u00e1neo. Pasadas las 19:00 horas, el buque se dirigi\u00f3 hacia la isla de Giglio, seg\u00fan rese\u00f1\u00f3 la BBC. Sin embargo, el capit\u00e1n decidi\u00f3 desviarse de la ruta programada para acercar el barco a la costa y realizar una maniobra conocida informalmente como <strong>\u201cinchino\u201d<\/strong>, una especie de saludo destinado a impresionar a los habitantes locales.<\/p>\n\n\n\n<p>A las 21:45, navegando a una velocidad de aproximadamente 16 nudos (cerca de 30 kil\u00f3metros por hora), el Costa Concordia choc\u00f3 contra un afloramiento rocoso. El impacto abri\u00f3 una grieta de unos 53 metros en el casco, lo que provoc\u00f3 la inundaci\u00f3n de cinco compartimentos estancos y la p\u00e9rdida de energ\u00eda el\u00e9ctrica. El corte afect\u00f3 la sala de m\u00e1quinas y dej\u00f3 al buque sin propulsi\u00f3n, completamente inmovilizado.<\/p>\n\n\n\n<p>Aunque estas maniobras se hab\u00edan tolerado en otras ocasiones, nunca estuvieron autorizadas oficialmente por la compa\u00f1\u00eda. La colisi\u00f3n fue consecuencia directa de una decisi\u00f3n tomada desde el puente de mando, donde se ignoraron los procedimientos de seguridad habituales para este tipo de navegaci\u00f3n. Schettino orden\u00f3 la maniobra a pesar de las advertencias sobre la proximidad de las rocas y retras\u00f3 la comunicaci\u00f3n sobre la gravedad de los da\u00f1os.<\/p>\n\n\n\n<p>La noche del accidente estuvo marcada por la incredulidad y el terror. Seg\u00fan testimonios de pasajeros recogidos por CNN, cuando las luces se apagaron y el buque comenz\u00f3 a inclinarse bruscamente, el p\u00e1nico se apoder\u00f3 de los viajeros. La comunicaci\u00f3n fue confusa y tard\u00eda, con retrasos de hasta una hora y numerosos pasajeros desorientados.<\/p>\n\n\n<div class=\"wp-block-image\">\n<figure class=\"aligncenter size-large\"><img decoding=\"async\" src=\"https:\/\/www.infobae.com\/resizer\/v2\/LFS7GUEH2VGNBDCLI5RV5OU2LI.jpg?auth=e01f84a192014678aec3a11405d29fa765bcb79c47f746cd05eb6519c890b664&amp;smart=true&amp;width=992&amp;height=558&amp;quality=85\" alt=\"\"\/><figcaption class=\"wp-element-caption\">El buque comercial naufrag\u00f3 a escasos metros de la costa de la isla de Giglio<\/figcaption><\/figure>\n<\/div>\n\n\n<p>Algunos sobrevivientes afirmaron que nunca recibieron instrucciones claras sobre c\u00f3mo abordar los botes salvavidas. La inclinaci\u00f3n de unos 30 grados dificult\u00f3 el desplazamiento dentro del barco. Ante el caos, muchos pasajeros optaron por saltar al agua fr\u00eda y nadar cerca de 100 metros hasta la costa.<\/p>\n\n\n\n<p>A las 23:19, en medio de la confusi\u00f3n y las maniobras de evacuaci\u00f3n, el capit\u00e1n Schettino abandon\u00f3 el barco. Grabaciones oficiales registraron c\u00f3mo un miembro de la guardia costera le orden\u00f3 regresar a bordo.<\/p>\n\n\n\n<p>\u201cSolo un hombre deshonroso habr\u00eda dejado a todos esos pasajeros a bordo. Fue la experiencia m\u00e1s horrible de mi vida. Una tragedia, un dolor que llevar\u00e9 conmigo para siempre\u201d, declar\u00f3 Roberto Bosio, uno de los tripulantes que particip\u00f3 en las labores de rescate.<\/p>\n\n\n\n<p>En una entrevista con la BBC, un funcionario de la isla de Giglio relat\u00f3 la confusi\u00f3n vivida durante el accidente: \u201cNo pod\u00eda entender lo que estaba pasando. El movimiento era tan violento que apenas pod\u00eda mantenerme en pie. Era muy desorientador. Si intentabas avanzar, ca\u00edas. No pod\u00edas distinguir entre arriba y abajo. Fue entonces cuando comenz\u00f3 el p\u00e1nico y tambi\u00e9n se fue la luz\u201d.<\/p>\n\n\n\n<h2 class=\"wp-block-heading\"><strong><mark style=\"background-color:rgba(0, 0, 0, 0)\" class=\"has-inline-color has-vivid-red-color\">Fallas en la evacuaci\u00f3n<\/mark><\/strong><\/h2>\n\n\n\n<p>La evacuaci\u00f3n puso en evidencia graves deficiencias en la gesti\u00f3n de emergencias. Tras la colisi\u00f3n, la tripulaci\u00f3n no logr\u00f3 dimensionar ni comunicar con claridad los da\u00f1os a las autoridades italianas. Mientras tanto, a los pasajeros se les rest\u00f3 gravedad al incidente, inform\u00e1ndoles que se trataba solo de un apag\u00f3n.<\/p>\n\n\n\n<p>La alarma general se activ\u00f3 reci\u00e9n a las 22:33, cuando el barco ya estaba inclinado m\u00e1s de 30 grados, lo que dificultaba el acceso a las salidas y la organizaci\u00f3n de la evacuaci\u00f3n. La orden de abandonar la nave se dio a las 22:54, casi una hora despu\u00e9s del impacto.<\/p>\n\n\n<div class=\"wp-block-image\">\n<figure class=\"aligncenter size-large\"><img decoding=\"async\" src=\"https:\/\/www.infobae.com\/resizer\/v2\/SFQXLNKGM5CO5OE5TQT3IO2BAE.jpg?auth=94393c94bdab82fc74c4ef08ca2001b6224f63f1741f975671ea3ac30f425c0d&amp;smart=true&amp;width=992&amp;height=558&amp;quality=85\" alt=\"\"\/><figcaption class=\"wp-element-caption\">A finales de 2014 recuperaron el \u00faltimo cuerpo de una v\u00edctima del naufragio, casi tres a\u00f1os despu\u00e9s<\/figcaption><\/figure>\n<\/div>\n\n\n<p><\/p>\n\n\n\n<p>La mayor\u00eda de los pasajeros logr\u00f3 evacuar en botes salvavidas, aunque muchos tuvieron que enfrentarse a la inclinaci\u00f3n de la nave y a la falta de informaci\u00f3n. La guardia costera despleg\u00f3 embarcaciones y helic\u00f3pteros para rescatar a las personas que permanec\u00edan a bordo o en el agua. Las labores de rescate se prolongaron hasta el domingo.<\/p>\n\n\n\n<p>Entre los \u00faltimos en ser evacuados estuvieron el oficial <strong>Marrico Giampietroni<\/strong>, que result\u00f3 herido, y una pareja surcoreana que permanec\u00eda atrapada en su camarote. El saldo final fue de 32 fallecidos. El cuerpo de la \u00faltima v\u00edctima fue recuperado en noviembre de 2014, casi tres a\u00f1os despu\u00e9s del naufragio.<\/p>\n\n\n\n<h2 class=\"wp-block-heading\"><strong><mark style=\"background-color:rgba(0, 0, 0, 0)\" class=\"has-inline-color has-vivid-red-color\">Consecuencias legales<\/mark><\/strong><\/h2>\n\n\n\n<p>Tras el desastre, la investigaci\u00f3n judicial se centr\u00f3 en las decisiones tomadas antes y despu\u00e9s del accidente, as\u00ed como en las fallas evidenciadas durante la emergencia.<\/p>\n\n\n\n<p>La justicia italiana determin\u00f3 la responsabilidad del capit\u00e1n <strong>Francesco Schettino<\/strong>, quien fue declarado culpable de homicidio involuntario, naufragio, abandono del barco antes de que concluyera la evacuaci\u00f3n y de haber proporcionado informaci\u00f3n falsa a las autoridades sobre la magnitud del desastre. En 2015 fue condenado a <strong>16 a\u00f1os de prisi\u00f3n<\/strong>.<\/p>\n\n\n\n<p>Sin embargo, no fue el \u00fanico responsabilizado por el tr\u00e1gico accidente. Varios miembros de la tripulaci\u00f3n tambi\u00e9n enfrentaron cargos y condenas por su participaci\u00f3n en los hechos. La justicia consider\u00f3 que sus acciones y omisiones contribuyeron a agravar la tragedia.<\/p>\n\n\n\n<p class=\"has-text-align-center\"><em><strong><em><strong><em><strong><em><strong><a href=\"https:\/\/t.me\/esreviral\">\u00daNETE A NUESTRO CANAL DE TELEGRAM PARA ESTAR INFORMADO<\/a><\/strong><\/em><\/strong><\/em><\/strong><\/em><\/strong><\/em><\/p>\n\n\n\n<p>La investigaci\u00f3n concluy\u00f3 que la ruta desviada no estaba autorizada por la compa\u00f1\u00eda y que la orden de acercarse a la costa fue una decisi\u00f3n personal de Schettino, quien ignor\u00f3 los protocolos de seguridad y las advertencias recibidas.<\/p>\n\n\n<div class=\"wp-block-image\">\n<figure class=\"aligncenter size-large\"><img decoding=\"async\" src=\"https:\/\/www.infobae.com\/resizer\/v2\/NPJSWMKX4BCEXAOSNXI3CXYT2Y.jpg?auth=0c5a7df63478318cd84fef9f65e69f6f2ee07fdc6d0f6e47039c8fa152358a62&amp;smart=true&amp;width=992&amp;height=558&amp;quality=85\" alt=\"\"\/><figcaption class=\"wp-element-caption\">El capit\u00e1n Francesco Schettino fue declarado culpable de homicidio involuntario y condenado a 16 a\u00f1os de prisi\u00f3n<\/figcaption><\/figure>\n<\/div>\n\n\n<p><\/p>\n\n\n\n<p class=\"has-text-align-right\"><strong><em>Con Informaci\u00f3n de Infobae.-<\/em><\/strong><\/p>\n","protected":false},"excerpt":{"rendered":"<p>Los relatos de pasajeros y rescatistas reconstruyen minuto a minuto la confusi\u00f3n, el miedo y las fallas de comunicaci\u00f3n que marcaron la noche m\u00e1s tr\u00e1gica en la historia reciente de la navegaci\u00f3n europea<\/p>\n","protected":false},"author":3,"featured_media":88869,"comment_status":"closed","ping_status":"closed","sticky":false,"template":"","format":"standard","meta":{"jnews-multi-image_gallery":[],"jnews_single_post":{"format":"standard"},"jnews_primary_category":[],"jnews_social_meta":[],"jnews_review":[],"enable_review":"","type":"","name":"","summary":"","brand":"","sku":"","good":[],"bad":[],"score_override":"","override_value":"","rating":[],"price":[],"jnews_override_counter":[],"jnews_post_split":[],"footnotes":""},"categories":[88,64],"tags":[40601,6186,40604,943,410,40602,45],"class_list":["post-88868","post","type-post","status-publish","format-standard","has-post-thumbnail","hentry","category-internacionales","category-sucesos","tag-costa-concordia","tag-crucero","tag-francesco-schettino","tag-italia","tag-naufragio","tag-naufragio-costa-concordia","tag-noticias"],"_links":{"self":[{"href":"https:\/\/esreviral.com\/index.php?rest_route=\/wp\/v2\/posts\/88868","targetHints":{"allow":["GET"]}}],"collection":[{"href":"https:\/\/esreviral.com\/index.php?rest_route=\/wp\/v2\/posts"}],"about":[{"href":"https:\/\/esreviral.com\/index.php?rest_route=\/wp\/v2\/types\/post"}],"author":[{"embeddable":true,"href":"https:\/\/esreviral.com\/index.php?rest_route=\/wp\/v2\/users\/3"}],"replies":[{"embeddable":true,"href":"https:\/\/esreviral.com\/index.php?rest_route=%2Fwp%2Fv2%2Fcomments&post=88868"}],"version-history":[{"count":1,"href":"https:\/\/esreviral.com\/index.php?rest_route=\/wp\/v2\/posts\/88868\/revisions"}],"predecessor-version":[{"id":88870,"href":"https:\/\/esreviral.com\/index.php?rest_route=\/wp\/v2\/posts\/88868\/revisions\/88870"}],"wp:featuredmedia":[{"embeddable":true,"href":"https:\/\/esreviral.com\/index.php?rest_route=\/wp\/v2\/media\/88869"}],"wp:attachment":[{"href":"https:\/\/esreviral.com\/index.php?rest_route=%2Fwp%2Fv2%2Fmedia&parent=88868"}],"wp:term":[{"taxonomy":"category","embeddable":true,"href":"https:\/\/esreviral.com\/index.php?rest_route=%2Fwp%2Fv2%2Fcategories&post=88868"},{"taxonomy":"post_tag","embeddable":true,"href":"https:\/\/esreviral.com\/index.php?rest_route=%2Fwp%2Fv2%2Ftags&post=88868"}],"curies":[{"name":"wp","href":"https:\/\/api.w.org\/{rel}","templated":true}]}}