{"id":8883,"date":"2021-07-31T11:53:10","date_gmt":"2021-07-31T14:53:10","guid":{"rendered":"http:\/\/esreviral.com\/?p=8883"},"modified":"2021-07-31T11:53:10","modified_gmt":"2021-07-31T14:53:10","slug":"asi-fue-el-reencuentro-de-vallenilla-y-mayora-los-medallistas-olimpicos-venezolanos","status":"publish","type":"post","link":"https:\/\/esreviral.com\/?p=8883","title":{"rendered":"As\u00ed fue el reencuentro de Vallenilla y Mayora, los medallistas ol\u00edmpicos venezolanos"},"content":{"rendered":"\n<p><strong><em>CIS.-<\/em><\/strong> Luego de haberse alzado con el triunfo y la segunda medalla de plata para Venezuela, Keydomar Vallenilla, regres\u00f3 a la villa ol\u00edmpica donde se encontr\u00f3 con el tambi\u00e9n medallista de plata en la misma disciplina, Julio Mayora, con quien comparte su habitaci\u00f3n <\/p>\n\n\n\n<p>Ambos, nuevamente agradecieron a Dios y a sus entrenadores, adem\u00e1s a la Federaci\u00f3n Venezolana de Pesas pero no mencionaron a Nicol\u00e1s Maduro, Hugo Ch\u00e1vez o parte de su Gobierno, como se volvi\u00f3 viral cuando Mayorca le dedic\u00f3 el triunfo al extinto presidente. <\/p>\n\n\n\n<p>\u00abDe La Guaira y La Vega\u00bb, reiter\u00f3 Mayora, lleno de alegr\u00eda por su compa\u00f1ero.<\/p>\n\n\n\n<figure class=\"wp-block-embed-twitter wp-block-embed is-type-rich is-provider-twitter\"><div class=\"wp-block-embed__wrapper\">\n<blockquote class=\"twitter-tweet\" data-width=\"500\" data-dnt=\"true\"><p lang=\"es\" dir=\"ltr\">Par de Caballos, La Vega y La Guaira Presentes!!! <a href=\"https:\/\/t.co\/JwGIk0rpNU\">pic.twitter.com\/JwGIk0rpNU<\/a><\/p>&mdash; Junior Cordero (@JJuniorCordero) <a href=\"https:\/\/twitter.com\/JJuniorCordero\/status\/1421473565514272780?ref_src=twsrc%5Etfw\">July 31, 2021<\/a><\/blockquote><script async src=\"https:\/\/platform.twitter.com\/widgets.js\" charset=\"utf-8\"><\/script>\n<\/div><\/figure>\n","protected":false},"excerpt":{"rendered":"<p>Concentraci\u00f3n, disciplina y mucha fe, tuvieron Keydomar Villanueva y Julio Mayora, quienes obtuvieron medalla de plata en Tokio 2020<\/p>\n","protected":false},"author":2,"featured_media":8884,"comment_status":"open","ping_status":"open","sticky":false,"template":"","format":"standard","meta":{"jnews-multi-image_gallery":[],"jnews_single_post":[],"jnews_primary_category":[],"jnews_social_meta":[],"jnews_review":[],"enable_review":"","type":"","name":"","summary":"","brand":"","sku":"","good":[],"bad":[],"score_override":"","override_value":"","rating":[],"price":[],"jnews_override_counter":[],"jnews_post_split":[],"footnotes":""},"categories":[952],"tags":[419,969,976],"class_list":["post-8883","post","type-post","status-publish","format-standard","has-post-thumbnail","hentry","category-juegosolimpicos","tag-juegos-olimpicos","tag-tokio-2020","tag-venezolanos-en-tokio"],"amp_enabled":true,"_links":{"self":[{"href":"https:\/\/esreviral.com\/index.php?rest_route=\/wp\/v2\/posts\/8883"}],"collection":[{"href":"https:\/\/esreviral.com\/index.php?rest_route=\/wp\/v2\/posts"}],"about":[{"href":"https:\/\/esreviral.com\/index.php?rest_route=\/wp\/v2\/types\/post"}],"author":[{"embeddable":true,"href":"https:\/\/esreviral.com\/index.php?rest_route=\/wp\/v2\/users\/2"}],"replies":[{"embeddable":true,"href":"https:\/\/esreviral.com\/index.php?rest_route=%2Fwp%2Fv2%2Fcomments&post=8883"}],"version-history":[{"count":0,"href":"https:\/\/esreviral.com\/index.php?rest_route=\/wp\/v2\/posts\/8883\/revisions"}],"wp:featuredmedia":[{"embeddable":true,"href":"https:\/\/esreviral.com\/index.php?rest_route=\/"}],"wp:attachment":[{"href":"https:\/\/esreviral.com\/index.php?rest_route=%2Fwp%2Fv2%2Fmedia&parent=8883"}],"wp:term":[{"taxonomy":"category","embeddable":true,"href":"https:\/\/esreviral.com\/index.php?rest_route=%2Fwp%2Fv2%2Fcategories&post=8883"},{"taxonomy":"post_tag","embeddable":true,"href":"https:\/\/esreviral.com\/index.php?rest_route=%2Fwp%2Fv2%2Ftags&post=8883"}],"curies":[{"name":"wp","href":"https:\/\/api.w.org\/{rel}","templated":true}]}}