{"id":88805,"date":"2026-03-05T10:58:19","date_gmt":"2026-03-05T15:58:19","guid":{"rendered":"https:\/\/esreviral.com\/?p=88805"},"modified":"2026-03-05T10:58:20","modified_gmt":"2026-03-05T15:58:20","slug":"venezolano-logro-doctorado-con-honores-en-espana-y-es-premiado-por-su-excelencia-academica","status":"publish","type":"post","link":"https:\/\/esreviral.com\/?p=88805","title":{"rendered":"Venezolano logr\u00f3 doctorado con honores en Espa\u00f1a y es premiado por su excelencia acad\u00e9mica"},"content":{"rendered":"\n<p>El zuliano <strong>\u00c1ngel Acevedo<\/strong>, de 35 a\u00f1os de edad, contin\u00faa construyendo una historia de superaci\u00f3n en el \u00e1mbito acad\u00e9mico. Tras una d\u00e9cada viviendo en Chile, celebr\u00f3 este logro al recibir el t\u00edtulo de <strong>Doctor en Econom\u00eda y Empresa<\/strong> por la Universidad de Castilla-La Mancha, en Espa\u00f1a, con la distinci\u00f3n <strong>Cum Laude y menci\u00f3n internacional<\/strong>.<\/p>\n\n\n\n<p class=\"has-text-align-center\"><strong><a href=\"https:\/\/chat.whatsapp.com\/KWkTmakY3I05kNdd2oZl6d\"><em>\u00daNETE A NUESTRO GRUPO DE WHATSAPP PARA ESTAR INFORMADO<\/em><\/a><\/strong><\/p>\n\n\n\n<p>Su destacado desempe\u00f1o acad\u00e9mico le vali\u00f3 adem\u00e1s un reconocimiento especial: el rector de la instituci\u00f3n, Jos\u00e9 Juli\u00e1n Garde L\u00f3pez-Brea, le otorg\u00f3 la <strong>Medalla al Claustro Extraordinario<\/strong>, una distinci\u00f3n de metal dorado creada en 1893 que representa el mayor honor acad\u00e9mico dentro del protocolo universitario.<\/p>\n\n\n\n<p>Acevedo inici\u00f3 su formaci\u00f3n profesional en Venezuela. Se gradu\u00f3 como <strong>licenciado en Administraci\u00f3n en la Universidad Nacional Experimental de la Fuerza Armada (UNEFA) en 2009<\/strong>. Posteriormente obtuvo una <strong>maestr\u00eda en Gerencia de las Organizaciones en la Universidad Rafael Belloso Chac\u00edn (URBE) en 2011<\/strong>, un <strong>doctorado en Ciencias Gerenciales en 2015<\/strong> y un <strong>postdoctorado en Gerencia P\u00fablica y Gobierno en 2016<\/strong>. Ese mismo a\u00f1o tambi\u00e9n se form\u00f3 como <strong>bombero profesional en la Escuela Nacional de Bomberos<\/strong>.<\/p>\n\n\n\n<p>En 2016 emigr\u00f3 a Chile, donde inicialmente trabaj\u00f3 en una bodega, realizando labores de alta exigencia f\u00edsica y con bajos ingresos. M\u00e1s tarde consigui\u00f3 empleo en un call center, mientras continuaba buscando oportunidades en el \u00e1mbito acad\u00e9mico.<\/p>\n\n\n\n<p>En 2017 postul\u00f3 a varias universidades y fue la <strong>Universidad Aut\u00f3noma de Chile<\/strong> la que le brind\u00f3 su primera oportunidad como docente part time. Ese mismo a\u00f1o particip\u00f3 en un concurso para docente de planta y fue seleccionado.<\/p>\n\n\n\n<p>Gracias a su desempe\u00f1o y compromiso con la investigaci\u00f3n, posteriormente fue promovido a <strong>docente investigador<\/strong>, integrando claustros doctorales en programas de maestr\u00eda y doctorado. Desde 2023 se desempe\u00f1a como <strong>director del Grupo de Investigaci\u00f3n de Estudios Organizacionales Sostenibles de la Facultad de Administraci\u00f3n y Negocios<\/strong>.<\/p>\n\n\n\n<p>\u201cMe he desarrollado profesionalmente como investigador universitario, consolidando mi carrera acad\u00e9mica y aportando desde la investigaci\u00f3n a las l\u00edneas de pol\u00edticas p\u00fablicas para el desarrollo territorial empresarial\u201d, explic\u00f3 el acad\u00e9mico.<\/p>\n\n\n\n<p class=\"has-text-align-center\"><em><strong><em><strong><em><strong><em><strong><a href=\"https:\/\/t.me\/esreviral\">\u00daNETE A NUESTRO CANAL DE TELEGRAM PARA ESTAR INFORMADO<\/a><\/strong><\/em><\/strong><\/em><\/strong><\/em><\/strong><\/em><\/p>\n\n\n\n<p>La historia de Acevedo refleja el esfuerzo y la dedicaci\u00f3n de muchos venezolanos que, desde distintos lugares del mundo, buscan dejar una huella positiva a trav\u00e9s de su trabajo y talento.<\/p>\n\n\n\n<p class=\"has-text-align-right\"><strong><em>Con Informaci\u00f3n de diarioversionfinal.com.-<\/em><\/strong><\/p>\n\n\n\n<p><\/p>\n","protected":false},"excerpt":{"rendered":"<p>\u00c1ngel Acevedo, director del Grupo de Investigaci\u00f3n de Estudios Organizacionales Sostenible de la Facultad de Administraci\u00f3n y Negocios de la Universidad Aut\u00f3noma de Chile, emigr\u00f3 hace 10 a\u00f1os. Comenz\u00f3 como obrero en una bodega y hoy despunta gracias a su constancia.<\/p>\n","protected":false},"author":3,"featured_media":88806,"comment_status":"closed","ping_status":"closed","sticky":false,"template":"","format":"standard","meta":{"jnews-multi-image_gallery":[],"jnews_single_post":{"format":"standard"},"jnews_primary_category":[],"jnews_social_meta":[],"jnews_review":[],"enable_review":"","type":"","name":"","summary":"","brand":"","sku":"","good":[],"bad":[],"score_override":"","override_value":"","rating":[],"price":[],"jnews_override_counter":[],"jnews_post_split":[],"footnotes":""},"categories":[54],"tags":[40555,40556,45,776,56],"class_list":["post-88805","post","type-post","status-publish","format-standard","has-post-thumbnail","hentry","category-inmigracion","tag-angel-acevedo","tag-doctor-en-economia-y-empresa","tag-noticias","tag-venezolanos-en-espana","tag-venezuela"],"amp_enabled":true,"_links":{"self":[{"href":"https:\/\/esreviral.com\/index.php?rest_route=\/wp\/v2\/posts\/88805"}],"collection":[{"href":"https:\/\/esreviral.com\/index.php?rest_route=\/wp\/v2\/posts"}],"about":[{"href":"https:\/\/esreviral.com\/index.php?rest_route=\/wp\/v2\/types\/post"}],"author":[{"embeddable":true,"href":"https:\/\/esreviral.com\/index.php?rest_route=\/wp\/v2\/users\/3"}],"replies":[{"embeddable":true,"href":"https:\/\/esreviral.com\/index.php?rest_route=%2Fwp%2Fv2%2Fcomments&post=88805"}],"version-history":[{"count":1,"href":"https:\/\/esreviral.com\/index.php?rest_route=\/wp\/v2\/posts\/88805\/revisions"}],"predecessor-version":[{"id":88807,"href":"https:\/\/esreviral.com\/index.php?rest_route=\/wp\/v2\/posts\/88805\/revisions\/88807"}],"wp:featuredmedia":[{"embeddable":true,"href":"https:\/\/esreviral.com\/index.php?rest_route=\/wp\/v2\/media\/88806"}],"wp:attachment":[{"href":"https:\/\/esreviral.com\/index.php?rest_route=%2Fwp%2Fv2%2Fmedia&parent=88805"}],"wp:term":[{"taxonomy":"category","embeddable":true,"href":"https:\/\/esreviral.com\/index.php?rest_route=%2Fwp%2Fv2%2Fcategories&post=88805"},{"taxonomy":"post_tag","embeddable":true,"href":"https:\/\/esreviral.com\/index.php?rest_route=%2Fwp%2Fv2%2Ftags&post=88805"}],"curies":[{"name":"wp","href":"https:\/\/api.w.org\/{rel}","templated":true}]}}