{"id":8879,"date":"2021-07-31T11:27:40","date_gmt":"2021-07-31T14:27:40","guid":{"rendered":"http:\/\/esreviral.com\/?p=8879"},"modified":"2021-07-31T11:27:40","modified_gmt":"2021-07-31T14:27:40","slug":"mama-de-keydomar-vallenilla-esta-manana-le-eche-todas-las-bendiciones-video","status":"publish","type":"post","link":"https:\/\/esreviral.com\/?p=8879","title":{"rendered":"Mam\u00e1 de Keydomar Vallenilla: Esta ma\u00f1ana le ech\u00e9 todas las bendiciones (+VIDEO)"},"content":{"rendered":"\n<p><strong><em>CIS.-<\/em><\/strong> Feliz y emocionada est\u00e1 Carolina S\u00e1nchez, la madre del medallista de plata venezolano, Keydomar Vallenilla S\u00e1nchez, quien desde Caracas, Venezuela, hizo un enlace telef\u00f3nico con Marca Claro, a quien confes\u00f3 que no durmi\u00f3 en toda la noche pendiente de su hijo, de 21 a\u00f1os de edad. <\/p>\n\n\n\n<p>\u00abNo he dormido. Estoy despierta desde las 12 am, esta ma\u00f1ana a 4, lo llam\u00e9 le ech\u00e9 todas las bendiciones del mundo&#8230; \u00e9l es mi vida, por el barrio, estamos todos contentos porque saben el nivel de atleta que es, lo disciplinado y lo humilde que es\u00bb. <\/p>\n\n\n\n<p>La se\u00f1ora agradeci\u00f3 a Dios y a todas las personas que ayudaron a Vallenilla, \u00abporque es un sue\u00f1o de \u00e9l y de toda la familia, lo amamos, es mi beb\u00e9, mi oso\u00bb. <\/p>\n\n\n\n<figure class=\"wp-block-embed-twitter wp-block-embed is-type-rich is-provider-twitter\"><div class=\"wp-block-embed__wrapper\">\nhttps:\/\/twitter.com\/esreviral\/status\/1421477418955575297\n<\/div><\/figure>\n","protected":false},"excerpt":{"rendered":"<p>Agradeci\u00f3 a Dios y a todas las personas que lo acompa\u00f1aron en el camino<\/p>\n","protected":false},"author":2,"featured_media":8880,"comment_status":"open","ping_status":"open","sticky":false,"template":"","format":"standard","meta":{"jnews-multi-image_gallery":[],"jnews_single_post":[],"jnews_primary_category":[],"jnews_social_meta":[],"jnews_review":[],"enable_review":"","type":"","name":"","summary":"","brand":"","sku":"","good":[],"bad":[],"score_override":"","override_value":"","rating":[],"price":[],"jnews_override_counter":[],"jnews_post_split":[],"footnotes":""},"categories":[952],"tags":[419,1024,969,976],"class_list":["post-8879","post","type-post","status-publish","format-standard","has-post-thumbnail","hentry","category-juegosolimpicos","tag-juegos-olimpicos","tag-keydomar-vallenilla","tag-tokio-2020","tag-venezolanos-en-tokio"],"amp_enabled":true,"_links":{"self":[{"href":"https:\/\/esreviral.com\/index.php?rest_route=\/wp\/v2\/posts\/8879"}],"collection":[{"href":"https:\/\/esreviral.com\/index.php?rest_route=\/wp\/v2\/posts"}],"about":[{"href":"https:\/\/esreviral.com\/index.php?rest_route=\/wp\/v2\/types\/post"}],"author":[{"embeddable":true,"href":"https:\/\/esreviral.com\/index.php?rest_route=\/wp\/v2\/users\/2"}],"replies":[{"embeddable":true,"href":"https:\/\/esreviral.com\/index.php?rest_route=%2Fwp%2Fv2%2Fcomments&post=8879"}],"version-history":[{"count":0,"href":"https:\/\/esreviral.com\/index.php?rest_route=\/wp\/v2\/posts\/8879\/revisions"}],"wp:featuredmedia":[{"embeddable":true,"href":"https:\/\/esreviral.com\/index.php?rest_route=\/"}],"wp:attachment":[{"href":"https:\/\/esreviral.com\/index.php?rest_route=%2Fwp%2Fv2%2Fmedia&parent=8879"}],"wp:term":[{"taxonomy":"category","embeddable":true,"href":"https:\/\/esreviral.com\/index.php?rest_route=%2Fwp%2Fv2%2Fcategories&post=8879"},{"taxonomy":"post_tag","embeddable":true,"href":"https:\/\/esreviral.com\/index.php?rest_route=%2Fwp%2Fv2%2Ftags&post=8879"}],"curies":[{"name":"wp","href":"https:\/\/api.w.org\/{rel}","templated":true}]}}