{"id":88748,"date":"2026-03-04T11:13:14","date_gmt":"2026-03-04T16:13:14","guid":{"rendered":"https:\/\/esreviral.com\/?p=88748"},"modified":"2026-03-04T11:13:15","modified_gmt":"2026-03-04T16:13:15","slug":"la-justicia-argentina-cita-a-declarar-al-gendarme-nahuel-gallo-en-la-causa-por-lesa-humanidad-contra-maduro","status":"publish","type":"post","link":"https:\/\/esreviral.com\/?p=88748","title":{"rendered":"La Justicia argentina cita a declarar al gendarme Nahuel Gallo en la causa por lesa humanidad contra Maduro"},"content":{"rendered":"\n<p>La<strong> Justicia argentina<\/strong> cit\u00f3 a declarar al gendarme Nahuel Gallo en el marco de la causa que investiga presuntos cr\u00edmenes de lesa humanidad atribuidos al r\u00e9gimen de Nicol\u00e1s Maduro y a otros altos funcionarios del Estado venezolano.<\/p>\n\n\n\n<p>La medida fue dispuesta por el Juzgado Criminal y Correccional Federal N\u00b0 2, en el expediente CFP 2001\/2023. En una resoluci\u00f3n firmada este 4 de marzo, el tribunal consider\u00f3 \u201cpertinente y \u00fatil\u201d convocar a Gallo en calidad de testigo, tal como lo hab\u00eda solicitado la querella.<\/p>\n\n\n\n<p class=\"has-text-align-center\"><strong><a href=\"https:\/\/chat.whatsapp.com\/KWkTmakY3I05kNdd2oZl6d\"><em>\u00daNETE A NUESTRO GRUPO DE WHATSAPP PARA ESTAR INFORMADO<\/em><\/a><\/strong><\/p>\n\n\n\n<div data-wp-interactive=\"core\/file\" class=\"wp-block-file\"><object data-wp-bind--hidden=\"!state.hasPdfPreview\"  class=\"wp-block-file__embed\" data=\"https:\/\/esreviral.com\/wp-content\/uploads\/2026\/03\/Maduro.-Citacion-testigo.pdf\" type=\"application\/pdf\" style=\"width:100%;height:600px\" aria-label=\"Incrustado de Maduro. Citacio\u0301n testigo.\"><\/object><a id=\"wp-block-file--media-f9a163de-b0c7-416b-b43b-aaef19442a23\" href=\"https:\/\/esreviral.com\/wp-content\/uploads\/2026\/03\/Maduro.-Citacion-testigo.pdf\">Maduro. Citacio\u0301n testigo<\/a><a href=\"https:\/\/esreviral.com\/wp-content\/uploads\/2026\/03\/Maduro.-Citacion-testigo.pdf\" class=\"wp-block-file__button wp-element-button\" download aria-describedby=\"wp-block-file--media-f9a163de-b0c7-416b-b43b-aaef19442a23\">Descarga<\/a><\/div>\n\n\n\n<p><\/p>\n\n\n\n<p>Seg\u00fan el documento judicial, el testimonio podr\u00eda aportar informaci\u00f3n relevante sobre los hechos denunciados, vinculados a una presunta estructura estatal destinada a ejecutar violaciones sistem\u00e1ticas de derechos humanos fundamentales en Venezuela.<\/p>\n\n\n\n<p>Antes de fijar fecha para la audiencia, el juzgado orden\u00f3 requerir a la Gendarmer\u00eda Nacional Argentina un informe interdisciplinario para determinar si el testigo se encuentra en condiciones de declarar bajo juramento, en qu\u00e9 plazo podr\u00eda hacerlo y bajo qu\u00e9 modalidad espec\u00edfica.<\/p>\n\n\n\n<p>Asimismo, el tribunal solicit\u00f3 que se eval\u00fae si el gendarme podr\u00eda estar alcanzado por alg\u00fan deber de abstenci\u00f3n, conforme al art\u00edculo 244 del C\u00f3digo Procesal Penal de la Naci\u00f3n, o por una obligaci\u00f3n de guardar secreto que deba ser previamente relevada.<\/p>\n\n\n\n<p class=\"has-text-align-center\"><em><strong><em><strong><em><strong><em><strong><a href=\"https:\/\/t.me\/esreviral\">\u00daNETE A NUESTRO CANAL DE TELEGRAM PARA ESTAR INFORMADO<\/a><\/strong><\/em><\/strong><\/em><\/strong><\/em><\/strong><\/em><\/p>\n\n\n\n<p>La causa se inscribe dentro de las investigaciones abiertas en Argentina bajo el principio de jurisdicci\u00f3n universal, que permite indagar delitos de lesa humanidad aunque hayan sido cometidos fuera del territorio nacional. En este expediente se analiza la presunta responsabilidad del gobierno encabezado por Nicol\u00e1s Maduro y otros altos jerarcas del r\u00e9gimen chavista en graves violaciones a los derechos humanos denunciadas por v\u00edctimas y organismos internacionales.<\/p>\n\n\n\n<p class=\"has-text-align-right\"><strong><em>Prensa.-<\/em><\/strong><\/p>\n","protected":false},"excerpt":{"rendered":"<p>El Juzgado Criminal y Correccional Federal N\u00b0 2 convoc\u00f3 al efectivo en calidad de testigo en la investigaci\u00f3n que analiza presuntas violaciones sistem\u00e1ticas de derechos humanos atribuidas al r\u00e9gimen de Nicol\u00e1s Maduro. Antes de fijar audiencia, se solicit\u00f3 a Gendarmer\u00eda un informe para determinar si est\u00e1 en condiciones de declarar y bajo qu\u00e9 modalidad.<\/p>\n","protected":false},"author":3,"featured_media":88750,"comment_status":"closed","ping_status":"closed","sticky":false,"template":"","format":"standard","meta":{"jnews-multi-image_gallery":[],"jnews_single_post":{"format":"standard"},"jnews_primary_category":[],"jnews_social_meta":[],"jnews_review":[],"enable_review":"","type":"","name":"","summary":"","brand":"","sku":"","good":[],"bad":[],"score_override":"","override_value":"","rating":[],"price":[],"jnews_override_counter":[],"jnews_post_split":[],"footnotes":""},"categories":[58,59],"tags":[44,10439,21667,56],"class_list":["post-88748","post","type-post","status-publish","format-standard","has-post-thumbnail","hentry","category-argentina","category-politica","tag-argentina","tag-justicia-argentina","tag-nahuel-gallo","tag-venezuela"],"amp_enabled":true,"_links":{"self":[{"href":"https:\/\/esreviral.com\/index.php?rest_route=\/wp\/v2\/posts\/88748"}],"collection":[{"href":"https:\/\/esreviral.com\/index.php?rest_route=\/wp\/v2\/posts"}],"about":[{"href":"https:\/\/esreviral.com\/index.php?rest_route=\/wp\/v2\/types\/post"}],"author":[{"embeddable":true,"href":"https:\/\/esreviral.com\/index.php?rest_route=\/wp\/v2\/users\/3"}],"replies":[{"embeddable":true,"href":"https:\/\/esreviral.com\/index.php?rest_route=%2Fwp%2Fv2%2Fcomments&post=88748"}],"version-history":[{"count":1,"href":"https:\/\/esreviral.com\/index.php?rest_route=\/wp\/v2\/posts\/88748\/revisions"}],"predecessor-version":[{"id":88751,"href":"https:\/\/esreviral.com\/index.php?rest_route=\/wp\/v2\/posts\/88748\/revisions\/88751"}],"wp:featuredmedia":[{"embeddable":true,"href":"https:\/\/esreviral.com\/index.php?rest_route=\/wp\/v2\/media\/88750"}],"wp:attachment":[{"href":"https:\/\/esreviral.com\/index.php?rest_route=%2Fwp%2Fv2%2Fmedia&parent=88748"}],"wp:term":[{"taxonomy":"category","embeddable":true,"href":"https:\/\/esreviral.com\/index.php?rest_route=%2Fwp%2Fv2%2Fcategories&post=88748"},{"taxonomy":"post_tag","embeddable":true,"href":"https:\/\/esreviral.com\/index.php?rest_route=%2Fwp%2Fv2%2Ftags&post=88748"}],"curies":[{"name":"wp","href":"https:\/\/api.w.org\/{rel}","templated":true}]}}