{"id":88688,"date":"2026-03-03T09:28:56","date_gmt":"2026-03-03T14:28:56","guid":{"rendered":"https:\/\/esreviral.com\/?p=88688"},"modified":"2026-03-03T09:28:57","modified_gmt":"2026-03-03T14:28:57","slug":"joven-venezolano-se-entrego-en-comisaria-y-confeso-el-asesinato-de-su-casera","status":"publish","type":"post","link":"https:\/\/esreviral.com\/?p=88688","title":{"rendered":"Joven venezolano se entreg\u00f3 en comisar\u00eda y confes\u00f3 el asesinato de su casera"},"content":{"rendered":"\n<p><strong>La Jefatura Superior de Polic\u00eda de Madrid inform\u00f3 sobre la detenci\u00f3n de un ciudadano venezolano de 20 a\u00f1os de edad que se present\u00f3 voluntariamente la ma\u00f1ana de este lunes en una comisar\u00eda del distrito de Carabanchel para confesar el asesinato de su arrendadora, una mujer de 31 a\u00f1os de edad.<\/strong><\/p>\n\n\n\n<p>Tras su declaraci\u00f3n, agentes de la Polic\u00eda Nacional se trasladaron a un inmueble ubicado en la calle Orop\u00e9ndola, en el sur de la capital espa\u00f1ola. En el interior de la vivienda hallaron el cuerpo sin vida de la mujer, con evidentes signos de violencia. Los servicios de emergencia que acudieron al lugar confirmaron el fallecimiento.<\/p>\n\n\n\n<p class=\"has-text-align-center\"><strong><a href=\"https:\/\/chat.whatsapp.com\/KWkTmakY3I05kNdd2oZl6d\"><em>\u00daNETE A NUESTRO GRUPO DE WHATSAPP PARA ESTAR INFORMADO<\/em><\/a><\/strong><\/p>\n\n\n\n<h3 class=\"wp-block-heading\"><strong><mark style=\"background-color:rgba(0, 0, 0, 0)\" class=\"has-inline-color has-vivid-red-color\">Avances de la investigaci\u00f3n<\/mark><\/strong><\/h3>\n\n\n\n<p>La Polic\u00eda Cient\u00edfica y el Grupo VI de Homicidios asumieron la investigaci\u00f3n con el fin de reconstruir la secuencia de los hechos y determinar el m\u00f3vil del crimen.<\/p>\n\n\n\n<p>Hasta el momento, las autoridades mantienen bajo reserva varios aspectos del caso, entre ellos si el detenido resid\u00eda de forma permanente en la vivienda o si su relaci\u00f3n con la v\u00edctima era \u00fanicamente contractual. Tampoco se han revelado detalles sobre el arma utilizada ni sobre las lesiones que causaron la muerte.<\/p>\n\n\n\n<p class=\"has-text-align-center\"><em><strong><em><strong><em><strong><em><strong><a href=\"https:\/\/t.me\/esreviral\">\u00daNETE A NUESTRO CANAL DE TELEGRAM PARA ESTAR INFORMADO<\/a><\/strong><\/em><\/strong><\/em><\/strong><\/em><\/strong><\/em><\/p>\n\n\n\n<h3 class=\"wp-block-heading\"><strong><mark style=\"background-color:rgba(0, 0, 0, 0)\" class=\"has-inline-color has-vivid-red-color\">Situaci\u00f3n del detenido<\/mark><\/strong><\/h3>\n\n\n\n<p>El joven permanece bajo custodia policial en dependencias de la Jefatura Superior de Polic\u00eda de Madrid. Una vez finalizadas las diligencias iniciales, ser\u00e1 puesto a disposici\u00f3n del juzgado de guardia correspondiente, que definir\u00e1 las medidas judiciales a adoptar.<\/p>\n\n\n\n<p class=\"has-text-align-right\"><strong><em>Con Informaci\u00f3n de noticialdia.com.-<\/em><\/strong><\/p>\n","protected":false},"excerpt":{"rendered":"<p>El detenido, venezolano y sin antecedentes: \u00abLa he matado\u00bb<br \/>\nSeis homicidios en Madrid en lo que va de 2026<\/p>\n","protected":false},"author":3,"featured_media":88689,"comment_status":"closed","ping_status":"closed","sticky":false,"template":"","format":"standard","meta":{"jnews-multi-image_gallery":[],"jnews_single_post":{"format":"standard"},"jnews_primary_category":[],"jnews_social_meta":[],"jnews_review":[],"enable_review":"","type":"","name":"","summary":"","brand":"","sku":"","good":[],"bad":[],"score_override":"","override_value":"","rating":[],"price":[],"jnews_override_counter":[],"jnews_post_split":[],"footnotes":""},"categories":[54,88,64],"tags":[282,45,40508,776,12282],"class_list":["post-88688","post","type-post","status-publish","format-standard","has-post-thumbnail","hentry","category-inmigracion","category-internacionales","category-sucesos","tag-homicidio","tag-noticias","tag-policia-de-madrid","tag-venezolanos-en-espana","tag-venezolanos-en-madrid"],"amp_enabled":true,"_links":{"self":[{"href":"https:\/\/esreviral.com\/index.php?rest_route=\/wp\/v2\/posts\/88688"}],"collection":[{"href":"https:\/\/esreviral.com\/index.php?rest_route=\/wp\/v2\/posts"}],"about":[{"href":"https:\/\/esreviral.com\/index.php?rest_route=\/wp\/v2\/types\/post"}],"author":[{"embeddable":true,"href":"https:\/\/esreviral.com\/index.php?rest_route=\/wp\/v2\/users\/3"}],"replies":[{"embeddable":true,"href":"https:\/\/esreviral.com\/index.php?rest_route=%2Fwp%2Fv2%2Fcomments&post=88688"}],"version-history":[{"count":1,"href":"https:\/\/esreviral.com\/index.php?rest_route=\/wp\/v2\/posts\/88688\/revisions"}],"predecessor-version":[{"id":88690,"href":"https:\/\/esreviral.com\/index.php?rest_route=\/wp\/v2\/posts\/88688\/revisions\/88690"}],"wp:featuredmedia":[{"embeddable":true,"href":"https:\/\/esreviral.com\/index.php?rest_route=\/wp\/v2\/media\/88689"}],"wp:attachment":[{"href":"https:\/\/esreviral.com\/index.php?rest_route=%2Fwp%2Fv2%2Fmedia&parent=88688"}],"wp:term":[{"taxonomy":"category","embeddable":true,"href":"https:\/\/esreviral.com\/index.php?rest_route=%2Fwp%2Fv2%2Fcategories&post=88688"},{"taxonomy":"post_tag","embeddable":true,"href":"https:\/\/esreviral.com\/index.php?rest_route=%2Fwp%2Fv2%2Ftags&post=88688"}],"curies":[{"name":"wp","href":"https:\/\/api.w.org\/{rel}","templated":true}]}}