{"id":88682,"date":"2026-03-03T08:28:27","date_gmt":"2026-03-03T13:28:27","guid":{"rendered":"https:\/\/esreviral.com\/?p=88682"},"modified":"2026-03-03T08:28:28","modified_gmt":"2026-03-03T13:28:28","slug":"estudiantes-venezolanos-viajaran-a-vietnam-para-participar-en-la-final-de-la-competencia-internacional-de-matematicas-aplicada","status":"publish","type":"post","link":"https:\/\/esreviral.com\/?p=88682","title":{"rendered":"Estudiantes venezolanos viajar\u00e1n a Vietnam para participar en la final de la Competencia Internacional de Matem\u00e1ticas Aplicada"},"content":{"rendered":"\n<p>Un grupo de estudiantes venezolanos <strong>viaja este lunes 3 de marzo de 2026<\/strong> a Vietnam para participar en la final internacional de la Competencia Internacional de Matem\u00e1ticas Aplicadas (Viamc). Entre los seleccionados se encuentra Joseph P\u00e9rez, alumno de tercer a\u00f1o del colegio Fe y Alegr\u00eda La Consolaci\u00f3n, ubicado en Unare II, Puerto Ordaz, estado Bol\u00edvar.<\/p>\n\n\n\n<p>Con tan solo 13 a\u00f1os de edad, Joseph integra la delegaci\u00f3n que competir\u00e1 en este evento acad\u00e9mico de alto nivel, que re\u00fane a estudiantes de distintos pa\u00edses y pone a prueba sus habilidades en matem\u00e1ticas aplicadas. Para el joven, se trata de uno de los mayores desaf\u00edos de su trayectoria escolar.<\/p>\n\n\n\n<p class=\"has-text-align-center\"><strong><a href=\"https:\/\/chat.whatsapp.com\/KWkTmakY3I05kNdd2oZl6d\"><em>\u00daNETE A NUESTRO GRUPO DE WHATSAPP PARA ESTAR INFORMADO<\/em><\/a><\/strong><\/p>\n\n\n<div class=\"wp-block-image\">\n<figure class=\"aligncenter size-large\"><img decoding=\"async\" src=\"https:\/\/eldiario.com\/wp-content\/uploads\/2026\/03\/image-7.png\" alt=\"\"\/><\/figure><\/div>\n\n\n<p><\/p>\n\n\n\n<p>En declaraciones al programa Alianza por la Educaci\u00f3n, transmitido por Radio Fe y Alegr\u00eda Noticias, expres\u00f3 su entusiasmo por representar a Venezuela y conocer una nueva cultura. Adem\u00e1s, asegur\u00f3 que su principal objetivo es dar lo mejor de s\u00ed y aspirar a una medalla en la Viamc, que se celebrar\u00e1 del 5 al 8 de marzo en Da Nang, Vietnam.<\/p>\n\n\n\n<h3 class=\"wp-block-heading\"><strong><mark style=\"background-color:rgba(0, 0, 0, 0)\" class=\"has-inline-color has-vivid-red-color\">Preparaci\u00f3n y experiencia internacional<\/mark><\/strong><\/h3>\n\n\n\n<p>Joseph ya cuenta con experiencia en competencias fuera del pa\u00eds. En una olimpiada realizada en Indonesia obtuvo medalla de bronce. Para esta edici\u00f3n, centr\u00f3 su preparaci\u00f3n en operaciones con radicales, ecuaciones cuadr\u00e1ticas y ejercicios de graficaci\u00f3n, \u00e1reas en las que la rapidez y la precisi\u00f3n resultan determinantes.<\/p>\n\n\n\n<p>El estudiante destac\u00f3 que su formaci\u00f3n comenz\u00f3 desde temprana edad, gracias al apoyo de su padre y al acompa\u00f1amiento constante de su instituci\u00f3n educativa, que reforz\u00f3 contenidos y resolvi\u00f3 sus dudas durante el proceso.<\/p>\n\n\n\n<p>La Viamc es un certamen que eval\u00faa no solo el dominio te\u00f3rico de las matem\u00e1ticas, sino tambi\u00e9n la capacidad para resolver problemas complejos con agilidad y exactitud.<\/p>\n\n\n\n<figure class=\"wp-block-image size-large\"><img decoding=\"async\" src=\"https:\/\/eldiario.com\/wp-content\/uploads\/2025\/03\/7ca09aded03890ebd08acc11e8b6ad0b4eb20bf3-1536x1024.jpg.webp\" alt=\"\"\/><\/figure>\n\n\n\n<h3 class=\"wp-block-heading\"><strong><mark style=\"background-color:rgba(0, 0, 0, 0)\" class=\"has-inline-color has-vivid-red-color\">El respaldo institucional<\/mark><\/strong><\/h3>\n\n\n\n<p>La directora del plantel, Lenny Becerra, subray\u00f3 que los logros de Joseph reflejan la confianza que la instituci\u00f3n deposita en sus alumnos. Afirm\u00f3 que la educaci\u00f3n integral y el compromiso familiar permiten que los j\u00f3venes asuman un rol activo en la construcci\u00f3n de su futuro.<\/p>\n\n\n\n<p class=\"has-text-align-center\"><em><strong><em><strong><em><strong><em><strong><a href=\"https:\/\/t.me\/esreviral\">\u00daNETE A NUESTRO CANAL DE TELEGRAM PARA ESTAR INFORMADO<\/a><\/strong><\/em><\/strong><\/em><\/strong><\/em><\/strong><\/em><\/p>\n\n\n\n<p>\u201cCreer en nuestros estudiantes hace posible que hoy tengamos un representante de nuestra instituci\u00f3n al otro lado del mundo\u201d, expres\u00f3 en declaraciones recogidas por Radio Fe y Alegr\u00eda Noticias.<\/p>\n\n\n\n<p class=\"has-text-align-right\"><strong><em>Con Informaci\u00f3n de noticialdia.com.-<\/em><\/strong><\/p>\n\n\n\n<p><\/p>\n","protected":false},"excerpt":{"rendered":"<p>El evento se realizar\u00e1 del 5 al 8 de marzo en Da Nang<\/p>\n","protected":false},"author":3,"featured_media":88683,"comment_status":"closed","ping_status":"closed","sticky":false,"template":"","format":"standard","meta":{"jnews-multi-image_gallery":[],"jnews_single_post":{"format":"standard"},"jnews_primary_category":[],"jnews_social_meta":[],"jnews_review":[],"enable_review":"","type":"","name":"","summary":"","brand":"","sku":"","good":[],"bad":[],"score_override":"","override_value":"","rating":[],"price":[],"jnews_override_counter":[],"jnews_post_split":[],"footnotes":""},"categories":[43],"tags":[40506,36098,45,40507,30559],"class_list":["post-88682","post","type-post","status-publish","format-standard","has-post-thumbnail","hentry","category-actualidad","tag-competencia-internacional-de-matematicas-aplicadas","tag-estudiantes-venezolanos","tag-noticias","tag-viamc","tag-vietnam"],"amp_enabled":true,"_links":{"self":[{"href":"https:\/\/esreviral.com\/index.php?rest_route=\/wp\/v2\/posts\/88682"}],"collection":[{"href":"https:\/\/esreviral.com\/index.php?rest_route=\/wp\/v2\/posts"}],"about":[{"href":"https:\/\/esreviral.com\/index.php?rest_route=\/wp\/v2\/types\/post"}],"author":[{"embeddable":true,"href":"https:\/\/esreviral.com\/index.php?rest_route=\/wp\/v2\/users\/3"}],"replies":[{"embeddable":true,"href":"https:\/\/esreviral.com\/index.php?rest_route=%2Fwp%2Fv2%2Fcomments&post=88682"}],"version-history":[{"count":1,"href":"https:\/\/esreviral.com\/index.php?rest_route=\/wp\/v2\/posts\/88682\/revisions"}],"predecessor-version":[{"id":88684,"href":"https:\/\/esreviral.com\/index.php?rest_route=\/wp\/v2\/posts\/88682\/revisions\/88684"}],"wp:featuredmedia":[{"embeddable":true,"href":"https:\/\/esreviral.com\/index.php?rest_route=\/wp\/v2\/media\/88683"}],"wp:attachment":[{"href":"https:\/\/esreviral.com\/index.php?rest_route=%2Fwp%2Fv2%2Fmedia&parent=88682"}],"wp:term":[{"taxonomy":"category","embeddable":true,"href":"https:\/\/esreviral.com\/index.php?rest_route=%2Fwp%2Fv2%2Fcategories&post=88682"},{"taxonomy":"post_tag","embeddable":true,"href":"https:\/\/esreviral.com\/index.php?rest_route=%2Fwp%2Fv2%2Ftags&post=88682"}],"curies":[{"name":"wp","href":"https:\/\/api.w.org\/{rel}","templated":true}]}}