{"id":88520,"date":"2026-02-26T15:41:32","date_gmt":"2026-02-26T20:41:32","guid":{"rendered":"https:\/\/esreviral.com\/?p=88520"},"modified":"2026-02-26T15:41:33","modified_gmt":"2026-02-26T20:41:33","slug":"lo-nuevo-de-instagram-notificara-a-padres-si-sus-hijos-buscan-contenido-sobre-suicidio-o-autolesiones","status":"publish","type":"post","link":"https:\/\/esreviral.com\/?p=88520","title":{"rendered":"Lo nuevo de Instagram: notificar\u00e1 a padres si sus hijos buscan contenido sobre suicidio o autolesiones"},"content":{"rendered":"\n<p>Instagram anunci\u00f3 que <strong>\u201cla semana que viene\u201d empezar\u00e1 a notificar a los padres si su hijo adolescente \u201cintenta buscar repetidamente t\u00e9rminos relacionados con el suicidio o la autolesi\u00f3n\u201d <\/strong>en su red social, seg\u00fan anunci\u00f3 este jueves su compa\u00f1\u00eda matriz, Meta.<\/p>\n\n\n\n<p>Esta medida se activar\u00e1 para los padres de EE. UU., <strong>Reino Unido, Australia y Canad\u00e1 que usan las herramientas de supervisi\u00f3n parental de la red social, y estar\u00e1 disponible en otras regiones \u201ca finales de este a\u00f1o\u201d.<\/strong><\/p>\n\n\n\n<p><strong>\u201cEstas alertas est\u00e1n dise\u00f1adas para brindar a los padres la informaci\u00f3n necesaria para apoyar a sus hijos adolescentes e incluyen recursos especializados para ayudarlos a abordar estas conversaciones delicadas\u201d,<\/strong> se\u00f1ala en un comunicado la compa\u00f1\u00eda, que est\u00e1 siendo investigada en m\u00faltiples juicios por presuntamente fomentar efectos perjudiciales en la salud mental de los menores.<\/p>\n\n\n\n<p>Las b\u00fasquedas que activar\u00e1n la alerta incluyen frases que sugieran que un adolescente quiere autolesionarse y t\u00e9rminos como \u201csuicidio\u201d o \u201cautolesi\u00f3n\u201d.<\/p>\n\n\n\n<p>Dichos avisos <strong>se enviar\u00e1n a los padres por correo electr\u00f3nico, SMS o WhatsApp, <\/strong>seg\u00fan la informaci\u00f3n de contacto disponible, as\u00ed como mediante una notificaci\u00f3n en la aplicaci\u00f3n.<\/p>\n\n\n\n<p>\u201cAl hacer clic la notificaci\u00f3n, se abrir\u00e1 un mensaje a pantalla completa explicando que su hijo adolescente ha intentado buscar repetidamente en Instagram t\u00e9rminos relacionados con el suicidio o la autolesi\u00f3n en un corto per\u00edodo de tiempo. Los padres tambi\u00e9n tendr\u00e1n la opci\u00f3n de consultar recursos de expertos dise\u00f1ados para ayudarles a abordar conversaciones potencialmente delicadas con su hijo adolescente\u201d, anota Meta.<\/p>\n\n\n\n<p>La tecnol\u00f3gica subraya que tiene \u201cpol\u00edticas estrictas contra el contenido que promueve o glorifica el suicidio o la autolesi\u00f3n\u201d, pero que permite \u201cque las personas compartan contenido sobre sus propias dificultades con estos problemas\u201d, contenido que se oculta \u201ca los adolescentes, incluso si lo comparte alguien a quien siguen\u201d.<\/p>\n\n\n\n<p>\u201cSabemos que los adolescentes recurren cada vez m\u00e1s a la inteligencia artificial (IA) en busca de apoyo. Si bien nuestra IA ya est\u00e1 entrenada para responder de forma segura a los adolescentes y proporcionar recursos sobre estos temas seg\u00fan corresponda, ahora estamos creando alertas parentales similares para ciertas experiencias de IA\u201d, adelanta Meta en su comunicado.<\/p>\n\n\n\n<p>Estas alertar\u00e1n a los padres si un adolescente intenta entablar ciertos tipos de conversaciones relacionadas con el suicidio o la autolesi\u00f3n con la IA.<\/p>\n\n\n\n<p>Seg\u00fan la empresa, este es un trabajo importante y compartir\u00e1n m\u00e1s informaci\u00f3n en los \u201cpr\u00f3ximos meses\u201d.<\/p>\n\n\n\n<p class=\"has-text-align-right\"><strong><em>LCU.-<\/em><\/strong><\/p>\n","protected":false},"excerpt":{"rendered":"<p>Instagram anunci\u00f3 que \u201cla semana que viene\u201d empezar\u00e1 a notificar a los padres si su hijo adolescente \u201cintenta buscar repetidamente t\u00e9rminos relacionados con el suicidio o la autolesi\u00f3n\u201d en su red social, seg\u00fan anunci\u00f3 este jueves su compa\u00f1\u00eda matriz, Meta. Esta medida se activar\u00e1 para los padres de EE. UU., Reino Unido, Australia y Canad\u00e1 [&hellip;]<\/p>\n","protected":false},"author":2,"featured_media":88522,"comment_status":"closed","ping_status":"closed","sticky":false,"template":"","format":"standard","meta":{"jnews-multi-image_gallery":[],"jnews_single_post":{"format":"standard"},"jnews_primary_category":[],"jnews_social_meta":[],"jnews_review":[],"enable_review":"","type":"","name":"","summary":"","brand":"","sku":"","good":[],"bad":[],"score_override":"","override_value":"","rating":[],"price":[],"jnews_override_counter":[],"jnews_post_split":[],"footnotes":""},"categories":[1165],"tags":[136,635,45],"class_list":["post-88520","post","type-post","status-publish","format-standard","has-post-thumbnail","hentry","category-tecnologia","tag-estados-unidos","tag-instagram","tag-noticias"],"amp_enabled":true,"_links":{"self":[{"href":"https:\/\/esreviral.com\/index.php?rest_route=\/wp\/v2\/posts\/88520"}],"collection":[{"href":"https:\/\/esreviral.com\/index.php?rest_route=\/wp\/v2\/posts"}],"about":[{"href":"https:\/\/esreviral.com\/index.php?rest_route=\/wp\/v2\/types\/post"}],"author":[{"embeddable":true,"href":"https:\/\/esreviral.com\/index.php?rest_route=\/wp\/v2\/users\/2"}],"replies":[{"embeddable":true,"href":"https:\/\/esreviral.com\/index.php?rest_route=%2Fwp%2Fv2%2Fcomments&post=88520"}],"version-history":[{"count":1,"href":"https:\/\/esreviral.com\/index.php?rest_route=\/wp\/v2\/posts\/88520\/revisions"}],"predecessor-version":[{"id":88523,"href":"https:\/\/esreviral.com\/index.php?rest_route=\/wp\/v2\/posts\/88520\/revisions\/88523"}],"wp:featuredmedia":[{"embeddable":true,"href":"https:\/\/esreviral.com\/index.php?rest_route=\/wp\/v2\/media\/88522"}],"wp:attachment":[{"href":"https:\/\/esreviral.com\/index.php?rest_route=%2Fwp%2Fv2%2Fmedia&parent=88520"}],"wp:term":[{"taxonomy":"category","embeddable":true,"href":"https:\/\/esreviral.com\/index.php?rest_route=%2Fwp%2Fv2%2Fcategories&post=88520"},{"taxonomy":"post_tag","embeddable":true,"href":"https:\/\/esreviral.com\/index.php?rest_route=%2Fwp%2Fv2%2Ftags&post=88520"}],"curies":[{"name":"wp","href":"https:\/\/api.w.org\/{rel}","templated":true}]}}