{"id":88511,"date":"2026-02-26T11:08:53","date_gmt":"2026-02-26T16:08:53","guid":{"rendered":"https:\/\/esreviral.com\/?p=88511"},"modified":"2026-02-26T11:08:56","modified_gmt":"2026-02-26T16:08:56","slug":"mas-de-120-ong-venezolanas-denuncian-deficiencias-de-la-ley-de-amnistia-y-exigen-el-cese-inmediato-de-la-persecucion-politica","status":"publish","type":"post","link":"https:\/\/esreviral.com\/?p=88511","title":{"rendered":"M\u00e1s de 120 ONG venezolanas denuncian deficiencias de la Ley de Amnist\u00eda y exigen el cese inmediato de la persecuci\u00f3n pol\u00edtica"},"content":{"rendered":"\n<p>M\u00e1s de 120 organizaciones de la sociedad civil venezolana, dentro y fuera del pa\u00eds, denunciaron este jueves que la reci\u00e9n aprobada Ley de Amnist\u00eda para la Convivencia Democr\u00e1tica presenta graves deficiencias que comprometen su efectividad como instrumento de reconciliaci\u00f3n nacional. En un comunicado conjunto, las ONG advirtieron que la norma excluye a un n\u00famero significativo de presos pol\u00edticos, carece de mecanismos de verdad y reparaci\u00f3n, y no garantiza la no repetici\u00f3n de violaciones de derechos humanos.<\/p>\n\n\n\n<p>Las organizaciones se\u00f1alaron que, pese a que la ley se define como una amnist\u00eda \u201cgeneral y plena\u201d, su alcance est\u00e1 limitado a episodios espec\u00edficos y deja por fuera a al menos 181 militares presos pol\u00edticos, adem\u00e1s de decenas de civiles vinculados a esos procesos. \u201cEl texto excluye un n\u00famero significativo de casos de personas privadas de libertad por razones pol\u00edticas, particularmente militares\u201d, indica el comunicado, citando que existen aproximadamente 800 casos documentados de presos pol\u00edticos en total.<\/p>\n\n\n\n<p>Las ONG alertaron que la ley no incorpora elementos esenciales de justicia transicional. El documento subraya que el instrumento no reconoce el derecho individual y colectivo a la verdad, no crea instancias para esclarecer los hechos ni exige reconocimiento de responsabilidad para acceder a los beneficios. \u201cUn instrumento que prescinda de estos elementos representa un riesgo de perpetuar ciclos de impunidad\u201d, advierten.<\/p>\n\n\n\n<p>Asimismo, cuestionan que la ley no establece un sistema integral de reparaci\u00f3n para las v\u00edctimas, ni contempla medidas de restituci\u00f3n, indemnizaci\u00f3n, rehabilitaci\u00f3n o memoria hist\u00f3rica. Tambi\u00e9n se\u00f1alan que el art\u00edculo 9, que excluye de la amnist\u00eda violaciones graves a los derechos humanos, deja la evaluaci\u00f3n de esos casos en manos de instituciones cuya independencia \u201cha sido ampliamente cuestionada\u201d.<\/p>\n\n\n\n<p><strong><mark style=\"background-color:rgba(0, 0, 0, 0)\" class=\"has-inline-color has-vivid-red-color\">Preocupaci\u00f3n por el retorno de exiliados y las inhabilitaciones pol\u00edticas<\/mark><\/strong><\/p>\n\n\n\n<p>El comunicado tambi\u00e9n critica que la ley no garantiza condiciones seguras para el retorno de personas exiliadas. Aunque el art\u00edculo 7 permite representaci\u00f3n legal para quienes est\u00e1n fuera del pa\u00eds, exige su comparecencia personal posterior ante tribunales sin asegurar que no ser\u00e1n detenidos. \u201cLa incertidumbre normativa puede desalentar el regreso de muchas personas\u201d, advierten.<\/p>\n\n\n\n<p>Las organizaciones tambi\u00e9n se\u00f1alan la ausencia de medidas para anular las inhabilitaciones pol\u00edticas, lo que consideran una omisi\u00f3n grave que impide la reintegraci\u00f3n plena a la vida p\u00fablica.<\/p>\n\n\n\n<p>Las ONG cuestionaron la creaci\u00f3n de una Comisi\u00f3n Especial de seguimiento, prevista en el art\u00edculo 15, por ser de car\u00e1cter pol\u00edtico-administrativo y no contar con autonom\u00eda t\u00e9cnica ni supervisi\u00f3n internacional. Aseguran que, sin un mandato claro para investigar, esclarecer la verdad o formular pol\u00edticas de reparaci\u00f3n, la comisi\u00f3n corre el riesgo de convertirse en un \u00f3rgano de discrecionalidad pol\u00edtica.<\/p>\n\n\n\n<p>Las organizaciones instaron a las autoridades a adoptar reformas complementarias que incluyan la creaci\u00f3n de una Comisi\u00f3n de la Verdad independiente; la anulaci\u00f3n de inhabilitaciones pol\u00edticas; un sistema integral de reparaci\u00f3n para las v\u00edctimas; y reformas institucionales que garanticen la independencia judicial y el cese de la criminalizaci\u00f3n de la disidencia.<\/p>\n\n\n\n<p>Finalmente, las ONG exigieron el cese inmediato de la persecuci\u00f3n pol\u00edtica y la liberaci\u00f3n de todas las personas detenidas injustamente. \u201cLa verdadera convivencia democr\u00e1tica no se construye con un perd\u00f3n otorgado por el victimario sin reconocimiento de la falta, sino mediante un proceso integral en el que el Estado rinda cuentas y las v\u00edctimas sean resarcidas\u201d, concluye el comunicado.<\/p>\n","protected":false},"excerpt":{"rendered":"<p>M\u00e1s de 120 organizaciones de la sociedad civil venezolana, dentro y fuera del pa\u00eds, denunciaron este jueves que la reci\u00e9n aprobada Ley de Amnist\u00eda para la Convivencia Democr\u00e1tica presenta graves deficiencias que comprometen su efectividad como instrumento de reconciliaci\u00f3n nacional. En un comunicado conjunto, las ONG advirtieron que la norma excluye a un n\u00famero significativo [&hellip;]<\/p>\n","protected":false},"author":2,"featured_media":88513,"comment_status":"closed","ping_status":"closed","sticky":false,"template":"","format":"standard","meta":{"jnews-multi-image_gallery":[],"jnews_single_post":{"format":"standard"},"jnews_primary_category":[],"jnews_social_meta":[],"jnews_review":[],"enable_review":"","type":"","name":"","summary":"","brand":"","sku":"","good":[],"bad":[],"score_override":"","override_value":"","rating":[],"price":[],"jnews_override_counter":[],"jnews_post_split":[],"footnotes":""},"categories":[66],"tags":[40212,45,56],"class_list":["post-88511","post","type-post","status-publish","format-standard","has-post-thumbnail","hentry","category-venezuela","tag-ley-amnistia-2","tag-noticias","tag-venezuela"],"amp_enabled":true,"_links":{"self":[{"href":"https:\/\/esreviral.com\/index.php?rest_route=\/wp\/v2\/posts\/88511"}],"collection":[{"href":"https:\/\/esreviral.com\/index.php?rest_route=\/wp\/v2\/posts"}],"about":[{"href":"https:\/\/esreviral.com\/index.php?rest_route=\/wp\/v2\/types\/post"}],"author":[{"embeddable":true,"href":"https:\/\/esreviral.com\/index.php?rest_route=\/wp\/v2\/users\/2"}],"replies":[{"embeddable":true,"href":"https:\/\/esreviral.com\/index.php?rest_route=%2Fwp%2Fv2%2Fcomments&post=88511"}],"version-history":[{"count":1,"href":"https:\/\/esreviral.com\/index.php?rest_route=\/wp\/v2\/posts\/88511\/revisions"}],"predecessor-version":[{"id":88514,"href":"https:\/\/esreviral.com\/index.php?rest_route=\/wp\/v2\/posts\/88511\/revisions\/88514"}],"wp:featuredmedia":[{"embeddable":true,"href":"https:\/\/esreviral.com\/index.php?rest_route=\/wp\/v2\/media\/88513"}],"wp:attachment":[{"href":"https:\/\/esreviral.com\/index.php?rest_route=%2Fwp%2Fv2%2Fmedia&parent=88511"}],"wp:term":[{"taxonomy":"category","embeddable":true,"href":"https:\/\/esreviral.com\/index.php?rest_route=%2Fwp%2Fv2%2Fcategories&post=88511"},{"taxonomy":"post_tag","embeddable":true,"href":"https:\/\/esreviral.com\/index.php?rest_route=%2Fwp%2Fv2%2Ftags&post=88511"}],"curies":[{"name":"wp","href":"https:\/\/api.w.org\/{rel}","templated":true}]}}