{"id":88447,"date":"2026-02-25T08:18:41","date_gmt":"2026-02-25T13:18:41","guid":{"rendered":"https:\/\/esreviral.com\/?p=88447"},"modified":"2026-02-25T08:18:42","modified_gmt":"2026-02-25T13:18:42","slug":"estudiante-venezolana-gano-el-premio-finley-2026-por-su-liderazgo-y-compromiso-social","status":"publish","type":"post","link":"https:\/\/esreviral.com\/?p=88447","title":{"rendered":"Estudiante venezolana gan\u00f3 el Premio Finley 2026 por su liderazgo y compromiso social"},"content":{"rendered":"\n<p>La estudiante venezolana <strong>Dilberlyn \u201cDidi\u201d Garc\u00eda Gonz\u00e1lez<\/strong> fue reconocida con el <strong>Premio Finley 2026<\/strong> de la Escuela Secundaria Hoover, uno de los galardones m\u00e1s importantes otorgados a estudiantes por su car\u00e1cter, liderazgo y servicio comunitario.<\/p>\n\n\n\n<p>El reconocimiento fue anunciado por el Comit\u00e9 Finley, que sorprendi\u00f3 a la joven durante una actividad escolar para destacar su impacto positivo dentro de la instituci\u00f3n educativa y su ejemplo de liderazgo basado en valores, siguiendo el legado del recordado entrenador Bob Finley, figura que inspira este premio enfocado en la formaci\u00f3n del car\u00e1cter estudiantil.<\/p>\n\n\n\n<p class=\"has-text-align-center\"><strong><a href=\"https:\/\/chat.whatsapp.com\/KWkTmakY3I05kNdd2oZl6d\"><em>\u00daNETE A NUESTRO GRUPO DE WHATSAPP PARA ESTAR INFORMADO<\/em><\/a><\/strong><\/p>\n\n\n\n<figure class=\"wp-block-image size-large is-resized\"><img fetchpriority=\"high\" decoding=\"async\" width=\"1024\" height=\"694\" src=\"https:\/\/esreviral.com\/wp-content\/uploads\/2026\/02\/AnyConv.com__640183417_18364720132160002_703390603076968776_n-1024x694.webp\" alt=\"\" class=\"wp-image-88449\" style=\"width:1071px;height:auto\" srcset=\"https:\/\/esreviral.com\/wp-content\/uploads\/2026\/02\/AnyConv.com__640183417_18364720132160002_703390603076968776_n-1024x694.webp 1024w, https:\/\/esreviral.com\/wp-content\/uploads\/2026\/02\/AnyConv.com__640183417_18364720132160002_703390603076968776_n-300x203.webp 300w, https:\/\/esreviral.com\/wp-content\/uploads\/2026\/02\/AnyConv.com__640183417_18364720132160002_703390603076968776_n-768x521.webp 768w, https:\/\/esreviral.com\/wp-content\/uploads\/2026\/02\/AnyConv.com__640183417_18364720132160002_703390603076968776_n.webp 1440w\" sizes=\"(max-width: 1024px) 100vw, 1024px\" \/><\/figure>\n\n\n\n<p><\/p>\n\n\n\n<h3 class=\"wp-block-heading\"><strong><mark style=\"background-color:rgba(0, 0, 0, 0)\" class=\"has-inline-color has-vivid-red-color\">Liderazgo con impacto social<\/mark><\/strong><\/h3>\n\n\n\n<p>Didi ha desarrollado un papel activo dentro de la comunidad escolar. Actualmente se desempe\u00f1a como presidenta de la Dinast\u00eda Hoover, representante de la Asociaci\u00f3n de Gobierno Estudiantil (SGA) y colaboradora de apoyo entre compa\u00f1eros, roles desde los cuales impulsa iniciativas de inclusi\u00f3n y bienestar estudiantil.<\/p>\n\n\n\n<p>Entre sus proyectos m\u00e1s destacados se encuentra la organizaci\u00f3n del movimiento <strong>\u201cT\u00fa Importas\u201d<\/strong>, una iniciativa creada para promover que cada estudiante se sienta valorado dentro del entorno escolar. Tambi\u00e9n coordin\u00f3 el Festival de la Comida Compartida de Hoover, un evento destinado a celebrar la diversidad cultural y a integrar a familias multiling\u00fces.<\/p>\n\n\n\n<p>Adem\u00e1s, ha liderado actividades inclusivas dirigidas a estudiantes con necesidades especiales y ejerce como mentora de alumnos m\u00e1s j\u00f3venes, consolidando un liderazgo caracterizado por la empat\u00eda y el servicio.<\/p>\n\n\n\n<figure class=\"wp-block-image size-large\"><img decoding=\"async\" src=\"https:\/\/scontent.faep14-3.fna.fbcdn.net\/v\/t51.82787-15\/640323630_18364720186160002_1129426885882069015_n.jpg?_nc_cat=100&amp;ccb=1-7&amp;_nc_sid=13d280&amp;_nc_ohc=YDHV4KPOXxEQ7kNvwGuyYHV&amp;_nc_oc=AdktzDCsxxeLSdumdof7LVGlARmmvzeVZPHjTtB5WL5Rrox3PCVWGEx3GpLNPaCfMc5FktwdcA4Cscw02I5_hkGF&amp;_nc_zt=23&amp;_nc_ht=scontent.faep14-3.fna&amp;_nc_gid=GKcPDDBBesAuRdNUnLCKsg&amp;oh=00_AfsrADAP4qLw5xSTaVg-SiEX82klwikaYVGdOwrLm9wfrQ&amp;oe=69A4D8B6\" alt=\"\"\/><\/figure>\n\n\n\n<h3 class=\"wp-block-heading\"><strong><mark style=\"background-color:rgba(0, 0, 0, 0)\" class=\"has-inline-color has-vivid-red-color\">Una historia de resiliencia migrante<\/mark><\/strong><\/h3>\n\n\n\n<p>Garc\u00eda Gonz\u00e1lez emigr\u00f3 desde Venezuela y ha demostrado una notable capacidad de adaptaci\u00f3n. Como estudiante de ingl\u00e9s, logr\u00f3 mantener la excelencia acad\u00e9mica mientras aprend\u00eda un nuevo idioma y se integraba a una cultura distinta.<\/p>\n\n\n\n<p>Docentes y miembros del comit\u00e9 destacaron que su perseverancia, humildad y \u00e9tica de trabajo reflejan los valores que busca reconocer el Premio Finley, otorgado cada a\u00f1o a estudiantes que dejan una huella positiva y duradera en su comunidad educativa.<\/p>\n\n\n\n<h3 class=\"wp-block-heading\"><strong><mark style=\"background-color:rgba(0, 0, 0, 0)\" class=\"has-inline-color has-vivid-red-color\">Un reconocimiento al car\u00e1cter<\/mark><\/strong><\/h3>\n\n\n\n<p>El Premio Finley distingue a j\u00f3venes que demuestran integridad, compasi\u00f3n, responsabilidad y liderazgo silencioso, cualidades asociadas al legado del entrenador Bob Finley, recordado por su dedicaci\u00f3n a la formaci\u00f3n humana de generaciones de estudiantes.<\/p>\n\n\n\n<p>Aunque no busca protagonismo, el impacto de Didi se siente en toda la Escuela Secundaria Hoover, donde su compromiso con la inclusi\u00f3n y el servicio ha contribuido a fortalecer el sentido de pertenencia entre los estudiantes.<\/p>\n\n\n\n<p>Su historia representa no solo un logro personal, sino tambi\u00e9n el ejemplo de c\u00f3mo la resiliencia, la educaci\u00f3n y el liderazgo pueden transformar comunidades m\u00e1s all\u00e1 de las fronteras.<\/p>\n\n\n\n<p><\/p>\n\n\n\n<p class=\"has-text-align-center\"><em><strong><em><strong><em><strong><em><strong><a href=\"https:\/\/t.me\/esreviral\">\u00daNETE A NUESTRO CANAL DE TELEGRAM PARA ESTAR INFORMADO<\/a><\/strong><\/em><\/strong><\/em><\/strong><\/em><\/strong><\/em><\/p>\n\n\n\n<figure class=\"wp-block-image size-large\"><img decoding=\"async\" src=\"https:\/\/scontent.faep14-3.fna.fbcdn.net\/v\/t51.82787-15\/640188878_18364720168160002_3145845408726084468_n.jpg?_nc_cat=102&amp;ccb=1-7&amp;_nc_sid=13d280&amp;_nc_ohc=eITxrIjHo-QQ7kNvwFDrOVH&amp;_nc_oc=AdkzYR4qM9HlKSwVIrMpckMiI_l34qf5XtSCxl4pT7bqC8fmTsw3kXcZSk1KOUw-Ziu1ReUrw_eDfmfwkXHn2uLN&amp;_nc_zt=23&amp;_nc_ht=scontent.faep14-3.fna&amp;_nc_gid=MdYavHJf__2iHgdPG6F0dw&amp;oh=00_AftgqsRaajdWQ7ZQEbvdyLgLqyVsTPdXwKV2NqgAdubi5A&amp;oe=69A4C16C\" alt=\"\"\/><\/figure>\n\n\n\n<p><\/p>\n\n\n\n<p class=\"has-text-align-right\"><strong><em>Con Informaci\u00f3n de Hoover City Schools<\/em><\/strong>.-<\/p>\n","protected":false},"excerpt":{"rendered":"<p>Resiliente, compasiva, humilde y motivada: as\u00ed describen a Dilberlyn \u201cDidi\u201d Garc\u00eda Gonz\u00e1lez, galardonada con el Premio Finley 2026 en la Escuela Secundaria Hoover. Este prestigioso reconocimiento honra a estudiantes que encarnan el car\u00e1cter y el liderazgo de servicio promovidos por el legado del entrenador Bob Finley, destacando el impacto duradero de Didi en su comunidad educativa a trav\u00e9s de iniciativas inclusivas y su dedicaci\u00f3n al apoyo de sus compa\u00f1eros.<\/p>\n","protected":false},"author":3,"featured_media":88448,"comment_status":"closed","ping_status":"closed","sticky":false,"template":"","format":"standard","meta":{"jnews-multi-image_gallery":[],"jnews_single_post":{"format":"standard"},"jnews_primary_category":[],"jnews_social_meta":[],"jnews_review":[],"enable_review":"","type":"","name":"","summary":"","brand":"","sku":"","good":[],"bad":[],"score_override":"","override_value":"","rating":[],"price":[],"jnews_override_counter":[],"jnews_post_split":[],"footnotes":""},"categories":[43,54],"tags":[136,45,40184,25681],"class_list":["post-88447","post","type-post","status-publish","format-standard","has-post-thumbnail","hentry","category-actualidad","category-inmigracion","tag-estados-unidos","tag-noticias","tag-premio-finley-2026","tag-venezolana"],"amp_enabled":true,"_links":{"self":[{"href":"https:\/\/esreviral.com\/index.php?rest_route=\/wp\/v2\/posts\/88447"}],"collection":[{"href":"https:\/\/esreviral.com\/index.php?rest_route=\/wp\/v2\/posts"}],"about":[{"href":"https:\/\/esreviral.com\/index.php?rest_route=\/wp\/v2\/types\/post"}],"author":[{"embeddable":true,"href":"https:\/\/esreviral.com\/index.php?rest_route=\/wp\/v2\/users\/3"}],"replies":[{"embeddable":true,"href":"https:\/\/esreviral.com\/index.php?rest_route=%2Fwp%2Fv2%2Fcomments&post=88447"}],"version-history":[{"count":1,"href":"https:\/\/esreviral.com\/index.php?rest_route=\/wp\/v2\/posts\/88447\/revisions"}],"predecessor-version":[{"id":88450,"href":"https:\/\/esreviral.com\/index.php?rest_route=\/wp\/v2\/posts\/88447\/revisions\/88450"}],"wp:featuredmedia":[{"embeddable":true,"href":"https:\/\/esreviral.com\/index.php?rest_route=\/wp\/v2\/media\/88448"}],"wp:attachment":[{"href":"https:\/\/esreviral.com\/index.php?rest_route=%2Fwp%2Fv2%2Fmedia&parent=88447"}],"wp:term":[{"taxonomy":"category","embeddable":true,"href":"https:\/\/esreviral.com\/index.php?rest_route=%2Fwp%2Fv2%2Fcategories&post=88447"},{"taxonomy":"post_tag","embeddable":true,"href":"https:\/\/esreviral.com\/index.php?rest_route=%2Fwp%2Fv2%2Ftags&post=88447"}],"curies":[{"name":"wp","href":"https:\/\/api.w.org\/{rel}","templated":true}]}}