{"id":88436,"date":"2026-02-25T07:15:24","date_gmt":"2026-02-25T12:15:24","guid":{"rendered":"https:\/\/esreviral.com\/?p=88436"},"modified":"2026-02-25T07:15:25","modified_gmt":"2026-02-25T12:15:25","slug":"reabrio-la-estacion-uruguay-de-la-linea-b-tras-obras-de-modernizacion","status":"publish","type":"post","link":"https:\/\/esreviral.com\/?p=88436","title":{"rendered":"Reabri\u00f3 la estaci\u00f3n Uruguay de la l\u00ednea B tras obras de modernizaci\u00f3n"},"content":{"rendered":"\n<p><strong>La estaci\u00f3n Uruguay de la l\u00ednea B del Subte de Buenos Aires reabri\u00f3 este mi\u00e9rcoles 25 de febrero<\/strong>, luego de permanecer cerrada desde fines de 2025 por obras de modernizaci\u00f3n. Los trabajos se realizaron en el marco del Plan de Renovaci\u00f3n Integral impulsado por Subterr\u00e1neos de Buenos Aires S.E..<\/p>\n\n\n\n<p>El cierre form\u00f3 parte del programa que lleva adelante la empresa estatal con el objetivo de mejorar la infraestructura y las condiciones de viaje para los usuarios.<\/p>\n\n\n\n<p class=\"has-text-align-center\"><strong><a href=\"https:\/\/chat.whatsapp.com\/KWkTmakY3I05kNdd2oZl6d\"><em>\u00daNETE A NUESTRO GRUPO DE WHATSAPP PARA ESTAR INFORMADO<\/em><\/a><\/strong><\/p>\n\n\n\n<figure class=\"wp-block-image size-large\"><img decoding=\"async\" src=\"https:\/\/www.clarin.com\/img\/2026\/02\/24\/qGb-eS8xq_1256x620__1.jpg\" alt=\"\"\/><\/figure>\n\n\n\n<h3 class=\"wp-block-heading\"><strong><mark style=\"background-color:rgba(0, 0, 0, 0)\" class=\"has-inline-color has-vivid-red-color\">Qu\u00e9 obras se realizaron en la estaci\u00f3n Uruguay<\/mark><\/strong><\/h3>\n\n\n\n<p>Las tareas incluidas en el Plan de Renovaci\u00f3n Integral de Estaciones contemplaron:<\/p>\n\n\n\n<ul class=\"wp-block-list\">\n<li>Impermeabilizaci\u00f3n y trabajos de pintura.<\/li>\n\n\n\n<li>Colocaci\u00f3n de revestimientos met\u00e1licos para el tratamiento y la prevenci\u00f3n de filtraciones.<\/li>\n\n\n\n<li>Recambio total de pisos y carteler\u00eda.<\/li>\n\n\n\n<li>Instalaci\u00f3n de nuevas luces LED, se\u00f1alizaci\u00f3n en braille y nuevo mobiliario.<\/li>\n\n\n\n<li>Restauraci\u00f3n de murales.<\/li>\n<\/ul>\n\n\n\n<p>Adem\u00e1s, se desarroll\u00f3 un proyecto de renovaci\u00f3n art\u00edstica vinculado con la avenida Corrientes y sus teatros, que incorpora telones, butacas, luminarias tipo marquesina y candilejas, seg\u00fan inform\u00f3 Emova.<\/p>\n\n\n\n<p>\u201cLa instalaci\u00f3n busca que los usuarios vivan la misma atm\u00f3sfera teatral de la zona\u201d, se\u00f1alaron desde la empresa en sus redes oficiales.<\/p>\n\n\n\n<h3 class=\"wp-block-heading\"><strong><mark style=\"background-color:rgba(0, 0, 0, 0)\" class=\"has-inline-color has-vivid-red-color\">Plan de Renovaci\u00f3n Integral: estaciones ya renovadas<\/mark><\/strong><\/h3>\n\n\n\n<p><strong>L\u00ednea A<\/strong><\/p>\n\n\n\n<ul class=\"wp-block-list\">\n<li>Castro Barros<\/li>\n\n\n\n<li>Lima<\/li>\n\n\n\n<li>Loria<\/li>\n\n\n\n<li>Acoyte<\/li>\n\n\n\n<li>R\u00edo de Janeiro<\/li>\n<\/ul>\n\n\n\n<p><\/p>\n\n\n\n<p><strong>L\u00ednea B<\/strong><\/p>\n\n\n\n<ul class=\"wp-block-list\">\n<li>Pueyrred\u00f3n<\/li>\n\n\n\n<li>Pasteur-AMIA<\/li>\n\n\n\n<li>Carlos Gardel<\/li>\n\n\n\n<li>Uruguay<\/li>\n<\/ul>\n\n\n\n<p><\/p>\n\n\n\n<p><strong>L\u00ednea C<\/strong><\/p>\n\n\n\n<ul class=\"wp-block-list\">\n<li>San Mart\u00edn<\/li>\n<\/ul>\n\n\n\n<p><\/p>\n\n\n\n<p><strong>L\u00ednea D<\/strong><\/p>\n\n\n\n<ul class=\"wp-block-list\">\n<li>Plaza Italia<\/li>\n\n\n\n<li>Ag\u00fcero<\/li>\n\n\n\n<li>Bulnes<\/li>\n\n\n\n<li>Facultad de Medicina<\/li>\n\n\n\n<li>Scalabrini Ortiz<\/li>\n\n\n\n<li>Palermo<\/li>\n<\/ul>\n\n\n\n<p><\/p>\n\n\n\n<figure class=\"wp-block-image size-large\"><img decoding=\"async\" src=\"https:\/\/tn.com.ar\/resizer\/v2\/la-estacion-uruguay-permanecio-cerrada-desde-septiembre-de-2025-foto-instagrambasubte-DFQMJBB2PVFL7AAM2RGTRRKVTQ.jpg?auth=1b0364b9ef9f2eee958b87366469cba81d4367d3488bd76dd7fda284ce51b23f&amp;width=1440\" alt=\"\"\/><\/figure>\n\n\n\n<p><\/p>\n\n\n\n<p><strong>L\u00ednea E<\/strong><\/p>\n\n\n\n<ul class=\"wp-block-list\">\n<li>Jujuy<\/li>\n<\/ul>\n\n\n\n<h3 class=\"wp-block-heading\"><strong><mark style=\"background-color:rgba(0, 0, 0, 0)\" class=\"has-inline-color has-vivid-red-color\">Estaciones que contin\u00faan cerradas por obras<\/mark><\/strong><\/h3>\n\n\n\n<p><strong>L\u00ednea A<\/strong><\/p>\n\n\n\n<ul class=\"wp-block-list\">\n<li>Piedras<\/li>\n\n\n\n<li>Congreso<\/li>\n<\/ul>\n\n\n\n<p><\/p>\n\n\n\n<p><strong>L\u00ednea B<\/strong><\/p>\n\n\n\n<ul class=\"wp-block-list\">\n<li>Malabia<\/li>\n<\/ul>\n\n\n\n<p><\/p>\n\n\n\n<p>Los trabajos de renovaci\u00f3n continuar\u00e1n en Tribunales (l\u00ednea D); Medrano y \u00c1ngel Gallardo (l\u00ednea B); Lavalle e Independencia (l\u00ednea C); y General Urquiza y Entre R\u00edos (l\u00ednea E).<\/p>\n\n\n\n<p class=\"has-text-align-center\"><em><strong><em><strong><em><strong><em><strong><a href=\"https:\/\/t.me\/esreviral\">\u00daNETE A NUESTRO CANAL DE TELEGRAM PARA ESTAR INFORMADO<\/a><\/strong><\/em><\/strong><\/em><\/strong><\/em><\/strong><\/em><\/p>\n\n\n\n<p>Asimismo, se encuentra en proceso de licitaci\u00f3n la remodelaci\u00f3n de S\u00e1enz Pe\u00f1a, Alberti y Pasco (l\u00ednea A), y Dorrego (l\u00ednea B).<\/p>\n\n\n\n<p class=\"has-text-align-right\"><strong><em>Con Informaci\u00f3n de TN.-<\/em><\/strong><\/p>\n","protected":false},"excerpt":{"rendered":"<p>La parada ubicada sobre la avenida Corrientes volvi\u00f3 a funcionar tras casi cinco meses cerrada por trabajos. Con su reapertura, ya son 17 los puntos de la red que fueron renovados.<\/p>\n","protected":false},"author":3,"featured_media":88437,"comment_status":"closed","ping_status":"closed","sticky":false,"template":"","format":"standard","meta":{"jnews-multi-image_gallery":[],"jnews_single_post":{"format":"standard"},"jnews_primary_category":[],"jnews_social_meta":[],"jnews_review":[],"enable_review":"","type":"","name":"","summary":"","brand":"","sku":"","good":[],"bad":[],"score_override":"","override_value":"","rating":[],"price":[],"jnews_override_counter":[],"jnews_post_split":[],"footnotes":""},"categories":[58],"tags":[44,40180,2010,22654,45,2379,28120,290,317],"class_list":["post-88436","post","type-post","status-publish","format-standard","has-post-thumbnail","hentry","category-argentina","tag-argentina","tag-estacion-uruguay","tag-gobierno-de-la-ciudad-de-buenos-aires","tag-linea-b-2","tag-noticias","tag-obras","tag-renovacion-2","tag-subte","tag-uruguay"],"amp_enabled":true,"_links":{"self":[{"href":"https:\/\/esreviral.com\/index.php?rest_route=\/wp\/v2\/posts\/88436"}],"collection":[{"href":"https:\/\/esreviral.com\/index.php?rest_route=\/wp\/v2\/posts"}],"about":[{"href":"https:\/\/esreviral.com\/index.php?rest_route=\/wp\/v2\/types\/post"}],"author":[{"embeddable":true,"href":"https:\/\/esreviral.com\/index.php?rest_route=\/wp\/v2\/users\/3"}],"replies":[{"embeddable":true,"href":"https:\/\/esreviral.com\/index.php?rest_route=%2Fwp%2Fv2%2Fcomments&post=88436"}],"version-history":[{"count":1,"href":"https:\/\/esreviral.com\/index.php?rest_route=\/wp\/v2\/posts\/88436\/revisions"}],"predecessor-version":[{"id":88438,"href":"https:\/\/esreviral.com\/index.php?rest_route=\/wp\/v2\/posts\/88436\/revisions\/88438"}],"wp:featuredmedia":[{"embeddable":true,"href":"https:\/\/esreviral.com\/index.php?rest_route=\/wp\/v2\/media\/88437"}],"wp:attachment":[{"href":"https:\/\/esreviral.com\/index.php?rest_route=%2Fwp%2Fv2%2Fmedia&parent=88436"}],"wp:term":[{"taxonomy":"category","embeddable":true,"href":"https:\/\/esreviral.com\/index.php?rest_route=%2Fwp%2Fv2%2Fcategories&post=88436"},{"taxonomy":"post_tag","embeddable":true,"href":"https:\/\/esreviral.com\/index.php?rest_route=%2Fwp%2Fv2%2Ftags&post=88436"}],"curies":[{"name":"wp","href":"https:\/\/api.w.org\/{rel}","templated":true}]}}