{"id":88408,"date":"2026-02-24T13:52:14","date_gmt":"2026-02-24T18:52:14","guid":{"rendered":"https:\/\/esreviral.com\/?p=88408"},"modified":"2026-02-24T14:12:04","modified_gmt":"2026-02-24T19:12:04","slug":"con-solo-ocho-anos-de-edad-joven-patinadora-busca-llegar-al-panamericano-en-buenos-aires","status":"publish","type":"post","link":"https:\/\/esreviral.com\/?p=88408","title":{"rendered":"Con solo ocho a\u00f1os de edad, joven patinadora busca llegar al Panamericano en Buenos Aires"},"content":{"rendered":"\n<p><strong><em>KQA.- <\/em><\/strong>Con apenas 8 a\u00f1os de edad, y a punto de cumplir 9 el pr\u00f3ximo 21 de marzo, <strong>Lucianna Cerme\u00f1o<\/strong> ya comienza a destacarse en el patinaje art\u00edstico. Lleg\u00f3 a Argentina cuando ten\u00eda apenas un a\u00f1o y, aunque no conserva recuerdos de Venezuela \u2014pa\u00eds de origen de su familia, espec\u00edficamente de Lecher\u00eda\u2014, asegur\u00f3 que se siente profundamente identificada con el pa\u00eds donde creci\u00f3.<\/p>\n\n\n\n<p><strong><em>\u201cYo me siento argentina. Amo este pa\u00eds\u201d,<\/em><\/strong> cont\u00f3 la peque\u00f1a patinadora, que hoy combina la escuela con intensos entrenamientos mientras persigue su sue\u00f1o de competir a nivel internacional. Actualmente entrena en el <strong>Club CEMEF de San Mart\u00edn<\/strong>, donde contin\u00faa desarrollando su carrera deportiva.<\/p>\n\n\n\n<p class=\"has-text-align-center\"><strong><a href=\"https:\/\/chat.whatsapp.com\/KWkTmakY3I05kNdd2oZl6d\"><em>\u00daNETE A NUESTRO GRUPO DE WHATSAPP PARA ESTAR INFORMADO<\/em><\/a><\/strong><\/p>\n\n\n<div class=\"wp-block-image\">\n<figure class=\"aligncenter size-large\"><img fetchpriority=\"high\" decoding=\"async\" width=\"768\" height=\"1024\" src=\"https:\/\/esreviral.com\/wp-content\/uploads\/2026\/02\/AnyConv.com__WhatsApp-Image-2026-02-24-at-2.24.31-PM-768x1024.webp\" alt=\"\" class=\"wp-image-88409\" srcset=\"https:\/\/esreviral.com\/wp-content\/uploads\/2026\/02\/AnyConv.com__WhatsApp-Image-2026-02-24-at-2.24.31-PM-768x1024.webp 768w, https:\/\/esreviral.com\/wp-content\/uploads\/2026\/02\/AnyConv.com__WhatsApp-Image-2026-02-24-at-2.24.31-PM-225x300.webp 225w, https:\/\/esreviral.com\/wp-content\/uploads\/2026\/02\/AnyConv.com__WhatsApp-Image-2026-02-24-at-2.24.31-PM-1152x1536.webp 1152w, https:\/\/esreviral.com\/wp-content\/uploads\/2026\/02\/AnyConv.com__WhatsApp-Image-2026-02-24-at-2.24.31-PM.webp 1200w\" sizes=\"(max-width: 768px) 100vw, 768px\" \/><\/figure><\/div>\n\n\n<h3 class=\"wp-block-heading\"><strong><mark style=\"background-color:rgba(0, 0, 0, 0)\" class=\"has-inline-color has-vivid-red-color\">Sus primeros pasos sobre ruedas<\/mark><\/strong><\/h3>\n\n\n\n<p><strong>Lucianna<\/strong> comenz\u00f3 a patinar durante la pandemia, cuando practicaba en el patio de su casa mientras viv\u00eda en Mendoza. Sin embargo, su formaci\u00f3n formal en el patinaje art\u00edstico empez\u00f3 en 2023, luego de mudarse a Buenos Aires. Ten\u00eda entonces 6 a\u00f1os de edad.<\/p>\n\n\n\n<p>Record\u00f3 su primera clase con mucha emoci\u00f3n. \u201c<strong><em>Me sent\u00eda muy feliz porque siempre me gust\u00f3 patinar\u201d,<\/em><\/strong> explic\u00f3. Desde el inicio, lo que m\u00e1s la atrap\u00f3 del deporte fue el compa\u00f1erismo, los entrenamientos y la adrenalina de las competencias.<\/p>\n\n\n\n<h3 class=\"wp-block-heading\"><strong><mark style=\"background-color:rgba(0, 0, 0, 0)\" class=\"has-inline-color has-vivid-red-color\">Subcampeona nacional a los 8 a\u00f1os de edad<\/mark><\/strong><\/h3>\n\n\n\n<p>En octubre de 2025 particip\u00f3 en el <strong>Campeonato Nacional de Patinaje Art\u00edstico,<\/strong> donde obtuvo el t\u00edtulo de subcampeona con solo 8 a\u00f1os de edad. Para ella, ese momento fue inolvidable.<\/p>\n\n\n\n<p><strong><em>\u201cFue grandioso. Estaba s\u00faper emocionada porque por fin hab\u00eda llegado ese momento de participar en un nacional\u201d,<\/em><\/strong> relat\u00f3.<\/p>\n\n\n\n<p>Detr\u00e1s de ese logro hubo meses de disciplina y entrenamiento. <strong>Lucianna<\/strong> entrena de lunes a viernes, tres horas al d\u00eda, una rutina exigente para cualquier deportista, incluso para alguien de su edad.<\/p>\n\n\n\n<p>Pese a la presi\u00f3n de la competencia, asegura que disfrut\u00f3 cada instante. \u201c<strong><em>Estaba segura de lo que ten\u00eda que hacer porque llev\u00e1bamos muchos meses de entrenamiento\u201d, afirm\u00f3.<\/em><\/strong><\/p>\n\n\n<div class=\"wp-block-image\">\n<figure class=\"aligncenter size-large\"><img decoding=\"async\" width=\"682\" height=\"1024\" src=\"https:\/\/esreviral.com\/wp-content\/uploads\/2026\/02\/AnyConv.com__WhatsApp-Image-2026-02-24-at-2.24.32-PM-682x1024.webp\" alt=\"\" class=\"wp-image-88411\" srcset=\"https:\/\/esreviral.com\/wp-content\/uploads\/2026\/02\/AnyConv.com__WhatsApp-Image-2026-02-24-at-2.24.32-PM-682x1024.webp 682w, https:\/\/esreviral.com\/wp-content\/uploads\/2026\/02\/AnyConv.com__WhatsApp-Image-2026-02-24-at-2.24.32-PM-200x300.webp 200w, https:\/\/esreviral.com\/wp-content\/uploads\/2026\/02\/AnyConv.com__WhatsApp-Image-2026-02-24-at-2.24.32-PM-768x1153.webp 768w, https:\/\/esreviral.com\/wp-content\/uploads\/2026\/02\/AnyConv.com__WhatsApp-Image-2026-02-24-at-2.24.32-PM-1023x1536.webp 1023w, https:\/\/esreviral.com\/wp-content\/uploads\/2026\/02\/AnyConv.com__WhatsApp-Image-2026-02-24-at-2.24.32-PM.webp 1066w\" sizes=\"(max-width: 682px) 100vw, 682px\" \/><\/figure><\/div>\n\n\n<h3 class=\"wp-block-heading\"><strong><mark style=\"background-color:rgba(0, 0, 0, 0)\" class=\"has-inline-color has-vivid-red-color\">Un obst\u00e1culo de salud en el camino<\/mark><\/strong><\/h3>\n\n\n\n<p>Su preparaci\u00f3n para el nacional no estuvo exenta de dificultades. En junio y julio de 2025 tuvo que detener sus entrenamientos durante dos meses <strong>debido a un cuadro de asma cr\u00f3nica que deriv\u00f3 en traque\u00edtis.<\/strong><\/p>\n\n\n\n<p><strong><em>\u201cFue un gran desaf\u00edo en la meta hacia el nacional\u201d, <\/em><\/strong>cont\u00f3. Sin embargo, el apoyo de su familia y la confianza de su entrenadora fueron claves para recuperarse y volver a competir.<\/p>\n\n\n\n<p>Para <strong>Lucianna<\/strong>, cada ca\u00edda forma parte del aprendizaje. <strong><em>\u201cEs una carrera de aprendizaje. No siempre se gana y no siempre se pierde. Toda ca\u00edda te motiva a ir a m\u00e1s\u201d, explic\u00f3.<\/em><\/strong><\/p>\n\n\n\n<h3 class=\"wp-block-heading\"><strong><mark style=\"background-color:rgba(0, 0, 0, 0)\" class=\"has-inline-color has-vivid-red-color\">El sue\u00f1o del Panamericano<\/mark><\/strong><\/h3>\n\n\n\n<p>Ahora su pr\u00f3ximo objetivo es participar en el<strong> Campeonato Panamericano de patinaje art\u00edstico, que se realizar\u00e1 en Buenos Aires.<\/strong> Competir all\u00ed ser\u00eda, seg\u00fan dice, \u201c<strong><em>un sue\u00f1o hecho realidad<\/em><\/strong>\u201d.<\/p>\n\n\n\n<p>Actualmente se prepara con entrenamientos diarios mientras busca apoyo para poder costear la competencia. El monto estimado necesario es de <strong>1.200.000 pesos, que cubrir\u00eda gastos de preparaci\u00f3n, inscripci\u00f3n y vestuario.<\/strong><\/p>\n\n\n\n<p>Quienes deseen colaborar o convertirse en patrocinadores pueden contactarla a trav\u00e9s de su cuenta de Instagram: <strong>@lucicermenopatin<\/strong>.<\/p>\n\n\n<div class=\"wp-block-image\">\n<figure class=\"aligncenter size-large\"><img decoding=\"async\" width=\"682\" height=\"1024\" src=\"https:\/\/esreviral.com\/wp-content\/uploads\/2026\/02\/AnyConv.com__WhatsApp-Image-2026-02-24-at-2.24.33-PM-682x1024.webp\" alt=\"\" class=\"wp-image-88412\" srcset=\"https:\/\/esreviral.com\/wp-content\/uploads\/2026\/02\/AnyConv.com__WhatsApp-Image-2026-02-24-at-2.24.33-PM-682x1024.webp 682w, https:\/\/esreviral.com\/wp-content\/uploads\/2026\/02\/AnyConv.com__WhatsApp-Image-2026-02-24-at-2.24.33-PM-200x300.webp 200w, https:\/\/esreviral.com\/wp-content\/uploads\/2026\/02\/AnyConv.com__WhatsApp-Image-2026-02-24-at-2.24.33-PM-768x1153.webp 768w, https:\/\/esreviral.com\/wp-content\/uploads\/2026\/02\/AnyConv.com__WhatsApp-Image-2026-02-24-at-2.24.33-PM-1023x1536.webp 1023w, https:\/\/esreviral.com\/wp-content\/uploads\/2026\/02\/AnyConv.com__WhatsApp-Image-2026-02-24-at-2.24.33-PM.webp 1066w\" sizes=\"(max-width: 682px) 100vw, 682px\" \/><\/figure><\/div>\n\n\n<h3 class=\"wp-block-heading\"><strong><mark style=\"background-color:rgba(0, 0, 0, 0)\" class=\"has-inline-color has-vivid-red-color\">Entre la escuela y el deporte<\/mark><\/strong><\/h3>\n\n\n\n<p>Su rutina diaria est\u00e1 cuidadosamente organizada. Asiste a la escuela por la ma\u00f1ana y, al salir a las 12:30 del mediod\u00eda, se prepara para entrenar a partir de las 2 de la tarde. Los fines de semana los dedica a completar sus tareas escolares y descansar.<\/p>\n\n\n\n<p>Dentro del patinaje, sus elementos favoritos son los saltos y la coreograf\u00eda, dos de los aspectos m\u00e1s exigentes y vistosos de la disciplina.<\/p>\n\n\n\n<h3 class=\"wp-block-heading\"><strong><mark style=\"background-color:rgba(0, 0, 0, 0)\" class=\"has-inline-color has-vivid-red-color\">Inspiraci\u00f3n y sue\u00f1os a futuro<\/mark><\/strong><\/h3>\n\n\n\n<p><strong>Lucianna<\/strong> tiene clara su inspiraci\u00f3n: admira a la patinadora Madalena Costa. Y tambi\u00e9n tiene metas ambiciosas.<\/p>\n\n\n\n<p><strong><em>\u201cMi sue\u00f1o es ser campeona nacional y mundial\u201d<\/em><\/strong>, dijo con seguridad.<\/p>\n\n\n\n<p class=\"has-text-align-center\"><em><strong><em><strong><em><strong><em><strong><a href=\"https:\/\/t.me\/esreviral\">\u00daNETE A NUESTRO CANAL DE TELEGRAM PARA ESTAR INFORMADO<\/a><\/strong><\/em><\/strong><\/em><\/strong><\/em><\/strong><\/em><\/p>\n\n\n\n<p>A pesar de haber crecido lejos de Venezuela, mantiene un v\u00ednculo con sus ra\u00edces gracias a su familia. <strong><em>\u201cMi pap\u00e1 y mi mam\u00e1 me inculcan el amor hacia ella. Por cierto, amo los teque\u00f1os\u201d<\/em><\/strong>, coment\u00f3 entre risas. Tambi\u00e9n espera poder conocer alg\u00fan d\u00eda el pa\u00eds donde nacieron sus padres.<\/p>\n\n\n\n<p>Mientras tanto, contin\u00faa construyendo su camino sobre ruedas, con la ilusi\u00f3n de representar a su familia y cumplir sus metas en el patinaje art\u00edstico.<\/p>\n","protected":false},"excerpt":{"rendered":"<p>Con solo 8 a\u00f1os de edad y tras convertirse en subcampeona nacional de patinaje art\u00edstico en 2025, Lucianna Cermen\u0303o se prepara para dar el siguiente paso en su carrera deportiva: competir en el Campeonato Panamericano que se realizar\u00e1 en Buenos Aires. Hija de venezolanos y criada en Argentina desde su primer a\u00f1o de vida, la joven atleta entrena a diario mientras busca patrocinadores que la ayuden a cumplir su sue\u00f1o de participar en su primer torneo internacional.<\/p>\n","protected":false},"author":3,"featured_media":88410,"comment_status":"closed","ping_status":"closed","sticky":false,"template":"","format":"standard","meta":{"jnews-multi-image_gallery":[],"jnews_single_post":{"format":"standard"},"jnews_primary_category":[],"jnews_social_meta":[],"jnews_review":[],"enable_review":"","type":"","name":"","summary":"","brand":"","sku":"","good":[],"bad":[],"score_override":"","override_value":"","rating":[],"price":[],"jnews_override_counter":[],"jnews_post_split":[],"footnotes":""},"categories":[48,5892],"tags":[40152,45,40150,40149,18635,67],"class_list":["post-88408","post","type-post","status-publish","format-standard","has-post-thumbnail","hentry","category-deportes","category-venezolanos-en-argentina","tag-lucianna-cermeno","tag-noticias","tag-panamericano-de-patinaje","tag-panamericano-de-patinaje-artistico","tag-patinaje-artistico","tag-venezolanos-en-argentina"],"amp_enabled":true,"_links":{"self":[{"href":"https:\/\/esreviral.com\/index.php?rest_route=\/wp\/v2\/posts\/88408"}],"collection":[{"href":"https:\/\/esreviral.com\/index.php?rest_route=\/wp\/v2\/posts"}],"about":[{"href":"https:\/\/esreviral.com\/index.php?rest_route=\/wp\/v2\/types\/post"}],"author":[{"embeddable":true,"href":"https:\/\/esreviral.com\/index.php?rest_route=\/wp\/v2\/users\/3"}],"replies":[{"embeddable":true,"href":"https:\/\/esreviral.com\/index.php?rest_route=%2Fwp%2Fv2%2Fcomments&post=88408"}],"version-history":[{"count":3,"href":"https:\/\/esreviral.com\/index.php?rest_route=\/wp\/v2\/posts\/88408\/revisions"}],"predecessor-version":[{"id":88419,"href":"https:\/\/esreviral.com\/index.php?rest_route=\/wp\/v2\/posts\/88408\/revisions\/88419"}],"wp:featuredmedia":[{"embeddable":true,"href":"https:\/\/esreviral.com\/index.php?rest_route=\/wp\/v2\/media\/88410"}],"wp:attachment":[{"href":"https:\/\/esreviral.com\/index.php?rest_route=%2Fwp%2Fv2%2Fmedia&parent=88408"}],"wp:term":[{"taxonomy":"category","embeddable":true,"href":"https:\/\/esreviral.com\/index.php?rest_route=%2Fwp%2Fv2%2Fcategories&post=88408"},{"taxonomy":"post_tag","embeddable":true,"href":"https:\/\/esreviral.com\/index.php?rest_route=%2Fwp%2Fv2%2Ftags&post=88408"}],"curies":[{"name":"wp","href":"https:\/\/api.w.org\/{rel}","templated":true}]}}