{"id":88401,"date":"2026-02-24T12:02:00","date_gmt":"2026-02-24T17:02:00","guid":{"rendered":"https:\/\/esreviral.com\/?p=88401"},"modified":"2026-02-24T12:06:27","modified_gmt":"2026-02-24T17:06:27","slug":"participante-podria-protagonizar-el-primer-romance-de-gran-hermano-2026-quien-quiere-enamorarla","status":"publish","type":"post","link":"https:\/\/esreviral.com\/?p=88401","title":{"rendered":"Participante podr\u00eda protagonizar el primer romance de Gran Hermano 2026: qui\u00e9n quiere enamorarla"},"content":{"rendered":"\n<p><strong>Andrea del Boca<\/strong> ingres\u00f3 a Gran Hermano (Telefe) y su participaci\u00f3n gener\u00f3 sorpresa en redes sociales. La actriz reconoci\u00f3 que es seguidora del reality y que desea ganar de manera transparente, ya que le atraen el juego y las estrategias.<\/p>\n\n\n\n<p class=\"has-text-align-center\"><strong><a href=\"https:\/\/chat.whatsapp.com\/KWkTmakY3I05kNdd2oZl6d\"><em>\u00daNETE A NUESTRO GRUPO DE WHATSAPP PARA ESTAR INFORMADO<\/em><\/a><\/strong><\/p>\n\n\n\n<figure class=\"wp-block-image size-large\"><img decoding=\"async\" src=\"https:\/\/tn.com.ar\/resizer\/v2\/eduardo-carrera-en-gran-hermano-foto-instagramgranhermanoar-UCBAC256U5GIDLQUHWUMLFTISA.PNG?auth=8963275c6a83ab0154df17df44730fd80ae362c4450d077fddb871c840aa1fcc&amp;width=1440\" alt=\"\"\/><figcaption class=\"wp-element-caption\">Eduardo Carrera en Gran Hermano.<\/figcaption><\/figure>\n\n\n\n<p><\/p>\n\n\n\n<p>Lo que quiz\u00e1 no anticip\u00f3 fue la posibilidad de encontrar el amor dentro de la casa. Sin embargo, uno de los participantes ya manifest\u00f3 su inter\u00e9s y estar\u00eda dispuesto a dar el primer paso durante la fiesta de bienvenida. Se trata de Eduardo Carrera, quien hace 23 a\u00f1os fue eliminado del programa tras un episodio violento.<\/p>\n\n\n\n<p>\u201cEn la fiesta vas a intentar conquistarla\u201d, le dijeron en tono de broma. \u00c9l respondi\u00f3: \u201cOjal\u00e1. Me gusta por lo que es. Con calma, de todos modos\u201d. Hasta ahora, Andrea no ha hecho comentarios que indiquen afinidad especial con alg\u00fan concursante, aunque protagoniz\u00f3 un intercambio con la chilena Pincoya por la preparaci\u00f3n del almuerzo.<\/p>\n\n\n\n<h3 class=\"wp-block-heading\"><strong><mark style=\"background-color:rgba(0, 0, 0, 0)\" class=\"has-inline-color has-vivid-red-color\">Qu\u00e9 dijo Andrea del Boca sobre su participaci\u00f3n<\/mark><\/strong><\/h3>\n\n\n\n<p>\u201cCreo que esta experiencia es como volver a enamorarme. Estoy con mucha ilusi\u00f3n, ansiedad y nervios. Es como cuando est\u00e1s por estrenar y a punto de salir a escena\u201d, expres\u00f3 la actriz en su video de presentaci\u00f3n.<\/p>\n\n\n\n<p>La protagonista de telenovelas tambi\u00e9n compar\u00f3 esta etapa con su trayectoria art\u00edstica: \u201cAqu\u00ed no habr\u00e1 un personaje que me proteja. Aqu\u00ed soy Andrea, la que est\u00e1 en su casa, la que cocina, la que lava y la que disfruta del orden\u201d.<\/p>\n\n\n\n<p class=\"has-text-align-center\"><em><strong><em><strong><em><strong><em><strong><a href=\"https:\/\/t.me\/esreviral\">\u00daNETE A NUESTRO CANAL DE TELEGRAM PARA ESTAR INFORMADO<\/a><\/strong><\/em><\/strong><\/em><\/strong><\/em><\/strong><\/em><\/p>\n\n\n\n<p class=\"has-text-align-center\"><strong><em><mark style=\"background-color:rgba(0, 0, 0, 0)\" class=\"has-inline-color has-vivid-red-color\"><a href=\"https:\/\/esreviral.com\/?p=88358\" data-type=\"link\" data-id=\"https:\/\/esreviral.com\/?p=88358\">Lea Tambi\u00e9n: \u00a1Estos son los participantes de Gran Hermano Generaci\u00f3n Dorada!<\/a><\/mark><\/em><\/strong><\/p>\n\n\n\n<p>Este \u00faltimo aspecto podr\u00eda generar conflictos dentro del programa, ya que varios participantes admitieron que no suelen encargarse de tareas dom\u00e9sticas como lavar los utensilios. Queda por ver cu\u00e1nto tiempo podr\u00e1 mantener la calma, dado que cualquier enfrentamiento podr\u00eda derivar en una nominaci\u00f3n.<\/p>\n\n\n\n<p class=\"has-text-align-right\"><strong><em>Con Informaci\u00f3n de TN.-<\/em><\/strong><\/p>\n","protected":false},"excerpt":{"rendered":"<p>La actriz flech\u00f3 a un compa\u00f1ero de reality y el acercamiento se dar\u00eda durante la fiesta de bienvenida.<\/p>\n","protected":false},"author":3,"featured_media":88402,"comment_status":"closed","ping_status":"closed","sticky":false,"template":"","format":"standard","meta":{"jnews-multi-image_gallery":[],"jnews_single_post":{"format":"standard"},"jnews_primary_category":[],"jnews_social_meta":[],"jnews_review":[],"enable_review":"","type":"","name":"","summary":"","brand":"","sku":"","good":[],"bad":[],"score_override":"","override_value":"","rating":[],"price":[],"jnews_override_counter":[],"jnews_post_split":[],"footnotes":""},"categories":[50],"tags":[40115,44,39963,45],"class_list":["post-88401","post","type-post","status-publish","format-standard","has-post-thumbnail","hentry","category-entretenimiento","tag-andrea-del-boca","tag-argentina","tag-gran-hermano-2026","tag-noticias"],"amp_enabled":true,"_links":{"self":[{"href":"https:\/\/esreviral.com\/index.php?rest_route=\/wp\/v2\/posts\/88401"}],"collection":[{"href":"https:\/\/esreviral.com\/index.php?rest_route=\/wp\/v2\/posts"}],"about":[{"href":"https:\/\/esreviral.com\/index.php?rest_route=\/wp\/v2\/types\/post"}],"author":[{"embeddable":true,"href":"https:\/\/esreviral.com\/index.php?rest_route=\/wp\/v2\/users\/3"}],"replies":[{"embeddable":true,"href":"https:\/\/esreviral.com\/index.php?rest_route=%2Fwp%2Fv2%2Fcomments&post=88401"}],"version-history":[{"count":2,"href":"https:\/\/esreviral.com\/index.php?rest_route=\/wp\/v2\/posts\/88401\/revisions"}],"predecessor-version":[{"id":88406,"href":"https:\/\/esreviral.com\/index.php?rest_route=\/wp\/v2\/posts\/88401\/revisions\/88406"}],"wp:featuredmedia":[{"embeddable":true,"href":"https:\/\/esreviral.com\/index.php?rest_route=\/wp\/v2\/media\/88402"}],"wp:attachment":[{"href":"https:\/\/esreviral.com\/index.php?rest_route=%2Fwp%2Fv2%2Fmedia&parent=88401"}],"wp:term":[{"taxonomy":"category","embeddable":true,"href":"https:\/\/esreviral.com\/index.php?rest_route=%2Fwp%2Fv2%2Fcategories&post=88401"},{"taxonomy":"post_tag","embeddable":true,"href":"https:\/\/esreviral.com\/index.php?rest_route=%2Fwp%2Fv2%2Ftags&post=88401"}],"curies":[{"name":"wp","href":"https:\/\/api.w.org\/{rel}","templated":true}]}}