{"id":88398,"date":"2026-02-24T11:51:59","date_gmt":"2026-02-24T16:51:59","guid":{"rendered":"https:\/\/esreviral.com\/?p=88398"},"modified":"2026-02-24T11:52:01","modified_gmt":"2026-02-24T16:52:01","slug":"al-menos-22-muertos-y-mas-de-40-desaparecidos-por-lluvias-extremas-en-el-sureste-de-brasil","status":"publish","type":"post","link":"https:\/\/esreviral.com\/?p=88398","title":{"rendered":"Al menos 22 muertos y m\u00e1s de 40 desaparecidos por lluvias extremas en el sureste de Brasil"},"content":{"rendered":"\n<p>El sureste de Brasil enfrenta una emergencia tras las intensas lluvias que azotan la regi\u00f3n y que han dejado al menos 22 muertos y m\u00e1s de 40 desaparecidos, seg\u00fan las cifras oficiales m\u00e1s recientes.<\/p>\n\n\n\n<p>Juiz de Fora, ciudad del estado de Minas Gerais, es el epicentro de la tragedia, con 16 v\u00edctimas fatales confirmadas hasta el momento.<\/p>\n\n\n\n<p class=\"has-text-align-center\"><strong><a href=\"https:\/\/chat.whatsapp.com\/KWkTmakY3I05kNdd2oZl6d\"><em>\u00daNETE A NUESTRO GRUPO DE WHATSAPP PARA ESTAR INFORMADO<\/em><\/a><\/strong><\/p>\n\n\n\n<p>Los deslizamientos de tierra han sepultado varias viviendas, mientras los equipos de rescate contin\u00faan la b\u00fasqueda de sobrevivientes entre los escombros.<\/p>\n\n\n\n<p>El desbordamiento del r\u00edo Paraibuna y de sus afluentes provoc\u00f3 inundaciones de gran magnitud en distintos sectores de la ciudad.<\/p>\n\n\n\n<p>Las precipitaciones comenzaron con fuerza el lunes por la tarde y se intensificaron durante la madrugada. Este febrero se convirti\u00f3 en el m\u00e1s lluvioso en la historia de Juiz de Fora, con m\u00e1s de 580 litros acumulados, el doble de lo habitual para esta \u00e9poca del a\u00f1o.<\/p>\n\n\n\n<p>La alcaldesa de Juiz de Fora, Margarida Salom\u00e3o, declar\u00f3 el estado de calamidad p\u00fablica y solicit\u00f3 ayuda urgente al gobierno federal para atender la emergencia.<\/p>\n\n\n\n<p>\u201cLa situaci\u00f3n es grav\u00edsima\u201d, expres\u00f3 en un mensaje difundido en sus redes sociales, mientras bomberos y rescatistas trabajan para salvar vidas y asistir a los damnificados.<\/p>\n\n\n\n<p>M\u00e1s de 440 personas debieron abandonar sus hogares y fueron trasladadas a escuelas habilitadas como refugios. El gobernador de Minas Gerais, Romeu Zema, anunci\u00f3 que viajar\u00e1 a Juiz de Fora para coordinar las acciones de asistencia.<\/p>\n\n\n\n<p class=\"has-text-align-center\"><em><strong><em><strong><em><strong><em><strong><a href=\"https:\/\/t.me\/esreviral\">\u00daNETE A NUESTRO CANAL DE TELEGRAM PARA ESTAR INFORMADO<\/a><\/strong><\/em><\/strong><\/em><\/strong><\/em><\/strong><\/em><\/p>\n\n\n\n<p>A la tragedia en Minas Gerais se suman v\u00edctimas mortales en otras regiones del pa\u00eds, como R\u00edo de Janeiro y S\u00e3o Paulo, donde el clima severo tambi\u00e9n ha provocado da\u00f1os.<\/p>\n\n\n\n<p class=\"has-text-align-right\"><strong><em>Con Informaci\u00f3n de diarioversionfinal.com.-<\/em><\/strong><\/p>\n","protected":false},"excerpt":{"rendered":"<p>\u00abLa situaci\u00f3n es grav\u00edsima\u00bb, afirm\u00f3 en un mensaje difundido a trav\u00e9s de sus redes sociales, mientras los bomberos y equipos de rescate luchan por salvar vidas y brindar ayuda a los afectados<\/p>\n","protected":false},"author":3,"featured_media":88399,"comment_status":"closed","ping_status":"closed","sticky":false,"template":"","format":"standard","meta":{"jnews-multi-image_gallery":[],"jnews_single_post":{"format":"standard"},"jnews_primary_category":[],"jnews_social_meta":[],"jnews_review":[],"enable_review":"","type":"","name":"","summary":"","brand":"","sku":"","good":[],"bad":[],"score_override":"","override_value":"","rating":[],"price":[],"jnews_override_counter":[],"jnews_post_split":[],"footnotes":""},"categories":[88,64],"tags":[227,351,40148,45],"class_list":["post-88398","post","type-post","status-publish","format-standard","has-post-thumbnail","hentry","category-internacionales","category-sucesos","tag-brasil","tag-desaparecidos","tag-lluvias-en-brasil","tag-noticias"],"_links":{"self":[{"href":"https:\/\/esreviral.com\/index.php?rest_route=\/wp\/v2\/posts\/88398","targetHints":{"allow":["GET"]}}],"collection":[{"href":"https:\/\/esreviral.com\/index.php?rest_route=\/wp\/v2\/posts"}],"about":[{"href":"https:\/\/esreviral.com\/index.php?rest_route=\/wp\/v2\/types\/post"}],"author":[{"embeddable":true,"href":"https:\/\/esreviral.com\/index.php?rest_route=\/wp\/v2\/users\/3"}],"replies":[{"embeddable":true,"href":"https:\/\/esreviral.com\/index.php?rest_route=%2Fwp%2Fv2%2Fcomments&post=88398"}],"version-history":[{"count":1,"href":"https:\/\/esreviral.com\/index.php?rest_route=\/wp\/v2\/posts\/88398\/revisions"}],"predecessor-version":[{"id":88400,"href":"https:\/\/esreviral.com\/index.php?rest_route=\/wp\/v2\/posts\/88398\/revisions\/88400"}],"wp:featuredmedia":[{"embeddable":true,"href":"https:\/\/esreviral.com\/index.php?rest_route=\/wp\/v2\/media\/88399"}],"wp:attachment":[{"href":"https:\/\/esreviral.com\/index.php?rest_route=%2Fwp%2Fv2%2Fmedia&parent=88398"}],"wp:term":[{"taxonomy":"category","embeddable":true,"href":"https:\/\/esreviral.com\/index.php?rest_route=%2Fwp%2Fv2%2Fcategories&post=88398"},{"taxonomy":"post_tag","embeddable":true,"href":"https:\/\/esreviral.com\/index.php?rest_route=%2Fwp%2Fv2%2Ftags&post=88398"}],"curies":[{"name":"wp","href":"https:\/\/api.w.org\/{rel}","templated":true}]}}