{"id":88388,"date":"2026-02-24T10:06:16","date_gmt":"2026-02-24T15:06:16","guid":{"rendered":"https:\/\/esreviral.com\/?p=88388"},"modified":"2026-02-24T10:06:17","modified_gmt":"2026-02-24T15:06:17","slug":"enfotos-extraditaron-a-espana-a-un-venezolano-por-maltrato-animal","status":"publish","type":"post","link":"https:\/\/esreviral.com\/?p=88388","title":{"rendered":"#EnFotos Extraditaron a Espa\u00f1a a un venezolano por maltrato animal"},"content":{"rendered":"\n<p>Un venezolano fue extraditado a Espa\u00f1a tras permanecer pr\u00f3fugo desde 2020, acusado de maltrato animal en Melgar de Fernamental, en la provincia de Burgos. Lleg\u00f3 este jueves al pa\u00eds europeo y ser\u00e1 presentado ante la justicia para responder por mantener un criadero de perros en condiciones insalubres y por alzamiento de bienes.<\/p>\n\n\n\n<p>La <strong>Guardia Civil<\/strong> inform\u00f3 que la investigaci\u00f3n comenz\u00f3 en 2013, cuando el Servicio de Protecci\u00f3n de la Naturaleza inspeccion\u00f3 las instalaciones para verificar el cumplimiento de las normas sanitarias y de bienestar animal. A partir de esas revisiones se derivaron reiteradas denuncias administrativas por diversas deficiencias.<\/p>\n\n\n\n<p class=\"has-text-align-center\"><strong><a href=\"https:\/\/chat.whatsapp.com\/KWkTmakY3I05kNdd2oZl6d\"><em>\u00daNETE A NUESTRO GRUPO DE WHATSAPP PARA ESTAR INFORMADO<\/em><\/a><\/strong><\/p>\n\n\n<div class=\"wp-block-image\">\n<figure class=\"aligncenter size-large\"><img decoding=\"async\" src=\"https:\/\/elnacional-uploads.nyc3.digitaloceanspaces.com\/wp-content\/uploads\/2026\/02\/20142228\/venezolano-extraditado-maltrato-animal-espana-1.jpg\" alt=\"\"\/><figcaption class=\"wp-element-caption\">Ya al sujeto lo hab\u00edan detenido por irregularidades con animales | Foto: Guardia Civil de Espa\u00f1a<\/figcaption><\/figure><\/div>\n\n\n<p><\/p>\n\n\n\n<p>En febrero de 2020, tras un registro en sus propiedades, las autoridades comprobaron que el investigado hab\u00eda abandonado Espa\u00f1a cuatro d\u00edas antes. El <strong>Interpol<\/strong> activ\u00f3 entonces una alerta roja para su localizaci\u00f3n y arresto provisional, luego de que el Juzgado de Instrucci\u00f3n n\u00famero 2 de Burgos emitiera una orden internacional de detenci\u00f3n.<\/p>\n\n\n\n<p>Las autoridades se\u00f1alaron que las extradiciones por delitos de maltrato animal son poco frecuentes y destacaron que este caso marca un precedente en la persecuci\u00f3n internacional de este tipo de delitos.<\/p>\n\n\n\n<p>En 2019, nuevas inspecciones revelaron graves deficiencias en el estado de los perros y en las condiciones del criadero. Ese mismo a\u00f1o, el criador fue detenido en varias ocasiones: primero por maltrato animal, con la retirada de cuatro perros en grave estado; luego por una presunta estafa en la venta de un animal; y nuevamente por mantener a los animales en condiciones precarias, situaci\u00f3n en la que se incautaron cinco perros que necesitaban atenci\u00f3n veterinaria urgente.<\/p>\n\n\n\n<h3 class=\"wp-block-heading\"><strong><mark style=\"background-color:rgba(0, 0, 0, 0)\" class=\"has-inline-color has-vivid-red-color\">Ten\u00eda casi 200 perros<\/mark><\/strong><\/h3>\n\n\n\n<p>La licencia ambiental permit\u00eda un m\u00e1ximo de 75 animales, pero durante las inspecciones se contabilizaron 147 perros \u201497 adultos y 50 cachorros\u2014 muchos de ellos extremadamente delgados, enfermos y sin asistencia veterinaria.<\/p>\n\n\n\n<p>Vecinos del municipio hab\u00edan denunciado fuertes olores, acumulaci\u00f3n de excrementos y la presencia de plagas de par\u00e1sitos.<\/p>\n\n\n\n<figure class=\"wp-block-image size-large\"><img decoding=\"async\" src=\"https:\/\/elnacional-uploads.nyc3.digitaloceanspaces.com\/wp-content\/uploads\/2026\/02\/20142735\/venezolano-extraditado-maltrato-animal-espana-2.jpg\" alt=\"\"\/><figcaption class=\"wp-element-caption\">El hombre ten\u00eda a los animales en precarias condiciones | Foto: Guardia Civil de Espa\u00f1a<\/figcaption><\/figure>\n\n\n\n<p><\/p>\n\n\n\n<p>Cuando el investigado ya hab\u00eda salido del pa\u00eds, en 2020 se realizaron cuatro registros judiciales en dos viviendas, una finca y el criadero. En uno de los inmuebles se encontraron perros muertos, incluido un cachorro dentro de un congelador, y se rescataron 38 animales vivos en condiciones de hacinamiento, sin agua ni alimento.<\/p>\n\n\n\n<p>En el criadero tambi\u00e9n se hallaron m\u00e1s cad\u00e1veres de animales, algunos con signos de canibalismo. Las necropsias confirmaron que las muertes se debieron al abandono.<\/p>\n\n\n\n<p class=\"has-text-align-center\"><em><strong><em><strong><em><strong><em><strong><a href=\"https:\/\/t.me\/esreviral\">\u00daNETE A NUESTRO CANAL DE TELEGRAM PARA ESTAR INFORMADO<\/a><\/strong><\/em><\/strong><\/em><\/strong><\/em><\/strong><\/em><\/p>\n\n\n\n<p>Por orden judicial, se retiraron 86 perros y dos gatos, que posteriormente fueron puestos en adopci\u00f3n.<\/p>\n\n\n\n<p>Tras diversas gestiones, los investigadores lograron ubicar al fugitivo primero en M\u00e9xico y luego en Venezuela, donde finalmente fue detenido gracias a la cooperaci\u00f3n policial y judicial entre ambos pa\u00edses.<\/p>\n\n\n\n<p class=\"has-text-align-right\"><strong><em>Con Informaci\u00f3n de ElNacional.-<\/em><\/strong><\/p>\n","protected":false},"excerpt":{"rendered":"<p>En uno de los inmuebles se encontraron canes muertos, incluido un cachorro en un congelador y se rescataron 38 animales vivos en condiciones de hacinamiento, sin agua ni alimento. En un criadero se hallaron m\u00e1s cad\u00e1veres, algunos con signos de canibalismo<\/p>\n","protected":false},"author":3,"featured_media":88389,"comment_status":"closed","ping_status":"closed","sticky":false,"template":"","format":"standard","meta":{"jnews-multi-image_gallery":[],"jnews_single_post":{"format":"standard"},"jnews_primary_category":[],"jnews_social_meta":[],"jnews_review":[],"enable_review":"","type":"","name":"","summary":"","brand":"","sku":"","good":[],"bad":[],"score_override":"","override_value":"","rating":[],"price":[],"jnews_override_counter":[],"jnews_post_split":[],"footnotes":""},"categories":[64],"tags":[148,3764,45,10839],"class_list":["post-88388","post","type-post","status-publish","format-standard","has-post-thumbnail","hentry","category-sucesos","tag-espana","tag-maltrato-animal","tag-noticias","tag-venezolano"],"amp_enabled":true,"_links":{"self":[{"href":"https:\/\/esreviral.com\/index.php?rest_route=\/wp\/v2\/posts\/88388"}],"collection":[{"href":"https:\/\/esreviral.com\/index.php?rest_route=\/wp\/v2\/posts"}],"about":[{"href":"https:\/\/esreviral.com\/index.php?rest_route=\/wp\/v2\/types\/post"}],"author":[{"embeddable":true,"href":"https:\/\/esreviral.com\/index.php?rest_route=\/wp\/v2\/users\/3"}],"replies":[{"embeddable":true,"href":"https:\/\/esreviral.com\/index.php?rest_route=%2Fwp%2Fv2%2Fcomments&post=88388"}],"version-history":[{"count":1,"href":"https:\/\/esreviral.com\/index.php?rest_route=\/wp\/v2\/posts\/88388\/revisions"}],"predecessor-version":[{"id":88390,"href":"https:\/\/esreviral.com\/index.php?rest_route=\/wp\/v2\/posts\/88388\/revisions\/88390"}],"wp:featuredmedia":[{"embeddable":true,"href":"https:\/\/esreviral.com\/index.php?rest_route=\/wp\/v2\/media\/88389"}],"wp:attachment":[{"href":"https:\/\/esreviral.com\/index.php?rest_route=%2Fwp%2Fv2%2Fmedia&parent=88388"}],"wp:term":[{"taxonomy":"category","embeddable":true,"href":"https:\/\/esreviral.com\/index.php?rest_route=%2Fwp%2Fv2%2Fcategories&post=88388"},{"taxonomy":"post_tag","embeddable":true,"href":"https:\/\/esreviral.com\/index.php?rest_route=%2Fwp%2Fv2%2Ftags&post=88388"}],"curies":[{"name":"wp","href":"https:\/\/api.w.org\/{rel}","templated":true}]}}