{"id":88358,"date":"2026-02-24T07:16:00","date_gmt":"2026-02-24T12:16:00","guid":{"rendered":"https:\/\/esreviral.com\/?p=88358"},"modified":"2026-02-24T12:07:47","modified_gmt":"2026-02-24T17:07:47","slug":"estos-son-los-participantes-de-gran-hermano-generacion-dorada","status":"publish","type":"post","link":"https:\/\/esreviral.com\/?p=88358","title":{"rendered":"\u00a1Estos son los participantes de Gran Hermano Generaci\u00f3n Dorada!"},"content":{"rendered":"\n<p>La casa de <strong>Gran Hermano<\/strong> volvi\u00f3 a abrir sus puertas con una temporada especial que celebra los 25 a\u00f1os del formato en el pa\u00eds. Bajo el nombre <em>Generaci\u00f3n Dorada<\/em> y con la conducci\u00f3n de <strong>Santiago del Moro<\/strong> por <strong>Telefe<\/strong>, el reality inici\u00f3 con una gala marcada por sorpresas, figuras reconocidas y perfiles diversos.<\/p>\n\n\n\n<p>La presentaci\u00f3n de los concursantes se desarrolla en dos noches consecutivas. La primera tanda ya dej\u00f3 en claro que esta edici\u00f3n combinar\u00e1 trayectoria, experiencia en medios y fuerte presencia digital. A continuaci\u00f3n, el perfil de cada uno de los participantes confirmados.<\/p>\n\n\n\n<p class=\"has-text-align-center\"><strong><a href=\"https:\/\/chat.whatsapp.com\/KWkTmakY3I05kNdd2oZl6d\"><em>\u00daNETE A NUESTRO GRUPO DE WHATSAPP PARA ESTAR INFORMADO<\/em><\/a><\/strong><\/p>\n\n\n\n<h3 class=\"wp-block-heading\"><strong><mark style=\"background-color:rgba(0, 0, 0, 0)\" class=\"has-inline-color has-vivid-red-color\">Andrea del Boca<\/mark><\/strong><\/h3>\n\n\n\n<figure class=\"wp-block-image size-large\"><img decoding=\"async\" src=\"https:\/\/www.infobae.com\/resizer\/v2\/O7JAP4BDOZBWXATLMNHO2VZR4A.jpeg?auth=c53d7d5d06507460ddf945d5cd49d70d769d6a56436131bf543f60a4d368235b&amp;smart=true&amp;width=992&amp;height=1489&amp;quality=85\" alt=\"\"\/><\/figure>\n\n\n\n<p>La actriz <strong>Andrea del Boca<\/strong>, de 60 a\u00f1os, fue la primera en ingresar a la casa, protagonizando uno de los momentos m\u00e1s comentados del estreno. Referente hist\u00f3rico de la televisi\u00f3n argentina y estrella de telenovelas en Am\u00e9rica Latina, asume uno de los desaf\u00edos m\u00e1s inesperados de su carrera.<\/p>\n\n\n\n<p>Durante su presentaci\u00f3n asegur\u00f3 que es competitiva y que su objetivo es ganar. Sostuvo que esta vez el p\u00fablico ver\u00e1 su personalidad sin personajes de ficci\u00f3n de por medio. Se define como ordenada y estrat\u00e9gica.<\/p>\n\n\n\n<h3 class=\"wp-block-heading\"><strong><mark style=\"background-color:rgba(0, 0, 0, 0)\" class=\"has-inline-color has-vivid-red-color\">Emanuel Di Gioia<\/mark><\/strong><\/h3>\n\n\n\n<figure class=\"wp-block-image size-large\"><img decoding=\"async\" src=\"https:\/\/www.infobae.com\/resizer\/v2\/TJRV4WV4JVFSZOKOP5YMOQCNOI.jpg?auth=93e595986dcf16bbb914f509e02330e7da7e07850b15f3b5b688b8fe5bc35042&amp;smart=true&amp;width=992&amp;height=1488&amp;quality=85\" alt=\"\"\/><\/figure>\n\n\n\n<p>Emanuel Di Gioia, de 41 a\u00f1os y oriundo de San Mart\u00edn, ya conoce la din\u00e1mica del programa: particip\u00f3 en la edici\u00f3n 2011 y regresa en busca de revancha. En aquella temporada fue protagonista de fuertes enfrentamientos.<\/p>\n\n\n\n<p>Actualmente es propietario de un taller de chapa y pintura y entrenador de artes marciales. Afirma ser meticuloso con el orden y la limpieza, rasgo que podr\u00eda influir en la convivencia.<\/p>\n\n\n\n<h3 class=\"wp-block-heading\"><strong><mark style=\"background-color:rgba(0, 0, 0, 0)\" class=\"has-inline-color has-vivid-red-color\">Lolo Poggio<\/mark><\/strong><\/h3>\n\n\n\n<figure class=\"wp-block-image size-large\"><img decoding=\"async\" src=\"https:\/\/www.infobae.com\/resizer\/v2\/EOANCYIVPZC37ALA5ZJLPAQ324.jpg?auth=c78c77e276274c400c2d627ea7eda340138e3d68a6988860f3b724af2cc33ff4&amp;smart=true&amp;width=992&amp;height=1488&amp;quality=85\" alt=\"\"\/><\/figure>\n\n\n\n<p>Bailarina e influencer, Lolo Poggio es hermana de Julieta Poggio, finalista de la edici\u00f3n 2022. Con amplia experiencia en redes sociales y streaming, enfrenta el desaf\u00edo de construir una identidad propia dentro del programa, m\u00e1s all\u00e1 de las comparaciones.<\/p>\n\n\n\n<h3 class=\"wp-block-heading\"><strong><mark style=\"background-color:rgba(0, 0, 0, 0)\" class=\"has-inline-color has-vivid-red-color\">Carmi\u00f1a Masi<\/mark><\/strong><\/h3>\n\n\n\n<figure class=\"wp-block-image size-large\"><img decoding=\"async\" src=\"https:\/\/www.infobae.com\/resizer\/v2\/QLDBO7QQDRFW7MZJSEEXRQHMSQ.jpg?auth=d1dc995562c0b25b0cf10a2f4494a096f38d1252693372594a9b9511e5d8d647&amp;smart=true&amp;width=992&amp;height=1488&amp;quality=85\" alt=\"\"\/><\/figure>\n\n\n\n<p>La periodista y conductora paraguaya Carmi\u00f1a Masi llega desde Asunci\u00f3n con un perfil frontal. Se define como directa e intensa, y reconoce que no evita la confrontaci\u00f3n. Est\u00e1 en pareja desde hace siete a\u00f1os y admite que no disfruta de las tareas dom\u00e9sticas, aunque valora el orden.<\/p>\n\n\n\n<h3 class=\"wp-block-heading\"><strong><mark style=\"background-color:rgba(0, 0, 0, 0)\" class=\"has-inline-color has-vivid-red-color\">Tomy Riguera<\/mark><\/strong><\/h3>\n\n\n\n<figure class=\"wp-block-image size-large\"><img decoding=\"async\" src=\"https:\/\/www.infobae.com\/resizer\/v2\/7FHXKBNBMFB73CGEMY4PNNEPMQ.jpg?auth=5370c095aa3a460224f35b6bf5ae67ee498cd4e6a9cc5121383a011860621c3b&amp;smart=true&amp;width=992&amp;height=1488&amp;quality=85\" alt=\"\"\/><\/figure>\n\n\n\n<p>Futbolista de <strong>Defensores de Belgrano<\/strong> y creador de contenido digital, Tomy combina el perfil deportivo con presencia en redes sociales. Se considera sociable y conciliador. Nunca ha tenido una relaci\u00f3n formal, lo que podr\u00eda abrir la puerta a una historia rom\u00e1ntica dentro del programa.<\/p>\n\n\n\n<h3 class=\"wp-block-heading\"><strong><mark style=\"background-color:rgba(0, 0, 0, 0)\" class=\"has-inline-color has-vivid-red-color\">Jennifer Galvarini Torres \u201cPincoya\u201d<\/mark><\/strong><\/h3>\n\n\n\n<figure class=\"wp-block-image size-large\"><img decoding=\"async\" src=\"https:\/\/www.infobae.com\/resizer\/v2\/2DA63A3CZRE6BP56LDT4GHZ4PY.jpg?auth=168b385bf6387d40bf5616559bb67533fc6fea408bb0694c737a1953d1200161&amp;smart=true&amp;width=992&amp;height=1488&amp;quality=85\" alt=\"\"\/><\/figure>\n\n\n\n<p>Conocida como \u201cPincoya\u201d, Jennifer Galvarini Torres alcanz\u00f3 popularidad tras obtener el tercer lugar en <strong>Gran Hermano Chile<\/strong>. Casada, madre y t\u00e9cnica en enfermer\u00eda, su paso anterior por el formato la mostr\u00f3 como una participante intensa y frontal.<\/p>\n\n\n\n<h3 class=\"wp-block-heading\"><strong><mark style=\"background-color:rgba(0, 0, 0, 0)\" class=\"has-inline-color has-vivid-red-color\">Brian Sarmiento<\/mark><\/strong><\/h3>\n\n\n\n<figure class=\"wp-block-image size-large\"><img decoding=\"async\" src=\"https:\/\/www.infobae.com\/resizer\/v2\/VLNC6ZVH3VB7VAYHBKWCBFJRU4.jpg?auth=a5152db282b72943db97d8b8f02c4f6e68a6ae5fe87888ce6e6eacf04e6b82d2&amp;smart=true&amp;width=992&amp;height=1488&amp;quality=85\" alt=\"\"\/><\/figure>\n\n\n\n<p>El exfutbolista Brian Sarmiento, nacido en Rosario, desarroll\u00f3 su carrera en clubes como <strong>Estudiantes de La Plata<\/strong>, <strong>Racing Club<\/strong>, <strong>Arsenal de Sarand\u00ed<\/strong>, <strong>All Boys<\/strong> y <strong>Banfield<\/strong>, adem\u00e1s de una etapa en el ascenso espa\u00f1ol.<\/p>\n\n\n\n<p>Tambi\u00e9n particip\u00f3 en <strong>Bailando por un Sue\u00f1o<\/strong>, donde reforz\u00f3 su perfil medi\u00e1tico. Extrovertido y directo, promete protagonismo dentro de la casa.<\/p>\n\n\n\n<h3 class=\"wp-block-heading\"><strong><mark style=\"background-color:rgba(0, 0, 0, 0)\" class=\"has-inline-color has-vivid-red-color\">Danelik Galazan<\/mark><\/strong><\/h3>\n\n\n\n<figure class=\"wp-block-image size-large\"><img decoding=\"async\" src=\"https:\/\/www.infobae.com\/resizer\/v2\/GRYJLOE55BHONMEPIY2VCTPTZY.jpg?auth=d7ebd80d32c0c6e1c65179c419a79658cc43c80f219c4f1b6ce933c78cf4bcee&amp;smart=true&amp;width=992&amp;height=1488&amp;quality=85\" alt=\"\"\/><\/figure>\n\n\n\n<p>Desde Tucum\u00e1n, Danelik Galazan es creadora de contenido con m\u00e1s de 920 mil seguidores en Instagram y cinco millones en TikTok. Aspira a impulsar su carrera musical y considera que el reality es una plataforma clave para ese objetivo.<\/p>\n\n\n\n<h3 class=\"wp-block-heading\"><strong><mark style=\"background-color:rgba(0, 0, 0, 0)\" class=\"has-inline-color has-vivid-red-color\">Manuel Ibero Durigon<\/mark><\/strong><\/h3>\n\n\n\n<figure class=\"wp-block-image size-large\"><img decoding=\"async\" src=\"https:\/\/www.infobae.com\/resizer\/v2\/OFFWDDLWSRH43NOPLO47F5NUPY.jpg?auth=d4abe3483c9c6f33630a025633ff8a544b1575ca96c5287ee0fa9932fe5b2810&amp;smart=true&amp;width=992&amp;height=1488&amp;quality=85\" alt=\"\"\/><\/figure>\n\n\n\n<p>Oriundo de Z\u00e1rate y estudiante de abogac\u00eda, Manuel Ibero Durigon cuenta con una comunidad digital consolidada. Fue pareja de Zoe Bogach y asegur\u00f3 que desea exponer su versi\u00f3n de esa historia. Se presenta como seguro y dispuesto a debatir.<\/p>\n\n\n\n<h3 class=\"wp-block-heading\"><strong><mark style=\"background-color:rgba(0, 0, 0, 0)\" class=\"has-inline-color has-vivid-red-color\">Catalina \u201cTiti\u201d Tcherkaski<\/mark><\/strong><\/h3>\n\n\n\n<figure class=\"wp-block-image size-large\"><img decoding=\"async\" src=\"https:\/\/www.infobae.com\/resizer\/v2\/F4L42ETLDVBFJGSSYHEEKFXR2Q.jpg?auth=a5df95e52d0794fd6b0b7014b590145c593a46b9bdf9d2c27fe1fa0b56f631ff&amp;smart=true&amp;width=992&amp;height=1488&amp;quality=85\" alt=\"\"\/><\/figure>\n\n\n\n<p>Influencer y estudiante universitaria, Catalina Tcherkaski combina carisma con un temperamento combativo. Reconoce que no reh\u00faye a los conflictos y promete mostrarse tal cual es.<\/p>\n\n\n\n<h3 class=\"wp-block-heading\"><strong><mark style=\"background-color:rgba(0, 0, 0, 0)\" class=\"has-inline-color has-vivid-red-color\">Yisela Pintos<\/mark><\/strong><\/h3>\n\n\n\n<figure class=\"wp-block-image size-large\"><img decoding=\"async\" src=\"https:\/\/www.infobae.com\/resizer\/v2\/ASUR6ILAZFBYTOS4ZB7NBC6KZM.jpg?auth=76656a41a2d11e42c0ea89943a3cda9e89104f3365eba7b745fa584365a34322&amp;smart=true&amp;width=992&amp;height=1488&amp;quality=85\" alt=\"\"\/><\/figure>\n\n\n\n<p>Desde Montevideo, la influencer y comediante Yisela Pintos afirma que su personalidad intensa puede generar tanto humor como tensiones. Est\u00e1 en pareja y reconoce que suele reaccionar con fuerza cuando se enoja.<\/p>\n\n\n\n<h3 class=\"wp-block-heading\"><strong><mark style=\"background-color:rgba(0, 0, 0, 0)\" class=\"has-inline-color has-vivid-red-color\">Juani Car<\/mark><\/strong><\/h3>\n\n\n\n<figure class=\"wp-block-image size-large\"><img decoding=\"async\" src=\"https:\/\/www.infobae.com\/resizer\/v2\/JFM6NSKK3JD7HKZCG763RE57VM.jpg?auth=365b51449349cf5ae714db5fc9747c7c61b9fdc6b810908adc2eb1b98a4dddce&amp;smart=true&amp;width=992&amp;height=1488&amp;quality=85\" alt=\"\"\/><figcaption class=\"wp-element-caption\">Juani \u201cCar\u201d Caruso asegura que Gran Hermano era una cuenta pendiente y llega dispuesto a jugar sin medias tintas<\/figcaption><\/figure>\n\n\n\n<p><\/p>\n\n\n\n<p>Actor, cantante y streamer, Juani \u201cCar\u201d Caruso particip\u00f3 en la pel\u00edcula <strong>La sociedad de la nieve<\/strong>, una de las producciones argentinas de mayor proyecci\u00f3n internacional reciente. Se describe como amante del espect\u00e1culo y del juego.<\/p>\n\n\n\n<h3 class=\"wp-block-heading\"><strong><mark style=\"background-color:rgba(0, 0, 0, 0)\" class=\"has-inline-color has-vivid-red-color\">Daniela De Luc\u00eda<\/mark><\/strong><\/h3>\n\n\n\n<figure class=\"wp-block-image size-large\"><img decoding=\"async\" src=\"https:\/\/www.infobae.com\/resizer\/v2\/NKAUV5NN6BFXBH22BZ7TSBM5EI.jpg?auth=07bcb33af49d739d84677d25cf3fd5eafeebd9ef098a34c545073693153f029e&amp;smart=true&amp;width=992&amp;height=1488&amp;quality=85\" alt=\"\"\/><\/figure>\n\n\n\n<p>Coach, escritora y panelista, Daniela De Luc\u00eda sostiene que su formaci\u00f3n en comunicaci\u00f3n y an\u00e1lisis de conducta puede ser una herramienta estrat\u00e9gica dentro del programa. Considera su participaci\u00f3n como un desaf\u00edo profesional.<\/p>\n\n\n\n<h3 class=\"wp-block-heading\"><strong><mark style=\"background-color:rgba(0, 0, 0, 0)\" class=\"has-inline-color has-vivid-red-color\">Nicol\u00e1s \u201cNik\u201d S\u00edcaro<\/mark><\/strong><\/h3>\n\n\n\n<figure class=\"wp-block-image size-large\"><img decoding=\"async\" src=\"https:\/\/www.infobae.com\/resizer\/v2\/G7YSMCVAWFBF3EPRZP4ROAFLXM.jpg?auth=0a5e5b946f21a5551ade251e827369665975f09a9e4b0d96e2cd63e663908864&amp;smart=true&amp;width=992&amp;height=1488&amp;quality=85\" alt=\"\"\/><\/figure>\n\n\n\n<p>Cantante e influencer, Nicol\u00e1s \u201cNik\u201d S\u00edcaro supera el mill\u00f3n de suscriptores en YouTube y mantiene una comunidad activa en Instagram y TikTok. Es cercano a los creadores <strong>Fede Vigevani<\/strong> e <strong>Ian Lucas<\/strong>. Su adaptaci\u00f3n al encierro ser\u00e1 una de las inc\u00f3gnitas.<\/p>\n\n\n\n<h3 class=\"wp-block-heading\"><strong><mark style=\"background-color:rgba(0, 0, 0, 0)\" class=\"has-inline-color has-vivid-red-color\">Divina Gloria<\/mark><\/strong><\/h3>\n\n\n\n<figure class=\"wp-block-image size-large\"><img decoding=\"async\" src=\"https:\/\/www.infobae.com\/resizer\/v2\/IQUTGAEK6ZAL7FMZT2TSXDJRVE.jpg?auth=43c12825263963ce4e6ad52dc8ec5d3b39504f32029c3f5eff3034e4047deda0&amp;smart=true&amp;width=992&amp;height=1488&amp;quality=85\" alt=\"\"\/><\/figure>\n\n\n\n<p>Actriz y cantante, Divina Gloria consolid\u00f3 su carrera junto a <strong>Alberto Olmedo<\/strong>, figura emblem\u00e1tica del espect\u00e1culo argentino. Su presencia aporta experiencia y una impronta art\u00edstica singular frente a concursantes m\u00e1s j\u00f3venes.<\/p>\n\n\n\n<h3 class=\"wp-block-heading\"><strong><mark style=\"background-color:rgba(0, 0, 0, 0)\" class=\"has-inline-color has-vivid-red-color\">Gabriel Lucero<\/mark><\/strong><\/h3>\n\n\n\n<figure class=\"wp-block-image size-large\"><img decoding=\"async\" src=\"https:\/\/www.infobae.com\/resizer\/v2\/ZWWUWQXXYNDQVOZ6ANIUFFLBLQ.jpg?auth=dc38fe2a2be242f3634b31f380a90582fd8f045a0678b2f11c7497ab8ba3f7a6&amp;smart=true&amp;width=992&amp;height=1488&amp;quality=85\" alt=\"\"\/><\/figure>\n\n\n\n<p>Dibujante digital conocido como \u201cGente Rota\u201d, Gabriel Lucero transforma audios reales en animaciones con tono ir\u00f3nico. Se define como observador y creativo, y reconoce ser meticuloso con la comida y el trabajo.<\/p>\n\n\n\n<h3 class=\"wp-block-heading\"><strong><mark style=\"background-color:rgba(0, 0, 0, 0)\" class=\"has-inline-color has-vivid-red-color\">Jenny Mavinga<\/mark><\/strong><\/h3>\n\n\n\n<figure class=\"wp-block-image size-large\"><img decoding=\"async\" src=\"https:\/\/www.infobae.com\/resizer\/v2\/AO7KHYCAD5HCDMXQ5HCQTON67Q.jpg?auth=e8c672d539d7b5f6488ebd81806826eab1e0dafdc99b65ddeb0297039cb32295&amp;smart=true&amp;width=992&amp;height=1488&amp;quality=85\" alt=\"\"\/><\/figure>\n\n\n\n<p>Nacida en el Congo y radicada en Argentina desde hace 22 a\u00f1os, Jenny Mavinga es madre de dos hijas y est\u00e1 pr\u00f3xima a casarse. Se presenta como emp\u00e1tica y positiva, con un perfil m\u00e1s emocional que confrontativo.<\/p>\n\n\n\n<h3 class=\"wp-block-heading\"><strong><mark style=\"background-color:rgba(0, 0, 0, 0)\" class=\"has-inline-color has-vivid-red-color\">Eduardo Carrera<\/mark><\/strong><\/h3>\n\n\n\n<figure class=\"wp-block-image size-large\"><img decoding=\"async\" src=\"https:\/\/www.infobae.com\/resizer\/v2\/ATCXWSEY2ZBW3LKRTZYNGZVEEM.jpg?auth=473cad53bb69c746f084931076b6978b158b54d7eb735cdbb1d6094a0df329b7&amp;smart=true&amp;width=992&amp;height=1488&amp;quality=85\" alt=\"\"\/><\/figure>\n\n\n\n<p><\/p>\n\n\n\n<p class=\"has-text-align-left\">Eduardo Carrera particip\u00f3 en la edici\u00f3n 2003 de <strong>Gran Hermano Argentina<\/strong> y tambi\u00e9n form\u00f3 parte de la versi\u00f3n espa\u00f1ola del formato. Actualmente trabaja en un consultorio dental y busca una nueva oportunidad en el reality, esta vez con una mirada m\u00e1s estrat\u00e9gica y distendida.<\/p>\n\n\n\n<p>Con trayectorias consolidadas, perfiles digitales fuertes y ex participantes del formato, <em>Gran Hermano Generaci\u00f3n Dorada<\/em> re\u00fane experiencia, exposici\u00f3n medi\u00e1tica y diversidad de personalidades en una temporada que promete intensidad desde el inicio.<\/p>\n\n\n\n<p class=\"has-text-align-center\"><em><strong><em><strong><em><strong><em><strong><a href=\"https:\/\/t.me\/esreviral\">\u00daNETE A NUESTRO CANAL DE TELEGRAM PARA ESTAR INFORMADO<\/a><\/strong><\/em><\/strong><\/em><\/strong><\/em><\/strong><\/em><\/p>\n\n\n\n<p class=\"has-text-align-center\"><strong><em><mark style=\"background-color:rgba(0, 0, 0, 0)\" class=\"has-inline-color has-vivid-red-color\"><a href=\"https:\/\/esreviral.com\/?p=88401\" data-type=\"link\" data-id=\"https:\/\/esreviral.com\/?p=88401\">Lea Tambi\u00e9n: Participante podr\u00eda protagonizar el primer romance de Gran Hermano 2026: qui\u00e9n quiere enamorarla<\/a><\/mark><\/em><\/strong><\/p>\n\n\n\n<p class=\"has-text-align-right\"><strong><em>Con Informaci\u00f3n de Infobae.-<\/em><\/strong><\/p>\n","protected":false},"excerpt":{"rendered":"<p>El programa televisivo inici\u00f3 una temporada especial por su aniversario, en la que destacados participantes ingresaron a la competici\u00f3n bajo la conducci\u00f3n de Santiago del Moro, generando expectativas por la diversidad de perfiles elegidos<\/p>\n","protected":false},"author":3,"featured_media":88359,"comment_status":"closed","ping_status":"closed","sticky":false,"template":"","format":"standard","meta":{"jnews-multi-image_gallery":[],"jnews_single_post":{"format":"standard"},"jnews_primary_category":[],"jnews_social_meta":[],"jnews_review":[],"enable_review":"","type":"","name":"","summary":"","brand":"","sku":"","good":[],"bad":[],"score_override":"","override_value":"","rating":[],"price":[],"jnews_override_counter":[],"jnews_post_split":[],"footnotes":""},"categories":[50],"tags":[40115,39966,5069,45],"class_list":["post-88358","post","type-post","status-publish","format-standard","has-post-thumbnail","hentry","category-entretenimiento","tag-andrea-del-boca","tag-generacion-dorada","tag-gran-hermano","tag-noticias"],"amp_enabled":true,"_links":{"self":[{"href":"https:\/\/esreviral.com\/index.php?rest_route=\/wp\/v2\/posts\/88358"}],"collection":[{"href":"https:\/\/esreviral.com\/index.php?rest_route=\/wp\/v2\/posts"}],"about":[{"href":"https:\/\/esreviral.com\/index.php?rest_route=\/wp\/v2\/types\/post"}],"author":[{"embeddable":true,"href":"https:\/\/esreviral.com\/index.php?rest_route=\/wp\/v2\/users\/3"}],"replies":[{"embeddable":true,"href":"https:\/\/esreviral.com\/index.php?rest_route=%2Fwp%2Fv2%2Fcomments&post=88358"}],"version-history":[{"count":2,"href":"https:\/\/esreviral.com\/index.php?rest_route=\/wp\/v2\/posts\/88358\/revisions"}],"predecessor-version":[{"id":88407,"href":"https:\/\/esreviral.com\/index.php?rest_route=\/wp\/v2\/posts\/88358\/revisions\/88407"}],"wp:featuredmedia":[{"embeddable":true,"href":"https:\/\/esreviral.com\/index.php?rest_route=\/wp\/v2\/media\/88359"}],"wp:attachment":[{"href":"https:\/\/esreviral.com\/index.php?rest_route=%2Fwp%2Fv2%2Fmedia&parent=88358"}],"wp:term":[{"taxonomy":"category","embeddable":true,"href":"https:\/\/esreviral.com\/index.php?rest_route=%2Fwp%2Fv2%2Fcategories&post=88358"},{"taxonomy":"post_tag","embeddable":true,"href":"https:\/\/esreviral.com\/index.php?rest_route=%2Fwp%2Fv2%2Ftags&post=88358"}],"curies":[{"name":"wp","href":"https:\/\/api.w.org\/{rel}","templated":true}]}}