{"id":88313,"date":"2026-02-21T12:54:02","date_gmt":"2026-02-21T17:54:02","guid":{"rendered":"https:\/\/esreviral.com\/?p=88313"},"modified":"2026-02-21T12:54:03","modified_gmt":"2026-02-21T17:54:03","slug":"fallecio-el-legendario-salsero-willie-colon","status":"publish","type":"post","link":"https:\/\/esreviral.com\/?p=88313","title":{"rendered":"Falleci\u00f3 el legendario salsero Willie Col\u00f3n"},"content":{"rendered":"\n<p>La salsa est\u00e1 de luto tras el fallecimiento del legendario salsero <strong>Willie Col\u00f3n<\/strong>. La noticia fue confirmada este s\u00e1bado por su familia a trav\u00e9s de un mensaje publicado en Facebook.<\/p>\n\n\n\n<p>\u201cEs con profunda tristeza que anunciamos el fallecimiento de nuestro amado esposo, padre y reconocido m\u00fasico\u201d, se\u00f1al\u00f3 el comunicado. Seg\u00fan el texto, el artista, de 75 a\u00f1os de edad, muri\u00f3 en paz durante la ma\u00f1ana, rodeado de sus seres queridos.<\/p>\n\n\n\n<p>\u201cMientras lloramos su partida, tambi\u00e9n celebramos el legado eterno de su m\u00fasica y los recuerdos que dej\u00f3, que vivir\u00e1n para siempre\u201d, agregaron sus familiares.<\/p>\n\n\n\n<p class=\"has-text-align-center\"><strong><a href=\"https:\/\/chat.whatsapp.com\/KWkTmakY3I05kNdd2oZl6d\"><em>\u00daNETE A NUESTRO GRUPO DE WHATSAPP PARA ESTAR INFORMADO<\/em><\/a><\/strong><\/p>\n\n\n<div class=\"wp-block-image\">\n<figure class=\"aligncenter size-large\"><img decoding=\"async\" src=\"https:\/\/www.infobae.com\/resizer\/v2\/7FDN4LYAXZFUJKSPK62H456XPM.jpeg?auth=d136b5a96fadb6a3c470fa24f3fa697f4d284f3f8dd7d7061dd8ad3789fd1ffe&amp;smart=true&amp;width=992&amp;height=1752&amp;quality=85\" alt=\"\"\/><\/figure><\/div>\n\n\n<p><\/p>\n\n\n\n<p>Desde comienzos de la semana circulaban informaciones sobre su estado de salud, luego de que fuera hospitalizado en Nueva York presuntamente por un problema respiratorio.<\/p>\n\n\n\n<h2 class=\"wp-block-heading\"><strong><mark style=\"background-color:rgba(0, 0, 0, 0)\" class=\"has-inline-color has-vivid-red-color\">Una carrera que marc\u00f3 la historia de la salsa<\/mark><\/strong><\/h2>\n\n\n\n<p>Conocido como <strong>\u201cEl Malo del Bronx\u201d<\/strong>, Willie Col\u00f3n no solo revolucion\u00f3 el sonido de la salsa, sino que tambi\u00e9n le dio una identidad visual y narrativa propia. Desde sus inicios en Fania Records, rompi\u00f3 los esquemas tradicionales del g\u00e9nero al fusionar folclore puertorrique\u00f1o, jazz y ritmos afrocaribe\u00f1os con una est\u00e9tica urbana que conect\u00f3 con la comunidad latina en Nueva York.<\/p>\n\n\n\n<p>En su trayectoria destaca su hist\u00f3rica alianza con <strong>H\u00e9ctor Lavoe<\/strong>, con quien form\u00f3 uno de los d\u00faos m\u00e1s emblem\u00e1ticos del g\u00e9nero. Con el caracter\u00edstico sonido de su tromb\u00f3n y arreglos innovadores, Col\u00f3n cre\u00f3 el escenario perfecto para la voz de Lavoe en \u00e1lbumes ic\u00f3nicos como <em>Cosa Nuestra<\/em> y <em>Lo Mato<\/em>.<\/p>\n\n\n\n<p>M\u00e1s adelante, junto al paname\u00f1o <strong>Rub\u00e9n Blades<\/strong>, impuls\u00f3 una etapa de salsa con contenido social. El \u00e1lbum <em>Siembra<\/em> (1978) se convirti\u00f3 en una obra fundamental del g\u00e9nero, al demostrar que la salsa tambi\u00e9n pod\u00eda transmitir mensajes pol\u00edticos y reflexivos sin perder su esencia bailable.<\/p>\n\n\n\n<p>A lo largo de su carrera, Col\u00f3n tambi\u00e9n destac\u00f3 como cronista de la realidad social latinoamericana. Canciones como <strong>\u201cPl\u00e1stico\u201d<\/strong> o <strong>\u201cSim\u00f3n\u201d<\/strong> se transformaron en himnos culturales para varias generaciones.<\/p>\n\n\n\n<p>Adem\u00e1s de su legado musical, incursion\u00f3 en la actuaci\u00f3n y el activismo pol\u00edtico, manteniendo siempre una voz cr\u00edtica y comprometida con su tiempo. Su influencia sigue siendo una de las m\u00e1s importantes en la historia de la salsa.<\/p>\n\n\n\n<p class=\"has-text-align-center\"><em><strong><em><strong><em><strong><em><strong><a href=\"https:\/\/t.me\/esreviral\">\u00daNETE A NUESTRO CANAL DE TELEGRAM PARA ESTAR INFORMADO<\/a><\/strong><\/em><\/strong><\/em><\/strong><\/em><\/strong><\/em><\/p>\n\n\n\n<p class=\"has-text-align-right\"><strong><em>Con Informaci\u00f3n de ElNacional.-<\/em><\/strong><\/p>\n","protected":false},"excerpt":{"rendered":"<p>La familia confirm\u00f3 la muerte del c\u00e9lebre cantante norteamericano en Nueva York, tras varios d\u00edas de rumores sobre su estado de salud<\/p>\n","protected":false},"author":3,"featured_media":88314,"comment_status":"closed","ping_status":"closed","sticky":false,"template":"","format":"standard","meta":{"jnews-multi-image_gallery":[],"jnews_single_post":{"format":"standard"},"jnews_primary_category":[],"jnews_social_meta":[],"jnews_review":[],"enable_review":"","type":"","name":"","summary":"","brand":"","sku":"","good":[],"bad":[],"score_override":"","override_value":"","rating":[],"price":[],"jnews_override_counter":[],"jnews_post_split":[],"footnotes":""},"categories":[50],"tags":[45,534,3803,40084],"class_list":["post-88313","post","type-post","status-publish","format-standard","has-post-thumbnail","hentry","category-entretenimiento","tag-noticias","tag-nueva-york","tag-salsa","tag-willie-colon"],"amp_enabled":true,"_links":{"self":[{"href":"https:\/\/esreviral.com\/index.php?rest_route=\/wp\/v2\/posts\/88313"}],"collection":[{"href":"https:\/\/esreviral.com\/index.php?rest_route=\/wp\/v2\/posts"}],"about":[{"href":"https:\/\/esreviral.com\/index.php?rest_route=\/wp\/v2\/types\/post"}],"author":[{"embeddable":true,"href":"https:\/\/esreviral.com\/index.php?rest_route=\/wp\/v2\/users\/3"}],"replies":[{"embeddable":true,"href":"https:\/\/esreviral.com\/index.php?rest_route=%2Fwp%2Fv2%2Fcomments&post=88313"}],"version-history":[{"count":1,"href":"https:\/\/esreviral.com\/index.php?rest_route=\/wp\/v2\/posts\/88313\/revisions"}],"predecessor-version":[{"id":88315,"href":"https:\/\/esreviral.com\/index.php?rest_route=\/wp\/v2\/posts\/88313\/revisions\/88315"}],"wp:featuredmedia":[{"embeddable":true,"href":"https:\/\/esreviral.com\/index.php?rest_route=\/wp\/v2\/media\/88314"}],"wp:attachment":[{"href":"https:\/\/esreviral.com\/index.php?rest_route=%2Fwp%2Fv2%2Fmedia&parent=88313"}],"wp:term":[{"taxonomy":"category","embeddable":true,"href":"https:\/\/esreviral.com\/index.php?rest_route=%2Fwp%2Fv2%2Fcategories&post=88313"},{"taxonomy":"post_tag","embeddable":true,"href":"https:\/\/esreviral.com\/index.php?rest_route=%2Fwp%2Fv2%2Ftags&post=88313"}],"curies":[{"name":"wp","href":"https:\/\/api.w.org\/{rel}","templated":true}]}}