{"id":88264,"date":"2026-02-20T10:51:14","date_gmt":"2026-02-20T15:51:14","guid":{"rendered":"https:\/\/esreviral.com\/?p=88264"},"modified":"2026-02-20T10:51:15","modified_gmt":"2026-02-20T15:51:15","slug":"analizan-los-correos-del-exprincipe-andres-por-supuestos-vinculos-y-filtraciones-a-epstein","status":"publish","type":"post","link":"https:\/\/esreviral.com\/?p=88264","title":{"rendered":"Analizan los correos del expr\u00edncipe Andr\u00e9s por supuestos v\u00ednculos y filtraciones a Epstein"},"content":{"rendered":"\n<p><strong><a href=\"https:\/\/esreviral.com\/?p=88220\" data-type=\"link\" data-id=\"https:\/\/esreviral.com\/?p=88220\">El exduque de York, Prince Andrew (Andrew Mountbatten-Windsor), fue detenido bajo sospecha de conducta indebida en el ejercicio de funciones p\u00fablicas tras una redada en su residencia de Sandringham.<\/a><\/strong> La medida se produce en el marco de una investigaci\u00f3n que analiza posibles comunicaciones confidenciales con el fallecido financiero Jeffrey Epstein y la eventual exposici\u00f3n de informaci\u00f3n oficial sensible.<\/p>\n\n\n\n<p>Las autoridades mantienen operativos en Royal Lodge y en Sandringham mientras revisan correos electr\u00f3nicos, archivos digitales y documentaci\u00f3n f\u00edsica para determinar el alcance del presunto uso irregular de su posici\u00f3n institucional.<\/p>\n\n\n\n<p class=\"has-text-align-center\"><strong><a href=\"https:\/\/chat.whatsapp.com\/KWkTmakY3I05kNdd2oZl6d\"><em>\u00daNETE A NUESTRO GRUPO DE WHATSAPP PARA ESTAR INFORMADO<\/em><\/a><\/strong><\/p>\n\n\n\n<h3 class=\"wp-block-heading\"><strong><mark style=\"background-color:rgba(0, 0, 0, 0)\" class=\"has-inline-color has-vivid-red-color\">Ampliaci\u00f3n de la investigaci\u00f3n<\/mark><\/strong><\/h3>\n\n\n\n<p>Fuentes cercanas al caso indican que la detenci\u00f3n podr\u00eda permitir a los investigadores ampliar la pesquisa hacia posibles delitos vinculados a la red de tr\u00e1fico sexual asociada a Epstein. Asimismo, se examina el papel que Andrew desempe\u00f1\u00f3 como enviado comercial del Reino Unido y si existi\u00f3 alg\u00fan conflicto entre sus funciones oficiales y sus relaciones personales.<\/p>\n\n\n\n<p>En las \u00faltimas horas, trascendi\u00f3 que las pesquisas podr\u00edan ir m\u00e1s all\u00e1 de una eventual falta administrativa, explorando posibles responsabilidades penales derivadas de sus v\u00ednculos pasados. El caso ha cobrado nueva relevancia a partir de los denominados \u201carchivos Epstein\u201d, que durante a\u00f1os situaron al pr\u00edncipe bajo el escrutinio de la justicia estadounidense y han incrementado la presi\u00f3n p\u00fablica sobre la Casa Real brit\u00e1nica.<\/p>\n\n\n\n<p>La investigaci\u00f3n es coordinada por fuerzas policiales regionales, mientras que la decisi\u00f3n sobre una eventual imputaci\u00f3n corresponder\u00e1 al Crown Prosecution Service (CPS), una vez evaluadas las pruebas recabadas durante los allanamientos.<\/p>\n\n\n\n<h3 class=\"wp-block-heading\"><strong><mark style=\"background-color:rgba(0, 0, 0, 0)\" class=\"has-inline-color has-vivid-red-color\">Reacciones<\/mark><\/strong><\/h3>\n\n\n\n<p><strong><em>\u201cLos investigadores utilizar\u00e1n esto como base para examinar a\u00fan m\u00e1s a fondo su relaci\u00f3n con Epstein y, al hacerlo, construir un caso de que el pr\u00edncipe Andr\u00e9s particip\u00f3 de alguna manera en la red de tr\u00e1fico sexual de Epstein\u201d<\/em><\/strong>, afirm\u00f3 el analista Marcus Johnstone.<\/p>\n\n\n\n<p>Por su parte, el rey Carlos III\u00a0 se\u00f1al\u00f3: \u201c<strong><em><a href=\"https:\/\/esreviral.com\/?p=88158\" data-type=\"link\" data-id=\"https:\/\/esreviral.com\/?p=88158\">La ley debe seguir su curso. Mientras este proceso contin\u00fae, no ser\u00eda apropiado que yo haga m\u00e1s comentarios sobre este asunto\u201d.<\/a><\/em><\/strong><\/p>\n\n\n\n<h3 class=\"wp-block-heading\"><strong><mark style=\"background-color:rgba(0, 0, 0, 0)\" class=\"has-inline-color has-vivid-red-color\">En perspectiva<\/mark><\/strong><\/h3>\n\n\n\n<p>La investigaci\u00f3n podr\u00eda representar un nuevo episodio de tensi\u00f3n para la familia real brit\u00e1nica, al poner en cuesti\u00f3n los mecanismos de supervisi\u00f3n institucional y la responsabilidad p\u00fablica de sus miembros.<\/p>\n\n\n\n<p class=\"has-text-align-center\"><em><strong><em><strong><em><strong><em><strong><a href=\"https:\/\/t.me\/esreviral\">\u00daNETE A NUESTRO CANAL DE TELEGRAM PARA ESTAR INFORMADO<\/a><\/strong><\/em><\/strong><\/em><\/strong><\/em><\/strong><\/em><\/p>\n\n\n\n<p class=\"has-text-align-center\"><strong><em><a href=\"https:\/\/esreviral.com\/?p=88152\">Lea Tambi\u00e9n: Esc\u00e1ndalo en el Reino Unido: detuvieron al pr\u00edncipe Andr\u00e9s en medio de las acusaciones por el caso Epstein<\/a><\/em><\/strong><\/p>\n\n\n\n<p>Andrew permaneci\u00f3 11 horas bajo custodia tras la redada inicial. En las pr\u00f3ximas semanas continuar\u00e1n los an\u00e1lisis forenses y la revisi\u00f3n de documentaci\u00f3n. El paso clave ser\u00e1 determinar si existen elementos suficientes para formular cargos formales y c\u00f3mo avanzar\u00e1 el proceso judicial.<\/p>\n\n\n\n<p class=\"has-text-align-right\"><strong><em>Con Informaci\u00f3n de diarioversionfinal.com.-<\/em><\/strong><\/p>\n\n\n\n<p><\/p>\n","protected":false},"excerpt":{"rendered":"<p>El Rey Carlos: \u00abPerm\u00edtanme declarar con claridad: la ley debe seguir su curso. Mientras este proceso contin\u00fae, no ser\u00eda apropiado que yo haga m\u00e1s comentarios sobre este asunto\u00bb.<\/p>\n","protected":false},"author":3,"featured_media":88265,"comment_status":"closed","ping_status":"closed","sticky":false,"template":"","format":"standard","meta":{"jnews-multi-image_gallery":[],"jnews_single_post":{"format":"standard"},"jnews_primary_category":[],"jnews_social_meta":[],"jnews_review":[],"enable_review":"","type":"","name":"","summary":"","brand":"","sku":"","good":[],"bad":[],"score_override":"","override_value":"","rating":[],"price":[],"jnews_override_counter":[],"jnews_post_split":[],"footnotes":""},"categories":[88],"tags":[39947,40057,40070,45,2844],"class_list":["post-88264","post","type-post","status-publish","format-standard","has-post-thumbnail","hentry","category-internacionales","tag-epstein","tag-exprincipe-andres","tag-familia-real-britanica-2","tag-noticias","tag-reino-unido"],"amp_enabled":true,"_links":{"self":[{"href":"https:\/\/esreviral.com\/index.php?rest_route=\/wp\/v2\/posts\/88264"}],"collection":[{"href":"https:\/\/esreviral.com\/index.php?rest_route=\/wp\/v2\/posts"}],"about":[{"href":"https:\/\/esreviral.com\/index.php?rest_route=\/wp\/v2\/types\/post"}],"author":[{"embeddable":true,"href":"https:\/\/esreviral.com\/index.php?rest_route=\/wp\/v2\/users\/3"}],"replies":[{"embeddable":true,"href":"https:\/\/esreviral.com\/index.php?rest_route=%2Fwp%2Fv2%2Fcomments&post=88264"}],"version-history":[{"count":1,"href":"https:\/\/esreviral.com\/index.php?rest_route=\/wp\/v2\/posts\/88264\/revisions"}],"predecessor-version":[{"id":88266,"href":"https:\/\/esreviral.com\/index.php?rest_route=\/wp\/v2\/posts\/88264\/revisions\/88266"}],"wp:featuredmedia":[{"embeddable":true,"href":"https:\/\/esreviral.com\/index.php?rest_route=\/wp\/v2\/media\/88265"}],"wp:attachment":[{"href":"https:\/\/esreviral.com\/index.php?rest_route=%2Fwp%2Fv2%2Fmedia&parent=88264"}],"wp:term":[{"taxonomy":"category","embeddable":true,"href":"https:\/\/esreviral.com\/index.php?rest_route=%2Fwp%2Fv2%2Fcategories&post=88264"},{"taxonomy":"post_tag","embeddable":true,"href":"https:\/\/esreviral.com\/index.php?rest_route=%2Fwp%2Fv2%2Ftags&post=88264"}],"curies":[{"name":"wp","href":"https:\/\/api.w.org\/{rel}","templated":true}]}}