{"id":88259,"date":"2026-02-20T09:35:36","date_gmt":"2026-02-20T14:35:36","guid":{"rendered":"https:\/\/esreviral.com\/?p=88259"},"modified":"2026-02-20T09:35:37","modified_gmt":"2026-02-20T14:35:37","slug":"nuevo-presidente-interino-de-peru-es-citado-a-juicio-un-dia-despues-de-ser-elegido","status":"publish","type":"post","link":"https:\/\/esreviral.com\/?p=88259","title":{"rendered":"Nuevo presidente interino de Per\u00fa es citado a juicio un d\u00eda despu\u00e9s de ser elegido"},"content":{"rendered":"\n<p><strong><a href=\"https:\/\/esreviral.com\/?p=88176\" data-type=\"link\" data-id=\"https:\/\/esreviral.com\/?p=88176\">El recientemente nombrado presidente interino de Per\u00fa, Jos\u00e9 Mar\u00eda Balc\u00e1zar<\/a><\/strong>, fue citado a juicio oral por el presunto delito de apropiaci\u00f3n il\u00edcita por hechos que habr\u00edan ocurrido entre 2019 y 2022, cuando ejerc\u00eda como decano del Ilustre Colegio de Abogados de Lambayeque (ICAL), seg\u00fan informaron medios locales.<\/p>\n\n\n\n<p class=\"has-text-align-center\"><strong><a href=\"https:\/\/chat.whatsapp.com\/KWkTmakY3I05kNdd2oZl6d\"><em>\u00daNETE A NUESTRO GRUPO DE WHATSAPP PARA ESTAR INFORMADO<\/em><\/a><\/strong><\/p>\n\n\n\n<p>La convocatoria fue realizada por el Segundo Juzgado Unipersonal de Chiclayo, que investiga al mandatario por la presunta falta de rendici\u00f3n de cuentas sobre los fondos recaudados durante su gesti\u00f3n al frente del gremio.<\/p>\n\n\n\n<p>La audiencia fue fijada para el 16 de junio, con sesiones adicionales previstas para los d\u00edas 23 y 30 del mismo mes. El proceso podr\u00e1 desarrollarse de manera virtual o en la sede de la Corte Superior de Justicia de Lambayeque, en Chiclayo. El juez orden\u00f3 la presencia obligatoria del jefe de Estado y advirti\u00f3 que, en caso de inasistencia injustificada, ser\u00e1 declarado reo contumaz y se emitir\u00e1n \u00f3rdenes de captura a nivel nacional.<\/p>\n\n\n\n<p>Asimismo, el juzgado dispuso la comparecencia obligatoria de testigos considerados clave para esclarecer el manejo administrativo del Colegio de Abogados durante el per\u00edodo investigado, adem\u00e1s de la participaci\u00f3n de un perito contable. Seg\u00fan la resoluci\u00f3n, las declaraciones y el peritaje ser\u00e1n fundamentales para determinar si existi\u00f3 un uso indebido o fraudulento de los recursos del ICAL.<\/p>\n\n\n\n<p class=\"has-text-align-center\"><em><strong><em><strong><em><strong><em><strong><a href=\"https:\/\/t.me\/esreviral\">\u00daNETE A NUESTRO CANAL DE TELEGRAM PARA ESTAR INFORMADO<\/a><\/strong><\/em><\/strong><\/em><\/strong><\/em><\/strong><\/em><\/p>\n\n\n\n<p class=\"has-text-align-center\"><strong><mark style=\"background-color:rgba(0, 0, 0, 0)\" class=\"has-inline-color has-vivid-red-color\"><em><a href=\"https:\/\/esreviral.com\/?p=88211\" data-type=\"link\" data-id=\"https:\/\/esreviral.com\/?p=88211\">Lea Tambi\u00e9n: Estos son los 10 jefes de Estado destituidos en Per\u00fa que marcaron una d\u00e9cada de inestabilidad<\/a><\/em><\/mark><\/strong><\/p>\n\n\n\n<p> <\/p>\n\n\n\n<p class=\"has-text-align-right\"><strong><em>Con Informaci\u00f3n de NoticiaAld\u00eda.-<\/em><\/strong><\/p>\n","protected":false},"excerpt":{"rendered":"<p>El juzgado tambi\u00e9n dispuso la comparecencia obligatoria de testigos considerados claves para esclarecer el manejo interno del Colegio de Abogados en el per\u00edodo investigado<\/p>\n","protected":false},"author":3,"featured_media":88260,"comment_status":"closed","ping_status":"closed","sticky":false,"template":"","format":"standard","meta":{"jnews-multi-image_gallery":[],"jnews_single_post":{"format":"standard"},"jnews_primary_category":[],"jnews_social_meta":[],"jnews_review":[],"enable_review":"","type":"","name":"","summary":"","brand":"","sku":"","good":[],"bad":[],"score_override":"","override_value":"","rating":[],"price":[],"jnews_override_counter":[],"jnews_post_split":[],"footnotes":""},"categories":[88,59],"tags":[40031,45,232,40069],"class_list":["post-88259","post","type-post","status-publish","format-standard","has-post-thumbnail","hentry","category-internacionales","category-politica","tag-jose-maria-balcazar","tag-noticias","tag-peru","tag-presidente-interino-de-peru"],"amp_enabled":true,"_links":{"self":[{"href":"https:\/\/esreviral.com\/index.php?rest_route=\/wp\/v2\/posts\/88259"}],"collection":[{"href":"https:\/\/esreviral.com\/index.php?rest_route=\/wp\/v2\/posts"}],"about":[{"href":"https:\/\/esreviral.com\/index.php?rest_route=\/wp\/v2\/types\/post"}],"author":[{"embeddable":true,"href":"https:\/\/esreviral.com\/index.php?rest_route=\/wp\/v2\/users\/3"}],"replies":[{"embeddable":true,"href":"https:\/\/esreviral.com\/index.php?rest_route=%2Fwp%2Fv2%2Fcomments&post=88259"}],"version-history":[{"count":1,"href":"https:\/\/esreviral.com\/index.php?rest_route=\/wp\/v2\/posts\/88259\/revisions"}],"predecessor-version":[{"id":88261,"href":"https:\/\/esreviral.com\/index.php?rest_route=\/wp\/v2\/posts\/88259\/revisions\/88261"}],"wp:featuredmedia":[{"embeddable":true,"href":"https:\/\/esreviral.com\/index.php?rest_route=\/wp\/v2\/media\/88260"}],"wp:attachment":[{"href":"https:\/\/esreviral.com\/index.php?rest_route=%2Fwp%2Fv2%2Fmedia&parent=88259"}],"wp:term":[{"taxonomy":"category","embeddable":true,"href":"https:\/\/esreviral.com\/index.php?rest_route=%2Fwp%2Fv2%2Fcategories&post=88259"},{"taxonomy":"post_tag","embeddable":true,"href":"https:\/\/esreviral.com\/index.php?rest_route=%2Fwp%2Fv2%2Ftags&post=88259"}],"curies":[{"name":"wp","href":"https:\/\/api.w.org\/{rel}","templated":true}]}}