{"id":88256,"date":"2026-02-20T09:12:34","date_gmt":"2026-02-20T14:12:34","guid":{"rendered":"https:\/\/esreviral.com\/?p=88256"},"modified":"2026-02-20T09:14:58","modified_gmt":"2026-02-20T14:14:58","slug":"estados-unidos-emitio-una-orden-de-deportacion-contra-el-expreso-politico-venezolano-villca-fernandez","status":"publish","type":"post","link":"https:\/\/esreviral.com\/?p=88256","title":{"rendered":"Estados Unidos emiti\u00f3 una orden de deportaci\u00f3n contra el expreso pol\u00edtico venezolano\u00a0Villca Fern\u00e1ndez"},"content":{"rendered":"\n<p><strong>Estados Unidos<\/strong>\u00a0emiti\u00f3 una\u00a0<strong>orden de deportaci\u00f3n<\/strong>\u00a0contra el expreso pol\u00edtico\u00a0<strong>Villca Fern\u00e1ndez<\/strong>, luego de que se negara la apelaci\u00f3n que present\u00f3 a la decisi\u00f3n de\u00a0<strong>cerrar su caso de asilo.\u00a0<\/strong><\/p>\n\n\n\n<p><strong><em>\u201cLamento profundamente informar que mi apelaci\u00f3n contra la decisi\u00f3n de cerrar mi caso de asilo en los Estados Unidos ha sido denegada, y ahora se ha emitido una orden de deportaci\u00f3n en mi contra<\/em><\/strong>\u201d, indic\u00f3 Fern\u00e1ndez en una\u00a0publicaci\u00f3n de X\u00a0el viernes 20 de febrero.\u00a0<\/p>\n\n\n\n<p>El activista explic\u00f3 que&nbsp;<strong>existen m\u00faltiples evidencias de la persecuci\u00f3n a la que est\u00e1 expuesto<\/strong>, as\u00ed como pruebas en medios de comunicaci\u00f3n y organizaciones como Amnist\u00eda Internacional que describen su vida y activismo.&nbsp;<\/p>\n\n\n\n<p><strong><em>\u201cEs incre\u00edblemente lamentable que\u00a0mi vida vuelva a estar en peligro.\u00a0Vine a Estados Unidos en busca de protecci\u00f3n, y ahora siento que se me est\u00e1 dando la espalda en el momento m\u00e1s cr\u00edtico de mi vida<\/em><\/strong>\u201d, agreg\u00f3.\u00a0<\/p>\n\n\n\n<p class=\"has-text-align-center\"><strong><a href=\"https:\/\/chat.whatsapp.com\/KWkTmakY3I05kNdd2oZl6d\"><em>\u00daNETE A NUESTRO GRUPO DE WHATSAPP PARA ESTAR INFORMADO<\/em><\/a><\/strong><\/p>\n\n\n\n<blockquote class=\"twitter-tweet\"><p lang=\"es\" dir=\"ltr\">Lamento profundamente informar que mi apelaci\u00f3n contra la decisi\u00f3n de cerrar mi caso de asilo en los Estados Unidos ha sido denegada, y ahora se ha emitido una orden de deportaci\u00f3n en mi contra.<br><br>He compartido m\u00e1s abajo varios enlaces de noticias y de Amnist\u00eda Internacional que\u2026<\/p>&mdash; Villca Fernandez (@VillcaFDEZ23) <a href=\"https:\/\/twitter.com\/VillcaFDEZ23\/status\/2024718221366972919?ref_src=twsrc%5Etfw\">February 20, 2026<\/a><\/blockquote> <script async src=\"https:\/\/platform.twitter.com\/widgets.js\" charset=\"utf-8\"><\/script>\n\n\n\n<p><\/p>\n\n\n\n<p>Aclar\u00f3 que&nbsp;<strong>apoya las iniciativas internacionales de detener a Nicol\u00e1s Maduro y a figuras delictivas venezolanas<\/strong>. Sin embargo, considera que en el pa\u00eds todav\u00eda hay impunidad y contin\u00faan en puestos de poder las personas relacionadas con su detenci\u00f3n en el a\u00f1o 2016.&nbsp;<\/p>\n\n\n\n<p>Fern\u00e1ndez estuvo privado de libertad por m\u00e1s de dos a\u00f1os en&nbsp;<strong>El Helicoide<\/strong>, sede del Servicio Bolivariano de Inteligencia Nacional (<strong>Sebin<\/strong>) en Caracas, donde habr\u00eda sido&nbsp;<strong>v\u00edctima de torturas.&nbsp;<\/strong><\/p>\n\n\n\n<p>En junio de 2018, el dirigente fue excarcelado, presuntamente bajo la condici\u00f3n de que deb\u00eda exiliarse a Per\u00fa.&nbsp;<strong>Fuera de Venezuela denunci\u00f3 las situaciones a las que estuvo expuesto y c\u00f3mo se produjo su salida de prisi\u00f3n.&nbsp;<\/strong><\/p>\n\n\n\n<h2 class=\"wp-block-heading\" id=\"h-hablo-sobre-la-ley-de-amnistia-nbsp\"><strong><mark style=\"background-color:rgba(0, 0, 0, 0)\" class=\"has-inline-color has-vivid-red-color\">Habl\u00f3 sobre la Ley de Amnist\u00eda\u00a0<\/mark><\/strong><\/h2>\n\n\n\n<figure class=\"wp-block-image size-large\"><img decoding=\"async\" src=\"https:\/\/eldiario.com\/wp-content\/uploads\/2026\/02\/bacbb02c9586c4635860e9da558af4af063abe1d-1200x800.jpg.webp\" alt=\"\"\/><\/figure>\n\n\n\n<p><\/p>\n\n\n\n<p>Horas antes de la publicaci\u00f3n de Fern\u00e1ndez,\u00a0<strong>la Asamblea Nacional en Venezuela aprob\u00f3 en segunda discusi\u00f3n y por unanimidad la Ley de Amnist\u00eda<\/strong>\u00a0para la Convivencia Democr\u00e1tica.\u00a0<\/p>\n\n\n\n<p>El exiliado se\u00f1al\u00f3 que&nbsp;<strong>esta medida no es garant\u00eda suficiente para las personas que han sufrido persecuci\u00f3n pol\u00edtica<\/strong>&nbsp;en las \u00faltimas d\u00e9cadas en Venezuela, por lo que insisti\u00f3 en que su vida sigue en riesgo si regresa al pa\u00eds.&nbsp;<\/p>\n\n\n\n<p>\u201cLa supuesta ley de amnist\u00eda promovida por la dictadura venezolana&nbsp;<strong>no garantiza protecci\u00f3n real para todos los presos pol\u00edticos<\/strong>, ni permite el retorno seguro de los exiliados. La tortura, el hostigamiento y la impunidad persisten\u201d, expres\u00f3.<\/p>\n\n\n\n<p class=\"has-text-align-center\"><em><strong><em><strong><em><strong><em><strong><a href=\"https:\/\/t.me\/esreviral\">\u00daNETE A NUESTRO CANAL DE TELEGRAM PARA ESTAR INFORMADO<\/a><\/strong><\/em><\/strong><\/em><\/strong><\/em><\/strong><\/em><\/p>\n\n\n\n<p><strong>Aleg\u00f3 que su caso no es aislado, sino que refleja la \u201crealidad de miles de venezolanos\u201d&nbsp;<\/strong>en busca de protecci\u00f3n y que hoy enfrentan la incertidumbre de las amenazas de deportaci\u00f3n en Estados Unidos.&nbsp;<\/p>\n\n\n\n<p class=\"has-text-align-right\"><strong><em>Con Informaci\u00f3n de ElDiario.-<\/em><\/strong><\/p>\n","protected":false},"excerpt":{"rendered":"<p>El exdirigente estudiantil estuvo detenido en la sede del Sebin, donde habr\u00eda sido v\u00edctima de tratos crueles y degradantes<\/p>\n","protected":false},"author":3,"featured_media":88257,"comment_status":"closed","ping_status":"closed","sticky":false,"template":"","format":"standard","meta":{"jnews-multi-image_gallery":[],"jnews_single_post":{"format":"standard"},"jnews_primary_category":[],"jnews_social_meta":[],"jnews_review":[],"enable_review":"","type":"","name":"","summary":"","brand":"","sku":"","good":[],"bad":[],"score_override":"","override_value":"","rating":[],"price":[],"jnews_override_counter":[],"jnews_post_split":[],"footnotes":""},"categories":[59],"tags":[7362,136,45,2162,56,40068],"class_list":["post-88256","post","type-post","status-publish","format-standard","has-post-thumbnail","hentry","category-politica","tag-deportacion","tag-estados-unidos","tag-noticias","tag-venezolanos","tag-venezuela","tag-vilca-fernandez"],"amp_enabled":true,"_links":{"self":[{"href":"https:\/\/esreviral.com\/index.php?rest_route=\/wp\/v2\/posts\/88256"}],"collection":[{"href":"https:\/\/esreviral.com\/index.php?rest_route=\/wp\/v2\/posts"}],"about":[{"href":"https:\/\/esreviral.com\/index.php?rest_route=\/wp\/v2\/types\/post"}],"author":[{"embeddable":true,"href":"https:\/\/esreviral.com\/index.php?rest_route=\/wp\/v2\/users\/3"}],"replies":[{"embeddable":true,"href":"https:\/\/esreviral.com\/index.php?rest_route=%2Fwp%2Fv2%2Fcomments&post=88256"}],"version-history":[{"count":1,"href":"https:\/\/esreviral.com\/index.php?rest_route=\/wp\/v2\/posts\/88256\/revisions"}],"predecessor-version":[{"id":88258,"href":"https:\/\/esreviral.com\/index.php?rest_route=\/wp\/v2\/posts\/88256\/revisions\/88258"}],"wp:featuredmedia":[{"embeddable":true,"href":"https:\/\/esreviral.com\/index.php?rest_route=\/wp\/v2\/media\/88257"}],"wp:attachment":[{"href":"https:\/\/esreviral.com\/index.php?rest_route=%2Fwp%2Fv2%2Fmedia&parent=88256"}],"wp:term":[{"taxonomy":"category","embeddable":true,"href":"https:\/\/esreviral.com\/index.php?rest_route=%2Fwp%2Fv2%2Fcategories&post=88256"},{"taxonomy":"post_tag","embeddable":true,"href":"https:\/\/esreviral.com\/index.php?rest_route=%2Fwp%2Fv2%2Ftags&post=88256"}],"curies":[{"name":"wp","href":"https:\/\/api.w.org\/{rel}","templated":true}]}}