{"id":88211,"date":"2026-02-19T13:09:51","date_gmt":"2026-02-19T18:09:51","guid":{"rendered":"https:\/\/esreviral.com\/?p=88211"},"modified":"2026-02-19T13:09:52","modified_gmt":"2026-02-19T18:09:52","slug":"estos-son-los-10-jefes-de-estado-destituidos-en-peru-que-marcaron-una-decada-de-inestabilidad","status":"publish","type":"post","link":"https:\/\/esreviral.com\/?p=88211","title":{"rendered":"Estos son los 10 jefes de Estado destituidos en Per\u00fa que marcaron una d\u00e9cada de inestabilidad"},"content":{"rendered":"\n<p>La pol\u00edtica peruana atraviesa uno de los per\u00edodos de mayor inestabilidad de su historia reciente. Con la reciente ca\u00edda de Jos\u00e9 Jer\u00ed, el pa\u00eds suma un nuevo episodio a una extensa lista de mandatarios que no lograron completar su per\u00edodo constitucional.<\/p>\n\n\n\n<p>A lo largo de la historia republicana, varios presidentes han sido apartados del cargo por decisi\u00f3n del Congreso, en medio de crisis pol\u00edticas, denuncias o enfrentamientos institucionales.<\/p>\n\n\n\n<p class=\"has-text-align-center\"><strong><a href=\"https:\/\/chat.whatsapp.com\/KWkTmakY3I05kNdd2oZl6d\"><em>\u00daNETE A NUESTRO GRUPO DE WHATSAPP PARA ESTAR INFORMADO<\/em><\/a><\/strong><\/p>\n\n\n\n<h2 class=\"wp-block-heading\"><strong><mark style=\"background-color:rgba(0, 0, 0, 0)\" class=\"has-inline-color has-vivid-red-color\">Presidentes destituidos por el Congreso<\/mark><\/strong><\/h2>\n\n\n\n<h3 class=\"wp-block-heading\"><strong>Jos\u00e9 de la Riva Ag\u00fcero (1823)<\/strong><\/h3>\n\n\n<div class=\"wp-block-image\">\n<figure class=\"aligncenter size-large\"><img decoding=\"async\" src=\"https:\/\/cloudfront-us-east-1.images.arcpublishing.com\/infobae\/BSTGXDZ32JD6JM47PLZOP4SISI.jpg\" alt=\"\"\/><\/figure><\/div>\n\n\n<p><\/p>\n\n\n\n<p>El primer presidente del Per\u00fa tambi\u00e9n fue el primero en ser removido. En pleno proceso de independencia y tras una serie de derrotas frente al ej\u00e9rcito realista, el Congreso decidi\u00f3 destituirlo pocos meses despu\u00e9s de asumir el cargo.<\/p>\n\n\n\n<h3 class=\"wp-block-heading\"><strong>Guillermo Billinghurst (1914)<\/strong><\/h3>\n\n\n<div class=\"wp-block-image\">\n<figure class=\"aligncenter size-large is-resized\"><img decoding=\"async\" src=\"https:\/\/encrypted-tbn0.gstatic.com\/images?q=tbn:ANd9GcQCaOz7j40oPDkI6zA4y2snD-KAlzQp4um8ug&amp;s\" alt=\"\" style=\"width:368px;height:auto\"\/><\/figure><\/div>\n\n\n<p><\/p>\n\n\n\n<p>Apodado \u201cPan Grande\u201d por su cercan\u00eda con los sectores populares, Billinghurst mantuvo un fuerte enfrentamiento con el Congreso. Cuando intent\u00f3 disolverlo mediante una consulta popular, fue depuesto en el marco de un golpe de Estado respaldado por militares y parlamentarios.<\/p>\n\n\n\n<h3 class=\"wp-block-heading\"><strong>Alberto Fujimori (2000)<\/strong><\/h3>\n\n\n<div class=\"wp-block-image\">\n<figure class=\"aligncenter size-large\"><img decoding=\"async\" src=\"https:\/\/www.biografiasyvidas.com\/biografia\/f\/fotos\/fujimori.jpg\" alt=\"\"\/><\/figure><\/div>\n\n\n<p><\/p>\n\n\n\n<p>Tras la difusi\u00f3n de los \u201cVladivideos\u201d, que revelaron una red de corrupci\u00f3n encabezada por su asesor Vladimiro Montesinos, Fujimori viaj\u00f3 a Jap\u00f3n y present\u00f3 su renuncia por fax. El Congreso rechaz\u00f3 la dimisi\u00f3n y lo destituy\u00f3 por \u201cincapacidad moral permanente\u201d.<\/p>\n\n\n\n<h3 class=\"wp-block-heading\"><strong>Mart\u00edn Vizcarra (2020)<\/strong><\/h3>\n\n\n<div class=\"wp-block-image\">\n<figure class=\"aligncenter size-large\"><img decoding=\"async\" src=\"https:\/\/upload.wikimedia.org\/wikipedia\/commons\/f\/f9\/Mart%C3%ADn_Vizcarra_Cornejo_%28cropped%29_%28cropped%29.png\" alt=\"\"\/><\/figure><\/div>\n\n\n<p><\/p>\n\n\n\n<p>Vizcarra super\u00f3 un primer intento de vacancia, pero en noviembre de 2020 fue destituido tras acusaciones de presuntos sobornos cuando era gobernador regional de Moquegua. Su salida, en plena pandemia, desat\u00f3 una de las mayores protestas sociales en d\u00e9cadas.<\/p>\n\n\n\n<h3 class=\"wp-block-heading\"><strong>Pedro Castillo (2022)<\/strong><\/h3>\n\n\n<div class=\"wp-block-image\">\n<figure class=\"aligncenter size-large\"><img decoding=\"async\" src=\"https:\/\/imagenes.elpais.com\/resizer\/v2\/U6PJQFZJQLCRDFEIU2AO2I6TVM.jpg?auth=504bc8e9779f81c073ccd9731def67ea777e3cd4b5bb8f9663f6cc3cbe481f0b&amp;width=414\" alt=\"\"\/><\/figure><\/div>\n\n\n<p><\/p>\n\n\n\n<p>El 7 de diciembre de 2022, Castillo anunci\u00f3 la disoluci\u00f3n del Congreso en un mensaje televisado, en lo que fue interpretado como un intento de autogolpe. Horas despu\u00e9s, el Parlamento aprob\u00f3 su destituci\u00f3n por quebrantar el orden constitucional. Fue detenido ese mismo d\u00eda.<\/p>\n\n\n\n<h3 class=\"wp-block-heading\"><strong>Dina Boluarte (2025)<\/strong><\/h3>\n\n\n<div class=\"wp-block-image\">\n<figure class=\"aligncenter size-large\"><img decoding=\"async\" src=\"https:\/\/ichef.bbci.co.uk\/ace\/ws\/640\/cpsprodpb\/125d\/live\/d30020c0-a590-11f0-bbf9-f1d34ef91255.jpg.webp\" alt=\"\"\/><\/figure><\/div>\n\n\n<p><\/p>\n\n\n\n<p>Primera mujer en ocupar la presidencia del Per\u00fa, Boluarte enfrent\u00f3 niveles hist\u00f3ricos de desaprobaci\u00f3n y una severa crisis de seguridad. El Congreso la vac\u00f3 el 10 de octubre de 2025, en medio de cuestionamientos sobre su gesti\u00f3n y su patrimonio.<\/p>\n\n\n\n<h3 class=\"wp-block-heading\"><strong>Jos\u00e9 Jer\u00ed (2026)<\/strong><\/h3>\n\n\n\n<figure class=\"wp-block-image size-large\"><img decoding=\"async\" src=\"https:\/\/radiobuenosaires.com.ar\/assets\/noticias\/6994d5e3ebb77_68e90e5a389ff6e5de02fc7a.jpg\" alt=\"\"\/><\/figure>\n\n\n\n<p><\/p>\n\n\n\n<p>El caso m\u00e1s reciente es el de Jer\u00ed, quien asumi\u00f3 para completar el per\u00edodo presidencial y fue destituido el 17 de febrero de 2026, tras apenas cuatro meses en el cargo. Su salida se produjo luego de un esc\u00e1ndalo vinculado a presuntas reuniones irregulares con empresarios que habr\u00edan influido en procesos de contrataci\u00f3n p\u00fablica.<\/p>\n\n\n\n<h2 class=\"wp-block-heading\"><strong><mark style=\"background-color:rgba(0, 0, 0, 0)\" class=\"has-inline-color has-vivid-red-color\">Una d\u00e9cada marcada por la inestabilidad<\/mark><\/strong><\/h2>\n\n\n\n<p>Entre 2016 y 2026, el Per\u00fa ha tenido diez presidentes:<\/p>\n\n\n\n<ul class=\"wp-block-list\">\n<li>Pedro Pablo Kuczynski (2016-2018) \u2013 Renunci\u00f3.<\/li>\n\n\n\n<li>Mart\u00edn Vizcarra (2018-2020) \u2013 Destituido.<\/li>\n\n\n\n<li>Manuel Merino (2020) \u2013 Renunci\u00f3 tras cinco d\u00edas en el cargo.<\/li>\n\n\n\n<li>Francisco Sagasti (2020-2021) \u2013 Gobierno de transici\u00f3n.<\/li>\n\n\n\n<li>Pedro Castillo (2021-2022) \u2013 Destituido.<\/li>\n\n\n\n<li>Dina Boluarte (2022-2025) \u2013 Destituida.<\/li>\n\n\n\n<li>Williams Zapata (2025) \u2013 Interino.<\/li>\n\n\n\n<li>Jos\u00e9 Jer\u00ed (2025-2026) \u2013 Destituido.<\/li>\n\n\n\n<li>Luis Arag\u00f3n (2026) \u2013 Breve interinato.<\/li>\n\n\n\n<li>Jos\u00e9 Mar\u00eda Balc\u00e1zar (2026-Actualidad) \u2013 En funciones.<\/li>\n<\/ul>\n\n\n\n<p><\/p>\n\n\n\n<p class=\"has-text-align-center\"><em><strong><em><strong><em><strong><em><strong><a href=\"https:\/\/t.me\/esreviral\">\u00daNETE A NUESTRO CANAL DE TELEGRAM PARA ESTAR INFORMADO<\/a><\/strong><\/em><\/strong><\/em><\/strong><\/em><\/strong><\/em><\/p>\n\n\n\n<p>En promedio, cada mandatario ha permanecido cerca de un a\u00f1o en el poder, un indicador que refleja la fragilidad institucional que atraviesa el pa\u00eds.<\/p>\n\n\n\n<p>Con la asunci\u00f3n de Jos\u00e9 Mar\u00eda Balc\u00e1zar, el Per\u00fa inicia una nueva etapa en un clima de expectativa e incertidumbre de cara a las elecciones generales previstas para abril. El desaf\u00edo no solo ser\u00e1 ganar los comicios, sino lograr estabilidad y completar el per\u00edodo constitucional de cinco a\u00f1os, algo que se ha vuelto excepcional en la pol\u00edtica peruana reciente.<\/p>\n\n\n\n<p class=\"has-text-align-right\"><strong><em>Con Informaci\u00f3n de NoticiaAlD\u00eda.-<\/em><\/strong><\/p>\n\n\n\n<p><\/p>\n","protected":false},"excerpt":{"rendered":"<p>Tras la reciente ca\u00edda de Jos\u00e9 Jer\u00ed, analizamos la inestabilidad de la presidencia peruana y la historia de los mandatarios destituidos por el Congreso.<\/p>\n","protected":false},"author":3,"featured_media":88212,"comment_status":"closed","ping_status":"closed","sticky":false,"template":"","format":"standard","meta":{"jnews-multi-image_gallery":[],"jnews_single_post":{"format":"standard"},"jnews_primary_category":[],"jnews_social_meta":[],"jnews_review":[],"enable_review":"","type":"","name":"","summary":"","brand":"","sku":"","good":[],"bad":[],"score_override":"","override_value":"","rating":[],"price":[],"jnews_override_counter":[],"jnews_post_split":[],"footnotes":""},"categories":[88,59],"tags":[45,232,40054,40053],"class_list":["post-88211","post","type-post","status-publish","format-standard","has-post-thumbnail","hentry","category-internacionales","category-politica","tag-noticias","tag-peru","tag-politica-peruana","tag-presidencia-del-peru"],"amp_enabled":true,"_links":{"self":[{"href":"https:\/\/esreviral.com\/index.php?rest_route=\/wp\/v2\/posts\/88211"}],"collection":[{"href":"https:\/\/esreviral.com\/index.php?rest_route=\/wp\/v2\/posts"}],"about":[{"href":"https:\/\/esreviral.com\/index.php?rest_route=\/wp\/v2\/types\/post"}],"author":[{"embeddable":true,"href":"https:\/\/esreviral.com\/index.php?rest_route=\/wp\/v2\/users\/3"}],"replies":[{"embeddable":true,"href":"https:\/\/esreviral.com\/index.php?rest_route=%2Fwp%2Fv2%2Fcomments&post=88211"}],"version-history":[{"count":1,"href":"https:\/\/esreviral.com\/index.php?rest_route=\/wp\/v2\/posts\/88211\/revisions"}],"predecessor-version":[{"id":88213,"href":"https:\/\/esreviral.com\/index.php?rest_route=\/wp\/v2\/posts\/88211\/revisions\/88213"}],"wp:featuredmedia":[{"embeddable":true,"href":"https:\/\/esreviral.com\/index.php?rest_route=\/wp\/v2\/media\/88212"}],"wp:attachment":[{"href":"https:\/\/esreviral.com\/index.php?rest_route=%2Fwp%2Fv2%2Fmedia&parent=88211"}],"wp:term":[{"taxonomy":"category","embeddable":true,"href":"https:\/\/esreviral.com\/index.php?rest_route=%2Fwp%2Fv2%2Fcategories&post=88211"},{"taxonomy":"post_tag","embeddable":true,"href":"https:\/\/esreviral.com\/index.php?rest_route=%2Fwp%2Fv2%2Ftags&post=88211"}],"curies":[{"name":"wp","href":"https:\/\/api.w.org\/{rel}","templated":true}]}}