{"id":88208,"date":"2026-02-19T12:47:17","date_gmt":"2026-02-19T17:47:17","guid":{"rendered":"https:\/\/esreviral.com\/?p=88208"},"modified":"2026-02-19T12:47:18","modified_gmt":"2026-02-19T17:47:18","slug":"chile-al-menos-cuatro-muertos-y-mas-de-15-heridos-tras-explosion-de-camion-que-transportaba-gas-licuado","status":"publish","type":"post","link":"https:\/\/esreviral.com\/?p=88208","title":{"rendered":"Chile: al menos cuatro muertos y m\u00e1s de 15 heridos tras explosi\u00f3n de cami\u00f3n que transportaba gas licuado"},"content":{"rendered":"\n<p>Un cami\u00f3n que transportaba gas licuado explot\u00f3 este jueves 19 de febrero en una<strong> autopista de Santiago<\/strong>, capital de Chile, dejando un saldo de tres personas fallecidas y al menos 17 heridas, cinco de ellas en estado grave.<\/p>\n\n\n\n<p class=\"has-text-align-center\"><strong><a href=\"https:\/\/chat.whatsapp.com\/KWkTmakY3I05kNdd2oZl6d\"><em>\u00daNETE A NUESTRO GRUPO DE WHATSAPP PARA ESTAR INFORMADO<\/em><\/a><\/strong><\/p>\n\n\n\n<blockquote class=\"twitter-tweet\"><p lang=\"es\" dir=\"ltr\">\ud83c\udde8\ud83c\uddf1 Explot\u00f3 un cami\u00f3n con gas licuado en la zona norte de Santiago, Chile que dej\u00f3 esta ma\u00f1ana al menos tres muertos y diez heridos, seg\u00fan informaron Carabineros. <a href=\"https:\/\/t.co\/LETYtwNrC3\">pic.twitter.com\/LETYtwNrC3<\/a><\/p>&mdash; ES RE VIRAL (@esreviral) <a href=\"https:\/\/twitter.com\/esreviral\/status\/2024541103794327607?ref_src=twsrc%5Etfw\">February 19, 2026<\/a><\/blockquote> <script async src=\"https:\/\/platform.twitter.com\/widgets.js\" charset=\"utf-8\"><\/script>\n\n\n\n<p>La detonaci\u00f3n se produjo en la intersecci\u00f3n de la principal v\u00eda del pa\u00eds, la Ruta 5, con una carretera secundaria. El estallido gener\u00f3 un incendio de gran magnitud que alcanz\u00f3 a otros siete veh\u00edculos que transitaban por el lugar y a un desguace cercano, seg\u00fan inform\u00f3 la polic\u00eda.<\/p>\n\n\n\n<p><strong>El hecho dej\u00f3 tres v\u00edctimas fatales<\/strong>, adem\u00e1s de cinco heridos graves y otros cinco con lesiones leves. Todas las personas afectadas son adultas y, en su mayor\u00eda, automovilistas. Las autoridades advirtieron que las cifras podr\u00edan modificarse a medida que avance la investigaci\u00f3n.<\/p>\n\n\n\n<p>El gobernador de la Regi\u00f3n Metropolitana, Claudio Orrego, indic\u00f3 que la hip\u00f3tesis preliminar apunta a una fuga en una de las v\u00e1lvulas del cami\u00f3n. \u201c<strong><em>Por alguna raz\u00f3n, se habr\u00eda generado una chispa que provoc\u00f3 la explosi\u00f3n de una nube de gas\u201d, explic\u00f3.<\/em><\/strong><\/p>\n\n\n\n<p class=\"has-text-align-center\"><em><strong><em><strong><em><strong><em><strong><a href=\"https:\/\/t.me\/esreviral\">\u00daNETE A NUESTRO CANAL DE TELEGRAM PARA ESTAR INFORMADO<\/a><\/strong><\/em><\/strong><\/em><\/strong><\/em><\/strong><\/em><\/p>\n\n\n\n<p class=\"has-text-align-right\"><strong><em>Con Informaci\u00f3n de Noticia al D\u00eda \/ EFE.-<\/em><\/strong><\/p>\n","protected":false},"excerpt":{"rendered":"<p>El veh\u00edculo volc\u00f3 en una autopista en Santiago y otros siete autos resultaron consumidos por las llamas<\/p>\n","protected":false},"author":3,"featured_media":88209,"comment_status":"closed","ping_status":"closed","sticky":false,"template":"","format":"standard","meta":{"jnews-multi-image_gallery":[],"jnews_single_post":{"format":"standard"},"jnews_primary_category":[],"jnews_social_meta":[],"jnews_review":[],"enable_review":"","type":"","name":"","summary":"","brand":"","sku":"","good":[],"bad":[],"score_override":"","override_value":"","rating":[],"price":[],"jnews_override_counter":[],"jnews_post_split":[],"footnotes":""},"categories":[88,64],"tags":[40051,40052,386,40050,45],"class_list":["post-88208","post","type-post","status-publish","format-standard","has-post-thumbnail","hentry","category-internacionales","category-sucesos","tag-autopista-de-santiago","tag-camion-con-gas","tag-chile","tag-gas-licuado","tag-noticias"],"amp_enabled":true,"_links":{"self":[{"href":"https:\/\/esreviral.com\/index.php?rest_route=\/wp\/v2\/posts\/88208"}],"collection":[{"href":"https:\/\/esreviral.com\/index.php?rest_route=\/wp\/v2\/posts"}],"about":[{"href":"https:\/\/esreviral.com\/index.php?rest_route=\/wp\/v2\/types\/post"}],"author":[{"embeddable":true,"href":"https:\/\/esreviral.com\/index.php?rest_route=\/wp\/v2\/users\/3"}],"replies":[{"embeddable":true,"href":"https:\/\/esreviral.com\/index.php?rest_route=%2Fwp%2Fv2%2Fcomments&post=88208"}],"version-history":[{"count":1,"href":"https:\/\/esreviral.com\/index.php?rest_route=\/wp\/v2\/posts\/88208\/revisions"}],"predecessor-version":[{"id":88210,"href":"https:\/\/esreviral.com\/index.php?rest_route=\/wp\/v2\/posts\/88208\/revisions\/88210"}],"wp:featuredmedia":[{"embeddable":true,"href":"https:\/\/esreviral.com\/index.php?rest_route=\/wp\/v2\/media\/88209"}],"wp:attachment":[{"href":"https:\/\/esreviral.com\/index.php?rest_route=%2Fwp%2Fv2%2Fmedia&parent=88208"}],"wp:term":[{"taxonomy":"category","embeddable":true,"href":"https:\/\/esreviral.com\/index.php?rest_route=%2Fwp%2Fv2%2Fcategories&post=88208"},{"taxonomy":"post_tag","embeddable":true,"href":"https:\/\/esreviral.com\/index.php?rest_route=%2Fwp%2Fv2%2Ftags&post=88208"}],"curies":[{"name":"wp","href":"https:\/\/api.w.org\/{rel}","templated":true}]}}