{"id":88176,"date":"2026-02-19T09:11:26","date_gmt":"2026-02-19T14:11:26","guid":{"rendered":"https:\/\/esreviral.com\/?p=88176"},"modified":"2026-02-19T09:11:44","modified_gmt":"2026-02-19T14:11:44","slug":"quien-es-el-presidente-interino-de-peru-y-que-desafios-enfrenta-hasta-julio","status":"publish","type":"post","link":"https:\/\/esreviral.com\/?p=88176","title":{"rendered":"Qui\u00e9n es el presidente interino de Per\u00fa y qu\u00e9 desaf\u00edos enfrenta hasta julio"},"content":{"rendered":"\n<p><strong>Jos\u00e9 Mar\u00eda Balc\u00e1zar<\/strong> fue elegido como nuevo presidente interino de Per\u00fa luego de<strong> <a href=\"https:\/\/esreviral.com\/?p=88063\" data-type=\"link\" data-id=\"https:\/\/esreviral.com\/?p=88063\">que el Congreso destituyera el martes a Jos\u00e9 Jer\u00ed mediante una moci\u00f3n de censura, en medio de una serie de esc\u00e1ndalos que marcaron su breve gesti\u00f3n.<\/a><\/strong><\/p>\n\n\n\n<p>Balc\u00e1zar se impuso en segunda votaci\u00f3n a Mar\u00eda del Carmen Alva, de Acci\u00f3n Popular, por 64 votos contra 46. En la primera ronda quedaron fuera Edgar Reymundo, del Bloque Democr\u00e1tico, y H\u00e9ctor Acu\u00f1a, de Honor y Democracia. La elecci\u00f3n se resolvi\u00f3 en una instancia decisiva despu\u00e9s de que ning\u00fan candidato alcanzara la mayor\u00eda requerida en la votaci\u00f3n inicial.<\/p>\n\n\n\n<p class=\"has-text-align-center\"><strong><a href=\"https:\/\/chat.whatsapp.com\/KWkTmakY3I05kNdd2oZl6d\"><em>\u00daNETE A NUESTRO GRUPO DE WHATSAPP PARA ESTAR INFORMADO<\/em><\/a><\/strong><\/p>\n\n\n<div class=\"wp-block-image\">\n<figure class=\"aligncenter size-large\"><img decoding=\"async\" src=\"https:\/\/ichef.bbci.co.uk\/ace\/ws\/640\/cpsprodpb\/e9da\/live\/46faa4f0-0d42-11f1-b20c-af552a549c33.jpg.webp\" alt=\"\"\/><\/figure><\/div>\n\n\n<p><\/p>\n\n\n\n<p>Con su designaci\u00f3n, Balc\u00e1zar se convierte en el octavo presidente que tiene el pa\u00eds en los \u00faltimos diez a\u00f1os, reflejo de la prolongada inestabilidad pol\u00edtica en Per\u00fa. Su mandato ser\u00e1 breve: deber\u00e1 entregar el poder el 28 de julio, cuando asuma el ganador de las elecciones previstas para abril. La ley le impide postularse en esos comicios.<\/p>\n\n\n\n<p>En su primer mensaje tras recibir la banda presidencial, asegur\u00f3 que sus prioridades ser\u00e1n garantizar una \u201ctransici\u00f3n electoral pac\u00edfica y transparente\u201d y enfrentar el problema de la inseguridad ciudadana. En materia econ\u00f3mica, prometi\u00f3 continuidad en las pol\u00edticas vigentes.<\/p>\n\n\n\n<h3 class=\"wp-block-heading\"><strong><mark style=\"background-color:rgba(0, 0, 0, 0)\" class=\"has-inline-color has-vivid-red-color\">Qui\u00e9n es Jos\u00e9 Mar\u00eda Balc\u00e1zar<\/mark><\/strong><\/h3>\n\n\n\n<p>Jos\u00e9 Mar\u00eda Balc\u00e1zar Zelada, de 83 a\u00f1os, es exmagistrado y actual congresista por Lambayeque. Fue vocal supremo del Poder Judicial y ha enfrentado investigaciones por presunto tr\u00e1fico de influencias.<\/p>\n\n\n\n<p>Medios locales lo vinculan con Vladimir Cerr\u00f3n, fundador del partido Per\u00fa Libre, condenado por corrupci\u00f3n y actualmente pr\u00f3fugo de la justicia. En el pasado, Balc\u00e1zar fue expulsado del Colegio de Abogados de Lambayeque por presunta apropiaci\u00f3n de fondos.<\/p>\n\n\n\n<p>Tambi\u00e9n afronta una denuncia constitucional por un supuesto intercambio de favores con la exfiscal de la Naci\u00f3n Patricia Benavides, en el que, seg\u00fan la acusaci\u00f3n, habr\u00eda negociado votos parlamentarios a cambio del archivo de procesos en su contra.<\/p>\n\n\n\n<p>De perfil bajo hasta ahora en la pol\u00edtica nacional, se le recuerda por su oposici\u00f3n a la ley contra el matrimonio infantil y por declaraciones pol\u00e9micas realizadas en ese contexto. Su cercan\u00eda a Cerr\u00f3n lo ubica dentro de un sector de la izquierda peruana con posiciones conservadoras en lo social.<\/p>\n\n\n\n<p>Su victoria sorprendi\u00f3 a buena parte de los analistas, que daban como favorita a Alva.<\/p>\n\n\n\n<h3 class=\"wp-block-heading\"><strong><mark style=\"background-color:rgba(0, 0, 0, 0)\" class=\"has-inline-color has-vivid-red-color\">La ca\u00edda de Jos\u00e9 Jer\u00ed<\/mark><\/strong><\/h3>\n\n\n\n<p>La destituci\u00f3n de Jer\u00ed fue el desenlace de una sucesi\u00f3n de controversias desde que asumi\u00f3 el 10 de octubre de 2025, tras la salida de Dina Boluarte, tambi\u00e9n apartada por el Congreso en medio de acusaciones de corrupci\u00f3n.<\/p>\n\n\n\n<p>Entre los esc\u00e1ndalos que afectaron a Jer\u00ed estuvo el denominado \u201cchifagate\u201d, vinculado a reuniones no registradas con empresarios chinos, uno de ellos investigado por presunta venta ilegal de madera. D\u00edas despu\u00e9s, surgieron cuestionamientos por la contrataci\u00f3n en el Estado de mujeres que lo hab\u00edan visitado en Palacio.<\/p>\n\n\n\n<p>Jer\u00ed defendi\u00f3 esas designaciones y neg\u00f3 irregularidades, pero sus explicaciones no lograron frenar la censura parlamentaria.<\/p>\n\n\n\n<h3 class=\"wp-block-heading\"><strong><mark style=\"background-color:rgba(0, 0, 0, 0)\" class=\"has-inline-color has-vivid-red-color\">Un escenario electoral incierto<\/mark><\/strong><\/h3>\n\n\n\n<p>Balc\u00e1zar asume en un contexto de fuerte fragmentaci\u00f3n pol\u00edtica y baja popularidad de los dirigentes. Gobernar\u00e1 hasta julio, mientras el pa\u00eds se prepara para la primera vuelta electoral del 12 de abril, en la que se elegir\u00e1 presidente y Congreso.<\/p>\n\n\n\n<p>Seg\u00fan una encuesta de Ipsos publicada el 13 de febrero, el candidato mejor posicionado, Rafael L\u00f3pez Aliaga, alcanza apenas el 12% de intenci\u00f3n de voto, lo que anticipa una contienda abierta y con alta probabilidad de segunda vuelta.<\/p>\n\n\n\n<p class=\"has-text-align-center\"><em><strong><em><strong><em><strong><em><strong><a href=\"https:\/\/t.me\/esreviral\">\u00daNETE A NUESTRO CANAL DE TELEGRAM PARA ESTAR INFORMADO<\/a><\/strong><\/em><\/strong><\/em><\/strong><\/em><\/strong><\/em><\/p>\n\n\n\n<p>En este escenario, el nuevo presidente interino deber\u00e1 garantizar la estabilidad institucional en medio de una campa\u00f1a marcada por la incertidumbre y el desgaste de la clase pol\u00edtica.<\/p>\n\n\n\n<p class=\"has-text-align-right\"><strong><em>Con Informaci\u00f3n de ElNacional.-<\/em><\/strong><\/p>\n","protected":false},"excerpt":{"rendered":"<p>La victoria de Balc\u00e1zar se produjo en una segunda votaci\u00f3n despu\u00e9s de que ninguno de los candidatos alcanzara la mayor\u00eda de votos requerida<\/p>\n","protected":false},"author":3,"featured_media":88177,"comment_status":"closed","ping_status":"closed","sticky":false,"template":"","format":"standard","meta":{"jnews-multi-image_gallery":[],"jnews_single_post":{"format":"standard"},"jnews_primary_category":[],"jnews_social_meta":[],"jnews_review":[],"enable_review":"","type":"","name":"","summary":"","brand":"","sku":"","good":[],"bad":[],"score_override":"","override_value":"","rating":[],"price":[],"jnews_override_counter":[],"jnews_post_split":[],"footnotes":""},"categories":[88,59],"tags":[40029,40031,45,40030],"class_list":["post-88176","post","type-post","status-publish","format-standard","has-post-thumbnail","hentry","category-internacionales","category-politica","tag-crisis-peru","tag-jose-maria-balcazar","tag-noticias","tag-presidente-de-peru"],"amp_enabled":true,"_links":{"self":[{"href":"https:\/\/esreviral.com\/index.php?rest_route=\/wp\/v2\/posts\/88176"}],"collection":[{"href":"https:\/\/esreviral.com\/index.php?rest_route=\/wp\/v2\/posts"}],"about":[{"href":"https:\/\/esreviral.com\/index.php?rest_route=\/wp\/v2\/types\/post"}],"author":[{"embeddable":true,"href":"https:\/\/esreviral.com\/index.php?rest_route=\/wp\/v2\/users\/3"}],"replies":[{"embeddable":true,"href":"https:\/\/esreviral.com\/index.php?rest_route=%2Fwp%2Fv2%2Fcomments&post=88176"}],"version-history":[{"count":1,"href":"https:\/\/esreviral.com\/index.php?rest_route=\/wp\/v2\/posts\/88176\/revisions"}],"predecessor-version":[{"id":88179,"href":"https:\/\/esreviral.com\/index.php?rest_route=\/wp\/v2\/posts\/88176\/revisions\/88179"}],"wp:featuredmedia":[{"embeddable":true,"href":"https:\/\/esreviral.com\/index.php?rest_route=\/wp\/v2\/media\/88177"}],"wp:attachment":[{"href":"https:\/\/esreviral.com\/index.php?rest_route=%2Fwp%2Fv2%2Fmedia&parent=88176"}],"wp:term":[{"taxonomy":"category","embeddable":true,"href":"https:\/\/esreviral.com\/index.php?rest_route=%2Fwp%2Fv2%2Fcategories&post=88176"},{"taxonomy":"post_tag","embeddable":true,"href":"https:\/\/esreviral.com\/index.php?rest_route=%2Fwp%2Fv2%2Ftags&post=88176"}],"curies":[{"name":"wp","href":"https:\/\/api.w.org\/{rel}","templated":true}]}}