{"id":88164,"date":"2026-02-19T08:30:28","date_gmt":"2026-02-19T13:30:28","guid":{"rendered":"https:\/\/esreviral.com\/?p=88164"},"modified":"2026-02-19T08:58:13","modified_gmt":"2026-02-19T13:58:13","slug":"el-mapa-de-cortes-durante-el-paro-general-contra-la-reforma-laboral","status":"publish","type":"post","link":"https:\/\/esreviral.com\/?p=88164","title":{"rendered":"El mapa de cortes durante el paro general contra la reforma laboral"},"content":{"rendered":"\n<p>El paro general de 24 horas convocado por la Confederaci\u00f3n General del Trabajo (CGT) en rechazo a la reforma laboral que el oficialismo intentar\u00e1 aprobar en la C\u00e1mara de Diputados tendr\u00e1 una marcada presencia en las calles.<\/p>\n\n\n\n<p>Aunque la central sindical resolvi\u00f3 impulsar la medida sin organizar una movilizaci\u00f3n propia, diversos sectores gremiales y movimientos sociales confirmaron que realizar\u00e1n cortes de v\u00edas, piquetes y concentraciones a lo largo de la jornada.<\/p>\n\n\n\n<p>Seg\u00fan los organizadores, est\u00e1n previstas m\u00e1s de 130 acciones en distintos puntos del pa\u00eds, incluidas interrupciones en accesos estrat\u00e9gicos, puentes y rutas nacionales.<\/p>\n\n\n\n<p>El clima previo al debate parlamentario tambi\u00e9n se vio tensionado por el conflicto en la empresa Fate, que anunci\u00f3 el cierre de su planta y el despido de m\u00e1s de 900 trabajadores. Si bien se dict\u00f3 la conciliaci\u00f3n obligatoria, la situaci\u00f3n increment\u00f3 la tensi\u00f3n en las horas previas al paro.<\/p>\n\n\n\n<p class=\"has-text-align-center\"><strong><a href=\"https:\/\/chat.whatsapp.com\/KWkTmakY3I05kNdd2oZl6d\"><em>\u00daNETE A NUESTRO GRUPO DE WHATSAPP PARA ESTAR INFORMADO<\/em><\/a><\/strong><\/p>\n\n\n\n<p class=\"has-text-align-center\"><strong><em><mark style=\"background-color:rgba(0, 0, 0, 0)\" class=\"has-inline-color has-vivid-red-color\"><a href=\"https:\/\/esreviral.com\/?p=88170\" data-type=\"link\" data-id=\"https:\/\/esreviral.com\/?p=88170\">Lea Tambi\u00e9n: El costo del paro: qu\u00e9 sectores pierden m\u00e1s dinero y cu\u00e1les no la pueden recuperar<\/a><\/mark><\/em><\/strong><\/p>\n\n\n\n<iframe src=\"https:\/\/www.google.com\/maps\/embed?pb=!1m14!1m8!1m3!1d6567.616655640214!2d-58.380693!3d-34.609008!3m2!1i1024!2i768!4f13.1!3m3!1m2!1s0x95bccad04e1806ef%3A0x36f5fc6eca6e8ff8!2sAv.%20de%20Mayo%20%26%20Bernardo%20de%20Irigoyen%2C%20C1072%20Cdad.%20Aut%C3%B3noma%20de%20Buenos%20Aires!5e0!3m2!1ses!2sar!4v1771507569467!5m2!1ses!2sar\" width=\"600\" height=\"450\" style=\"border:0;\" allowfullscreen=\"\" loading=\"lazy\" referrerpolicy=\"no-referrer-when-downgrade\"><\/iframe>\n\n\n\n<h2 class=\"wp-block-heading\"><strong><mark style=\"background-color:rgba(0, 0, 0, 0)\" class=\"has-inline-color has-vivid-red-color\">Paro sin movilizaci\u00f3n oficial<\/mark><\/strong><\/h2>\n\n\n\n<p>La conducci\u00f3n de la CGT decidi\u00f3 limitar la convocatoria a la huelga, sin convocar a un acto central. No obstante, sectores sindicales, agrupaciones de izquierda y organizaciones territoriales anunciaron protestas propias en rechazo al proyecto, que ya cuenta con media sanci\u00f3n del Senado y ser\u00e1 debatido en Diputados.<\/p>\n\n\n\n<h2 class=\"wp-block-heading\"><strong><mark style=\"background-color:rgba(0, 0, 0, 0)\" class=\"has-inline-color has-vivid-red-color\">Concentraci\u00f3n en la Ciudad de Buenos Aires<\/mark><\/strong><\/h2>\n\n\n\n<p>A las 11:00 est\u00e1 prevista una conferencia de prensa en la Casa de las Madres de Plaza de Mayo, ubicada en la avenida Hip\u00f3lito Yrigoyen 1584.<\/p>\n\n\n\n<p>Posteriormente, desde las 12:00, comenzar\u00e1 una concentraci\u00f3n en la intersecci\u00f3n de Bernardo de Irigoyen y Avenida de Mayo, desde donde se iniciar\u00e1 una movilizaci\u00f3n hacia el Congreso de la Naci\u00f3n.<\/p>\n\n\n\n<h2 class=\"wp-block-heading\"><strong><mark style=\"background-color:rgba(0, 0, 0, 0)\" class=\"has-inline-color has-vivid-red-color\">Cortes en el Gran Buenos Aires<\/mark><\/strong><\/h2>\n\n\n\n<p>En el \u00e1rea metropolitana se anunciaron interrupciones en puntos clave de circulaci\u00f3n, entre ellos:<\/p>\n\n\n\n<ul class=\"wp-block-list\">\n<li>Avellaneda: bajada del Puente Nicol\u00e1s Avellaneda.<\/li>\n\n\n\n<li>Quilmes: Tri\u00e1ngulo de Bernal.<\/li>\n\n\n\n<li>Guernica: Ruta 210 y avenida Eva Per\u00f3n.<\/li>\n\n\n\n<li>Glew: Ruta 205 y Patria.<\/li>\n\n\n\n<li>Longchamps: Ruta 210 y Escuela T\u00e9cnica N.\u00ba 1.<\/li>\n\n\n\n<li>Claypole: Ruta 4, Puente de Claypole.<\/li>\n\n\n\n<li>Lomas de Zamora: Recondo y Camino Negro, Puente La Noria.<\/li>\n\n\n\n<li>La Plata: bajada de la Autopista Buenos Aires\u2013La Plata; intersecciones de 155 y 44; 161 y 520; 25 y 72.<\/li>\n\n\n\n<li>La Matanza: Ruta 3 y Salvigni.<\/li>\n\n\n\n<li>Moreno: Ruta 23 y Acceso Oeste (Gaona).<\/li>\n\n\n\n<li>M\u00e1ximo Paz: Ruta 205 y Pereda.<\/li>\n\n\n\n<li><\/li>\n<\/ul>\n\n\n\n<p><strong>Tambi\u00e9n se anunciaron actividades en otras localidades bonaerenses:<\/strong><\/p>\n\n\n\n<ul class=\"wp-block-list\">\n<li>San Nicol\u00e1s: 10:00, Sarmiento y Lavalle.<\/li>\n\n\n\n<li>Ayacucho: 10:00, distribuci\u00f3n de volantes en distintos puntos de la ciudad.<\/li>\n\n\n\n<li>Mar del Plata: 16:00, marcha convocada por las tres centrales sindicales.<\/li>\n\n\n\n<li>Necochea: 9:00, calles 59 y 64.<\/li>\n\n\n\n<li>Bah\u00eda Blanca: 10:00, Plaza Rivadavia.<\/li>\n\n\n\n<li>Carmen de Patagones: 10:00, radio abierta en Plaza Villarino.<\/li>\n\n\n\n<li>Jun\u00edn: 11:00, distribuci\u00f3n de volantes.<\/li>\n\n\n\n<li>Azul: conferencia de prensa en horario a definir.<\/li>\n\n\n\n<li>Pergamino: 11:00, radio abierta y distribuci\u00f3n de volantes.<\/li>\n\n\n\n<li>Coronel Rosales: 10:00, intersecci\u00f3n de Yrigoyen y 25 de Mayo.<\/li>\n<\/ul>\n\n\n\n<h2 class=\"wp-block-heading\"><strong><mark style=\"background-color:rgba(0, 0, 0, 0)\" class=\"has-inline-color has-vivid-red-color\">Protestas en el interior de Argentina<\/mark><\/strong><\/h2>\n\n\n\n<p>Tambi\u00e9n se prev\u00e9n medidas en otras provincias:<\/p>\n\n\n\n<ul class=\"wp-block-list\">\n<li>Santa Fe: cortes en el Gran Rosario y movilizaciones en la capital provincial.<\/li>\n\n\n\n<li>Chubut: acto en Comodoro Rivadavia.<\/li>\n\n\n\n<li>Mendoza: concentraci\u00f3n en el nudo vial.<\/li>\n\n\n\n<li>Jujuy: convocatoria en Plaza Belgrano, frente a la Casa de Gobierno.<\/li>\n\n\n\n<li>La Pampa: movilizaci\u00f3n en Plaza San Mart\u00edn, en Santa Rosa.<\/li>\n<\/ul>\n\n\n\n<p><\/p>\n\n\n\n<p class=\"has-text-align-center\"><em><strong><em><strong><em><strong><em><strong><a href=\"https:\/\/t.me\/esreviral\">\u00daNETE A NUESTRO CANAL DE TELEGRAM PARA ESTAR INFORMADO<\/a><\/strong><\/em><\/strong><\/em><\/strong><\/em><\/strong><\/em><\/p>\n\n\n\n<p class=\"has-text-align-center\"><strong><em><mark style=\"background-color:rgba(0, 0, 0, 0)\" class=\"has-inline-color has-vivid-red-color\"><a href=\"https:\/\/esreviral.com\/?p=88148\" data-type=\"link\" data-id=\"https:\/\/esreviral.com\/?p=88148\">Lea Tambi\u00e9n: Paro en Argentina: cu\u00e1les son las l\u00edneas de colectivos que funcionan este jueves<\/a><\/mark><\/em><\/strong><\/p>\n\n\n\n<p>Las acciones coincidir\u00e1n con el tratamiento legislativo del proyecto en la C\u00e1mara de Diputados. Se anticipa una jornada con posibles complicaciones en el tr\u00e1nsito y una importante presencia de manifestantes en distintos puntos del pa\u00eds.<\/p>\n\n\n\n<p class=\"has-text-align-right\"><strong><em>Con Informaci\u00f3n de TN.-<\/em><\/strong><\/p>\n\n\n\n<p><\/p>\n","protected":false},"excerpt":{"rendered":"<p>Organizaciones sociales y sindicales anunciaron m\u00e1s de 130 acciones en todo el pa\u00eds durante la jornada de huelga convocada por la CGT.<\/p>\n","protected":false},"author":3,"featured_media":88166,"comment_status":"closed","ping_status":"closed","sticky":false,"template":"","format":"standard","meta":{"jnews-multi-image_gallery":[],"jnews_single_post":{"format":"standard"},"jnews_primary_category":[],"jnews_social_meta":[],"jnews_review":[],"enable_review":"","type":"","name":"","summary":"","brand":"","sku":"","good":[],"bad":[],"score_override":"","override_value":"","rating":[],"price":[],"jnews_override_counter":[],"jnews_post_split":[],"footnotes":""},"categories":[58,59],"tags":[44,45],"class_list":["post-88164","post","type-post","status-publish","format-standard","has-post-thumbnail","hentry","category-argentina","category-politica","tag-argentina","tag-noticias"],"amp_enabled":true,"_links":{"self":[{"href":"https:\/\/esreviral.com\/index.php?rest_route=\/wp\/v2\/posts\/88164"}],"collection":[{"href":"https:\/\/esreviral.com\/index.php?rest_route=\/wp\/v2\/posts"}],"about":[{"href":"https:\/\/esreviral.com\/index.php?rest_route=\/wp\/v2\/types\/post"}],"author":[{"embeddable":true,"href":"https:\/\/esreviral.com\/index.php?rest_route=\/wp\/v2\/users\/3"}],"replies":[{"embeddable":true,"href":"https:\/\/esreviral.com\/index.php?rest_route=%2Fwp%2Fv2%2Fcomments&post=88164"}],"version-history":[{"count":4,"href":"https:\/\/esreviral.com\/index.php?rest_route=\/wp\/v2\/posts\/88164\/revisions"}],"predecessor-version":[{"id":88173,"href":"https:\/\/esreviral.com\/index.php?rest_route=\/wp\/v2\/posts\/88164\/revisions\/88173"}],"wp:featuredmedia":[{"embeddable":true,"href":"https:\/\/esreviral.com\/index.php?rest_route=\/wp\/v2\/media\/88166"}],"wp:attachment":[{"href":"https:\/\/esreviral.com\/index.php?rest_route=%2Fwp%2Fv2%2Fmedia&parent=88164"}],"wp:term":[{"taxonomy":"category","embeddable":true,"href":"https:\/\/esreviral.com\/index.php?rest_route=%2Fwp%2Fv2%2Fcategories&post=88164"},{"taxonomy":"post_tag","embeddable":true,"href":"https:\/\/esreviral.com\/index.php?rest_route=%2Fwp%2Fv2%2Ftags&post=88164"}],"curies":[{"name":"wp","href":"https:\/\/api.w.org\/{rel}","templated":true}]}}