{"id":88158,"date":"2026-02-19T08:16:24","date_gmt":"2026-02-19T13:16:24","guid":{"rendered":"https:\/\/esreviral.com\/?p=88158"},"modified":"2026-02-19T08:16:25","modified_gmt":"2026-02-19T13:16:25","slug":"el-rey-carlos-iii-respalda-a-la-justicia-tras-la-detencion-de-su-hermano-andres-por-el-caso-epstein","status":"publish","type":"post","link":"https:\/\/esreviral.com\/?p=88158","title":{"rendered":"El rey Carlos III respalda a la Justicia tras la detenci\u00f3n de su hermano Andr\u00e9s por el caso Epstein"},"content":{"rendered":"\n<p>El rey Carlos III afirm\u00f3 este jueves que \u201c<strong><em>la justicia debe seguir su curso\u201d<\/em><\/strong> <strong><a href=\"https:\/\/esreviral.com\/?p=88152\" data-type=\"link\" data-id=\"https:\/\/esreviral.com\/?p=88152\">tras la detenci\u00f3n de su hermano, el expr\u00edncipe Andr\u00e9s<\/a><\/strong>, en el marco de las investigaciones vinculadas al caso Epstein y bajo sospecha de <strong><em>\u201cmala conducta en el ejercicio de un cargo p\u00fablico<\/em><\/strong>\u201d durante su etapa como enviado comercial del Reino Unido.<\/p>\n\n\n\n<p>\u201cLo que corresponde ahora es un proceso completo, justo y adecuado mediante el cual este asunto sea investigado de manera apropiada por las autoridades competentes\u201d, se\u00f1al\u00f3 el monarca en una inusual declaraci\u00f3n firmada personalmente.<\/p>\n\n\n\n<p>Tras expresar su \u201cm\u00e1s profunda preocupaci\u00f3n\u201d por el arresto de su hermano menor, Andr\u00e9s Mountbatten-Windsor, Carlos III reiter\u00f3 el respaldo de la Corona a las fuerzas de seguridad y al sistema judicial. \u201cEn esto, como he dicho anteriormente, cuentan con todo nuestro apoyo y cooperaci\u00f3n. Perm\u00edtanme ser claro: la justicia debe seguir su curso\u201d, a\u00f1adi\u00f3.<\/p>\n\n\n\n<p class=\"has-text-align-center\"><strong><a href=\"https:\/\/chat.whatsapp.com\/KWkTmakY3I05kNdd2oZl6d\"><em>\u00daNETE A NUESTRO GRUPO DE WHATSAPP PARA ESTAR INFORMADO<\/em><\/a><\/strong><\/p>\n\n\n\n<h2 class=\"wp-block-heading\"><strong><mark style=\"background-color:rgba(0, 0, 0, 0)\" class=\"has-inline-color has-vivid-red-color\">Las razones de la detenci\u00f3n<\/mark><\/strong><\/h2>\n\n\n\n<p>La detenci\u00f3n se produjo mientras investigadores brit\u00e1nicos analizan las afirmaciones contenidas en los denominados \u201carchivos de Jeffrey Epstein\u201d, seg\u00fan las cuales el exduque de York habr\u00eda compartido informaci\u00f3n estatal sensible con el financista estadounidense cuando ejerc\u00eda como enviado comercial del Reino Unido entre 2001 y 2011.<\/p>\n\n\n\n<p>Entre los documentos examinados figuran correos electr\u00f3nicos publicados por el Departamento de Justicia de Estados Unidos, en los que el exduque habr\u00eda remitido a Epstein informes sobre visitas oficiales a Hong Kong, Vietnam y Singapur. Otro mensaje, fechado en diciembre de 2010, incluir\u00eda detalles sobre oportunidades de inversi\u00f3n relacionadas con la reconstrucci\u00f3n de la provincia de Helmand, en Afganist\u00e1n, seg\u00fan inform\u00f3 el diario brit\u00e1nico The Guardian.<\/p>\n\n\n\n<p>Medios locales difundieron im\u00e1genes de varios veh\u00edculos sin identificaci\u00f3n, presuntamente policiales, que llegaron a primera hora del jueves a la finca de Sandringham, en el este de Inglaterra, donde Andr\u00e9s se traslad\u00f3 a comienzos de febrero.<\/p>\n\n\n\n<h2 class=\"wp-block-heading\"><strong><mark style=\"background-color:rgba(0, 0, 0, 0)\" class=\"has-inline-color has-vivid-red-color\">Despojado de sus t\u00edtulos<\/mark><\/strong><\/h2>\n\n\n\n<p>El a\u00f1o pasado, el monarca retir\u00f3 a su hermano los t\u00edtulos honor\u00edficos y le solicit\u00f3 abandonar su residencia en la finca de Windsor. No obstante, Andr\u00e9s contin\u00faa ocupando el octavo lugar en la l\u00ednea de sucesi\u00f3n al trono brit\u00e1nico.<\/p>\n\n\n\n<p>La polic\u00eda inform\u00f3 que se estaban realizando registros en dos propiedades y confirm\u00f3 que \u201cel hombre permanece bajo custodia\u201d. La figura de mala conducta en el ejercicio de un cargo p\u00fablico contempla una pena m\u00e1xima de cadena perpetua, de acuerdo con el Crown Prosecution Service (Fiscal\u00eda de la Corona).<\/p>\n\n\n\n<p>La polic\u00eda regional de Windsor indic\u00f3 que est\u00e1 \u201cexaminando la informaci\u00f3n disponible\u201d relacionada con Andr\u00e9s Mountbatten-Windsor, nombre que utiliza desde la p\u00e9rdida de sus distinciones reales.<\/p>\n\n\n\n<h2 class=\"wp-block-heading\"><strong><mark style=\"background-color:rgba(0, 0, 0, 0)\" class=\"has-inline-color has-vivid-red-color\">Nuevas y anteriores denuncias<\/mark><\/strong><\/h2>\n\n\n\n<p>Los documentos que se investigan se suman a las acusaciones de agresi\u00f3n sexual formuladas en su momento por Virginia Giuffre, quien falleci\u00f3 en 2025. En un libro p\u00f3stumo, Giuffre sostuvo que el pr\u00edncipe Andr\u00e9s abus\u00f3 de ella en tres ocasiones cuando era menor de edad.<\/p>\n\n\n\n<p>Posteriormente, una segunda mujer afirm\u00f3, a trav\u00e9s de su abogado, que Epstein la envi\u00f3 al Reino Unido en 2010 para mantener relaciones sexuales con el hijo de la reina Isabel II. Otro abogado estadounidense declar\u00f3 que una de sus clientas denunci\u00f3 haber sido obligada por Epstein y el expr\u00edncipe a mantener relaciones sexuales durante una fiesta en Florida en 2006.<\/p>\n\n\n\n<p>Al menos cuatro fuerzas policiales brit\u00e1nicas confirmaron que analizan informes que podr\u00edan vincular al expr\u00edncipe con Epstein. Una investigaci\u00f3n de la BBC, publicada en diciembre, revel\u00f3 que cerca de 90 vuelos asociados al financista llegaron o partieron de aeropuertos brit\u00e1nicos, algunos con mujeres que posteriormente denunciaron abusos.<\/p>\n\n\n\n<p>D\u00edas atr\u00e1s, el primer ministro brit\u00e1nico, Keir Starmer, se\u00f1al\u00f3 que Andr\u00e9s deber\u00eda colaborar con las autoridades respecto de sus v\u00ednculos con Epstein y record\u00f3 que \u201cnadie est\u00e1 por encima de la ley\u201d, subrayando que quienes dispongan de informaci\u00f3n tienen el deber de presentarse.<\/p>\n\n\n\n<p class=\"has-text-align-center\"><em><strong><em><strong><em><strong><em><strong><a href=\"https:\/\/t.me\/esreviral\">\u00daNETE A NUESTRO CANAL DE TELEGRAM PARA ESTAR INFORMADO<\/a><\/strong><\/em><\/strong><\/em><\/strong><\/em><\/strong><\/em><\/p>\n\n\n\n<p>Seg\u00fan la BBC, el per\u00edodo m\u00e1ximo de detenci\u00f3n preventiva en el Reino Unido es de 96 horas, aunque requiere autorizaciones sucesivas de mandos policiales y de un tribunal de magistrados. En la mayor\u00eda de los casos, los sospechosos permanecen bajo custodia entre 12 y 24 horas antes de ser formalmente acusados o puestos en libertad mientras contin\u00faa la investigaci\u00f3n.<\/p>\n\n\n\n<p class=\"has-text-align-right\"><strong><em>Con Informaci\u00f3n de TN.-<\/em><\/strong><\/p>\n","protected":false},"excerpt":{"rendered":"<p>Andr\u00e9s Mountbatten-Windsor fue detenido este jueves, d\u00eda de su 66\u00ba cumplea\u00f1os, bajo la sospecha de \u201cmala conducta en un cargo p\u00fablico\u201d en el marco del caso Epstein.<\/p>\n","protected":false},"author":3,"featured_media":88159,"comment_status":"closed","ping_status":"closed","sticky":false,"template":"","format":"standard","meta":{"jnews-multi-image_gallery":[],"jnews_single_post":{"format":"standard"},"jnews_primary_category":[],"jnews_social_meta":[],"jnews_review":[],"enable_review":"","type":"","name":"","summary":"","brand":"","sku":"","good":[],"bad":[],"score_override":"","override_value":"","rating":[],"price":[],"jnews_override_counter":[],"jnews_post_split":[],"footnotes":""},"categories":[88],"tags":[471,40027,2844,4214],"class_list":["post-88158","post","type-post","status-publish","format-standard","has-post-thumbnail","hentry","category-internacionales","tag-inglaterra","tag-principe-andres-3","tag-reino-unido","tag-rey-carlos-iii"],"amp_enabled":true,"_links":{"self":[{"href":"https:\/\/esreviral.com\/index.php?rest_route=\/wp\/v2\/posts\/88158"}],"collection":[{"href":"https:\/\/esreviral.com\/index.php?rest_route=\/wp\/v2\/posts"}],"about":[{"href":"https:\/\/esreviral.com\/index.php?rest_route=\/wp\/v2\/types\/post"}],"author":[{"embeddable":true,"href":"https:\/\/esreviral.com\/index.php?rest_route=\/wp\/v2\/users\/3"}],"replies":[{"embeddable":true,"href":"https:\/\/esreviral.com\/index.php?rest_route=%2Fwp%2Fv2%2Fcomments&post=88158"}],"version-history":[{"count":1,"href":"https:\/\/esreviral.com\/index.php?rest_route=\/wp\/v2\/posts\/88158\/revisions"}],"predecessor-version":[{"id":88160,"href":"https:\/\/esreviral.com\/index.php?rest_route=\/wp\/v2\/posts\/88158\/revisions\/88160"}],"wp:featuredmedia":[{"embeddable":true,"href":"https:\/\/esreviral.com\/index.php?rest_route=\/wp\/v2\/media\/88159"}],"wp:attachment":[{"href":"https:\/\/esreviral.com\/index.php?rest_route=%2Fwp%2Fv2%2Fmedia&parent=88158"}],"wp:term":[{"taxonomy":"category","embeddable":true,"href":"https:\/\/esreviral.com\/index.php?rest_route=%2Fwp%2Fv2%2Fcategories&post=88158"},{"taxonomy":"post_tag","embeddable":true,"href":"https:\/\/esreviral.com\/index.php?rest_route=%2Fwp%2Fv2%2Ftags&post=88158"}],"curies":[{"name":"wp","href":"https:\/\/api.w.org\/{rel}","templated":true}]}}