{"id":88155,"date":"2026-02-19T08:06:24","date_gmt":"2026-02-19T13:06:24","guid":{"rendered":"https:\/\/esreviral.com\/?p=88155"},"modified":"2026-02-19T08:41:31","modified_gmt":"2026-02-19T13:41:31","slug":"sismo-frente-a-las-costas-de-mar-del-plata-se-sintio-en-localidades-cercanas","status":"publish","type":"post","link":"https:\/\/esreviral.com\/?p=88155","title":{"rendered":"Sismo frente a las costas de Mar del Plata se sinti\u00f3 en localidades cercanas"},"content":{"rendered":"\n<p>Pasadas las 8:00 de la ma\u00f1ana de este jueves se registr\u00f3 un sismo de magnitud 4,9 frente a las costas de Mar del Plata. El epicentro se localiz\u00f3 mar adentro, a 193 kil\u00f3metros al sudeste de la ciudad. Especialistas descartaron la posibilidad de un tsunami.<\/p>\n\n\n\n<p>El movimiento fue percibido en localidades cercanas como Miramar y Sierra de los Padres, seg\u00fan reportaron residentes de la zona, quienes se\u00f1alaron haber sentido vibraciones en viviendas y edificios. En redes sociales, una mujer que reside en el noveno piso de un edificio pr\u00f3ximo a la costa indic\u00f3 que \u201cvibraba todo el piso\u201d, mientras que otra persona asegur\u00f3 que en su vivienda, cerca de Miramar, tambi\u00e9n se sinti\u00f3 el temblor.<\/p>\n\n\n\n<p>De acuerdo con el Instituto Nacional de Prevenci\u00f3n S\u00edsmica (INPRES), el fen\u00f3meno tuvo una profundidad de 9 kil\u00f3metros y fue clasificado como de intensidad d\u00e9bil. \u201cPuede ser percibido por algunas personas en reposo\u201d, precisaron desde el organismo.<\/p>\n\n\n\n<p class=\"has-text-align-center\"><strong><a href=\"https:\/\/chat.whatsapp.com\/KWkTmakY3I05kNdd2oZl6d\"><em>\u00daNETE A NUESTRO GRUPO DE WHATSAPP PARA ESTAR INFORMADO<\/em><\/a><\/strong><\/p>\n\n\n\n<figure class=\"wp-block-image size-large\"><img decoding=\"async\" src=\"https:\/\/tn.com.ar\/resizer\/v2\/informe-del-instituto-nacional-de-prevencion-sismica-sobre-el-sismo-de-49-puntos-en-mar-del-plata-foto-inpres-TZWCNHA76NC3HA6DQFPNY3PLRY.jpeg?auth=d1b22f488e86539497044a2c3c3e0cdee2c9fd980411c3f40c035ad6d6e60ace&amp;width=1440\" alt=\"\"\/><\/figure>\n\n\n\n<p><\/p>\n\n\n\n<p>El Servicio Geol\u00f3gico de Estados Unidos (USGS) inform\u00f3 que el sismo se produjo en las coordenadas 56.638\u00b0 O y 39.585\u00b0 S.<\/p>\n\n\n\n<p>El portal local Mar del Plata Web difundi\u00f3 un video en el que se observan olas de gran tama\u00f1o en la costa. Aunque las autoridades se\u00f1alaron que el estado del mar no estar\u00eda necesariamente vinculado al sismo, recomendaron a los surfistas evitar ingresar al agua durante al menos dos horas como medida preventiva.<\/p>\n\n\n\n<p class=\"has-text-align-center\"><em><strong><em><strong><em><strong><em><strong><a href=\"https:\/\/t.me\/esreviral\">\u00daNETE A NUESTRO CANAL DE TELEGRAM PARA ESTAR INFORMADO<\/a><\/strong><\/em><\/strong><\/em><\/strong><\/em><\/strong><\/em><\/p>\n\n\n\n<p>Asimismo, algunos vecinos relataron que el movimiento dur\u00f3 apenas unos segundos, pero fue perceptible en distintos puntos de la ciudad. Desde Defensa Civil confirmaron que asistieron a personas que se alarmaron a ra\u00edz del temblor.<\/p>\n\n\n\n<p class=\"has-text-align-right\"><strong><em>Con Informaci\u00f3n de TN.-<\/em><\/strong><\/p>\n","protected":false},"excerpt":{"rendered":"<p>El movimiento se sinti\u00f3 en localidades aleda\u00f1as, como Miramar y Sierra de los Padres.<\/p>\n","protected":false},"author":3,"featured_media":88156,"comment_status":"closed","ping_status":"closed","sticky":false,"template":"","format":"standard","meta":{"jnews-multi-image_gallery":[],"jnews_single_post":{"format":"standard"},"jnews_primary_category":[],"jnews_social_meta":[],"jnews_review":[],"enable_review":"","type":"","name":"","summary":"","brand":"","sku":"","good":[],"bad":[],"score_override":"","override_value":"","rating":[],"price":[],"jnews_override_counter":[],"jnews_post_split":[],"footnotes":""},"categories":[58],"tags":[44,1043,45,498],"class_list":["post-88155","post","type-post","status-publish","format-standard","has-post-thumbnail","hentry","category-argentina","tag-argentina","tag-mar-del-plata","tag-noticias","tag-sismo"],"amp_enabled":true,"_links":{"self":[{"href":"https:\/\/esreviral.com\/index.php?rest_route=\/wp\/v2\/posts\/88155"}],"collection":[{"href":"https:\/\/esreviral.com\/index.php?rest_route=\/wp\/v2\/posts"}],"about":[{"href":"https:\/\/esreviral.com\/index.php?rest_route=\/wp\/v2\/types\/post"}],"author":[{"embeddable":true,"href":"https:\/\/esreviral.com\/index.php?rest_route=\/wp\/v2\/users\/3"}],"replies":[{"embeddable":true,"href":"https:\/\/esreviral.com\/index.php?rest_route=%2Fwp%2Fv2%2Fcomments&post=88155"}],"version-history":[{"count":2,"href":"https:\/\/esreviral.com\/index.php?rest_route=\/wp\/v2\/posts\/88155\/revisions"}],"predecessor-version":[{"id":88169,"href":"https:\/\/esreviral.com\/index.php?rest_route=\/wp\/v2\/posts\/88155\/revisions\/88169"}],"wp:featuredmedia":[{"embeddable":true,"href":"https:\/\/esreviral.com\/index.php?rest_route=\/wp\/v2\/media\/88156"}],"wp:attachment":[{"href":"https:\/\/esreviral.com\/index.php?rest_route=%2Fwp%2Fv2%2Fmedia&parent=88155"}],"wp:term":[{"taxonomy":"category","embeddable":true,"href":"https:\/\/esreviral.com\/index.php?rest_route=%2Fwp%2Fv2%2Fcategories&post=88155"},{"taxonomy":"post_tag","embeddable":true,"href":"https:\/\/esreviral.com\/index.php?rest_route=%2Fwp%2Fv2%2Ftags&post=88155"}],"curies":[{"name":"wp","href":"https:\/\/api.w.org\/{rel}","templated":true}]}}