{"id":88152,"date":"2026-02-19T07:58:47","date_gmt":"2026-02-19T12:58:47","guid":{"rendered":"https:\/\/esreviral.com\/?p=88152"},"modified":"2026-02-19T08:17:50","modified_gmt":"2026-02-19T13:17:50","slug":"escandalo-en-el-reino-unido-detuvieron-al-principe-andres-en-medio-de-las-acusaciones-por-el-caso-epstein","status":"publish","type":"post","link":"https:\/\/esreviral.com\/?p=88152","title":{"rendered":"Esc\u00e1ndalo en el Reino Unido: detuvieron al pr\u00edncipe Andr\u00e9s en medio de las acusaciones por el caso Epstein"},"content":{"rendered":"\n<p>El expr\u00edncipe brit\u00e1nico Andr\u00e9s Mountbatten-Windsor fue detenido este jueves, coincidiendo con su 66\u00ba cumplea\u00f1os, bajo sospecha de \u201cmala conducta en un cargo p\u00fablico\u201d, seg\u00fan inform\u00f3 la Polic\u00eda del Valle del T\u00e1mesis.<\/p>\n\n\n\n<p>La detenci\u00f3n se produjo mientras los investigadores analizan las acusaciones incluidas en los denominados \u201carchivos de Jeffrey Epstein\u201d, que se\u00f1alan posibles irregularidades durante el per\u00edodo en que se desempe\u00f1\u00f3 como enviado comercial del Reino Unido (2001-2011). Entre los se\u00f1alamientos figura la presunta divulgaci\u00f3n de informaci\u00f3n estatal sensible al financista estadounidense, posteriormente condenado por delitos sexuales.<\/p>\n\n\n\n<p class=\"has-text-align-center\"><strong><a href=\"https:\/\/chat.whatsapp.com\/KWkTmakY3I05kNdd2oZl6d\"><em>\u00daNETE A NUESTRO GRUPO DE WHATSAPP PARA ESTAR INFORMADO<\/em><\/a><\/strong><\/p>\n\n\n\n<figure class=\"wp-block-image size-large\"><img decoding=\"async\" src=\"https:\/\/tn.com.ar\/resizer\/v2\/policias-allanaron-la-casa-del-exprincipe-andres-foto-gentileza-bbc-SJO5YODDSNBTHCSCIJJQSD26K4.webp?auth=d7d3b913e62a63dae041c3ea8ce353dd53fb9d63df37f7438662dd016a964fad&amp;width=1440\" alt=\"\"\/><figcaption class=\"wp-element-caption\">Polic\u00edas allanaron la casa del expr\u00edncipe Andr\u00e9s.&nbsp;<\/figcaption><\/figure>\n\n\n\n<p><\/p>\n\n\n\n<p>El a\u00f1o pasado, Mountbatten-Windsor perdi\u00f3 sus t\u00edtulos honor\u00edficos en medio de los esc\u00e1ndalos que lo rodean, por decisi\u00f3n de su hermano, el rey Carlos III.<\/p>\n\n\n\n<p>En un libro p\u00f3stumo, Virginia Giuffre \u2014una de las denunciantes de Epstein\u2014 afirm\u00f3 que el pr\u00edncipe Andr\u00e9s abus\u00f3 de ella en tres ocasiones cuando era menor de edad. Giuffre falleci\u00f3 posteriormente.<\/p>\n\n\n\n<p>La Polic\u00eda del Valle del T\u00e1mesis, jurisdicci\u00f3n donde se encuentra la residencia Royal Lodge \u2014donde Andr\u00e9s resid\u00eda hasta hace poco\u2014, confirm\u00f3 la detenci\u00f3n mediante un comunicado oficial.<\/p>\n\n\n\n<figure class=\"wp-block-image size-large\"><img decoding=\"async\" src=\"https:\/\/tn.com.ar\/resizer\/v2\/andrew-mountbatten-windsor-montando-un-caballo-en-los-parques-de-windsor-foto-reuterstoby-melville-RH4M5LQNREEQG4SQLDPYQSDVEU.jpg?auth=52c38e73247bb9d4ce733ea31e86d0c9e592bd5652165bc9319e7b83bf3633fa&amp;width=1440\" alt=\"\"\/><figcaption class=\"wp-element-caption\">Andrew Mountbatten-Windsor montando un caballo en los parques de Windsor<\/figcaption><\/figure>\n\n\n\n<p><\/p>\n\n\n\n<p>El subjefe de polic\u00eda Oliver Wright indic\u00f3: \u201cTras una evaluaci\u00f3n exhaustiva, hemos iniciado una investigaci\u00f3n por esta denuncia de mala conducta en un cargo p\u00fablico\u201d. A\u00f1adi\u00f3 que es fundamental preservar la integridad y objetividad del proceso mientras se trabaja con otros organismos para esclarecer el presunto delito, y subray\u00f3 que se informar\u00e1 sobre avances \u201cen el momento oportuno\u201d.<\/p>\n\n\n\n<p>D\u00edas antes, el primer ministro brit\u00e1nico, Keir Starmer, sostuvo que Andr\u00e9s deber\u00eda colaborar con las autoridades respecto de sus v\u00ednculos con Epstein. El jefe de Gobierno remarc\u00f3 que \u201cnadie est\u00e1 por encima de la ley\u201d y que cualquier persona con informaci\u00f3n relevante tiene el deber de presentarse.<\/p>\n\n\n\n<p>Al menos cuatro fuerzas policiales del Reino Unido confirmaron que analizan informes que podr\u00edan vincular al expr\u00edncipe con Epstein.<\/p>\n\n\n\n<p>Una investigaci\u00f3n de la BBC publicada en diciembre revel\u00f3 que cerca de 90 vuelos asociados a Epstein arribaron o partieron de aeropuertos brit\u00e1nicos. Algunas mujeres brit\u00e1nicas que viajaron en esos vuelos denunciaron haber sido v\u00edctimas de abusos.<\/p>\n\n\n\n<figure class=\"wp-block-image size-large\"><img decoding=\"async\" src=\"https:\/\/tn.com.ar\/resizer\/v2\/virginia-giuffre-con-el-principe-andres-ella-tenia-17-anos-y-el-41-se-conocieron-en-las-fiestas-sexuales-de-jeffrey-epstein-foto-bbc-3OJFKOXVLZB3DNEEYXW4XR5PY4.jpg?auth=b92b82fa94d362aad7fa1b7607939cbdc13932669a0ba559b9b38f1d59d1932f&amp;width=1440\" alt=\"\"\/><figcaption class=\"wp-element-caption\">Virginia Giuffre con el pr\u00edncipe Andr\u00e9s. Ella ten\u00eda 17 a\u00f1os y \u00e9l 41. Se conocieron en las fiestas sexuales de Jeffrey Epstein.<\/figcaption><\/figure>\n\n\n\n<h3 class=\"wp-block-heading\"><strong><mark style=\"background-color:rgba(0, 0, 0, 0)\" class=\"has-inline-color has-vivid-red-color\">El primer arresto de un miembro de alto rango de la realeza en la era moderna<\/mark><\/strong><\/h3>\n\n\n\n<p>Andr\u00e9s Mountbatten-Windsor se convierte as\u00ed en el primer miembro de alto rango de la realeza brit\u00e1nica en ser arrestado en la historia moderna.<\/p>\n\n\n\n<p>La detenci\u00f3n se produce tras la divulgaci\u00f3n de correos electr\u00f3nicos por parte del Departamento de Justicia de Estados Unidos, en los que el exduque habr\u00eda compartido con Epstein informaci\u00f3n relacionada con visitas oficiales a Hong Kong, Vietnam y Singapur. Otro mensaje, fechado en diciembre de 2010, incluir\u00eda detalles sobre oportunidades de inversi\u00f3n vinculadas a la reconstrucci\u00f3n de la provincia de Helmand, en Afganist\u00e1n, seg\u00fan inform\u00f3 el diario brit\u00e1nico The Guardian.<\/p>\n\n\n\n<p class=\"has-text-align-center\"><em><strong><em><strong><em><strong><em><strong><a href=\"https:\/\/t.me\/esreviral\">\u00daNETE A NUESTRO CANAL DE TELEGRAM PARA ESTAR INFORMADO<\/a><\/strong><\/em><\/strong><\/em><\/strong><\/em><\/strong><\/em><\/p>\n\n\n\n<p class=\"has-text-align-center\"><strong><em><mark style=\"background-color:rgba(0, 0, 0, 0)\" class=\"has-inline-color has-vivid-red-color\"><a href=\"https:\/\/esreviral.com\/?p=88158\" data-type=\"link\" data-id=\"https:\/\/esreviral.com\/?p=88158\">Lea Tambi\u00e9n: El rey Carlos III respalda a la Justicia tras la detenci\u00f3n de su hermano Andr\u00e9s por el caso Epstein<\/a><\/mark><\/em><\/strong><\/p>\n\n\n\n<p>De acuerdo con la BBC, el per\u00edodo m\u00e1ximo de detenci\u00f3n preventiva en el Reino Unido es de 96 horas, aunque esto requiere autorizaciones sucesivas de altos mandos policiales y de un tribunal de magistrados. En la mayor\u00eda de los casos, los sospechosos permanecen bajo custodia entre 12 y 24 horas antes de ser acusados formalmente o liberados mientras contin\u00faa la investigaci\u00f3n.<\/p>\n\n\n\n<p class=\"has-text-align-right\"><strong><em>Con Informaci\u00f3n de TN.-<\/em><\/strong><\/p>\n","protected":false},"excerpt":{"rendered":"<p>El hermano del rey Carlos III fue detenido bajo la sospecha de mala conducta en un cargo p\u00fablico. Hab\u00eda renunciado a sus t\u00edtulos en la corona brit\u00e1nica.<\/p>\n","protected":false},"author":3,"featured_media":88153,"comment_status":"closed","ping_status":"closed","sticky":false,"template":"","format":"standard","meta":{"jnews-multi-image_gallery":[],"jnews_single_post":{"format":"standard"},"jnews_primary_category":[],"jnews_social_meta":[],"jnews_review":[],"enable_review":"","type":"","name":"","summary":"","brand":"","sku":"","good":[],"bad":[],"score_override":"","override_value":"","rating":[],"price":[],"jnews_override_counter":[],"jnews_post_split":[],"footnotes":""},"categories":[88],"tags":[2944,45,4358,2844],"class_list":["post-88152","post","type-post","status-publish","format-standard","has-post-thumbnail","hentry","category-internacionales","tag-jeffrey-epstein","tag-noticias","tag-principe-andres-2","tag-reino-unido"],"amp_enabled":true,"_links":{"self":[{"href":"https:\/\/esreviral.com\/index.php?rest_route=\/wp\/v2\/posts\/88152"}],"collection":[{"href":"https:\/\/esreviral.com\/index.php?rest_route=\/wp\/v2\/posts"}],"about":[{"href":"https:\/\/esreviral.com\/index.php?rest_route=\/wp\/v2\/types\/post"}],"author":[{"embeddable":true,"href":"https:\/\/esreviral.com\/index.php?rest_route=\/wp\/v2\/users\/3"}],"replies":[{"embeddable":true,"href":"https:\/\/esreviral.com\/index.php?rest_route=%2Fwp%2Fv2%2Fcomments&post=88152"}],"version-history":[{"count":2,"href":"https:\/\/esreviral.com\/index.php?rest_route=\/wp\/v2\/posts\/88152\/revisions"}],"predecessor-version":[{"id":88162,"href":"https:\/\/esreviral.com\/index.php?rest_route=\/wp\/v2\/posts\/88152\/revisions\/88162"}],"wp:featuredmedia":[{"embeddable":true,"href":"https:\/\/esreviral.com\/index.php?rest_route=\/wp\/v2\/media\/88153"}],"wp:attachment":[{"href":"https:\/\/esreviral.com\/index.php?rest_route=%2Fwp%2Fv2%2Fmedia&parent=88152"}],"wp:term":[{"taxonomy":"category","embeddable":true,"href":"https:\/\/esreviral.com\/index.php?rest_route=%2Fwp%2Fv2%2Fcategories&post=88152"},{"taxonomy":"post_tag","embeddable":true,"href":"https:\/\/esreviral.com\/index.php?rest_route=%2Fwp%2Fv2%2Ftags&post=88152"}],"curies":[{"name":"wp","href":"https:\/\/api.w.org\/{rel}","templated":true}]}}