{"id":8807,"date":"2021-07-29T11:01:52","date_gmt":"2021-07-29T14:01:52","guid":{"rendered":"http:\/\/esreviral.com\/?p=8807"},"modified":"2021-07-29T11:01:52","modified_gmt":"2021-07-29T14:01:52","slug":"la-ciudad-habilito-el-empadronamiento-para-que-los-adolescentes-de-12-a-17-anos-con-condiciones-priorizadas-puedan-recibir-la-vacuna-contra-el-covid-19","status":"publish","type":"post","link":"https:\/\/esreviral.com\/?p=8807","title":{"rendered":"La Ciudad habilit\u00f3 el empadronamiento para que los adolescentes de 12 a 17 a\u00f1os con condiciones priorizadas puedan recibir la vacuna contra el COVID-19"},"content":{"rendered":"\n<p>El Gobierno de la Ciudad avanza con el Plan de Vacunaci\u00f3n contra el COVID-19. Este jueves se habilit\u00f3 el empadronamiento online (<a rel=\"noreferrer noopener\" href=\"https:\/\/www.buenosaires.gob.ar\/coronavirus\/vacunacion-covid-19\/menores-de-edad\/\" target=\"_blank\">buenosaires.gob.ar\/vacunacovid<\/a>) para que los adolescentes de entre\u00a0<strong>12 y 17 a\u00f1os con condiciones priorizadas<\/strong>, como diabetes, obesidad y enfermedad respiratoria cr\u00f3nica, entre otras, puedan recibir una vacuna contra el coronavirus. La inscripci\u00f3n ya estaba habilitada para todos los porte\u00f1os de 18 a\u00f1os en adelante.<\/p>\n\n\n\n<p>La decisi\u00f3n de avanzar con la inmunizaci\u00f3n de este nuevo grupo fue tomada por el Ministerio de Salud de la Naci\u00f3n y las autoridades sanitarias de las distintas jurisdicciones en la \u00faltima edici\u00f3n del Consejo Federal de Salud (COFESA), que tuvo lugar el pasado martes. Seg\u00fan lo acordado, en esta instancia se utilizar\u00e1n las vacunas de Moderna.<\/p>\n\n\n\n<p>En los pr\u00f3ximos d\u00edas se iniciar\u00e1 con la asignaci\u00f3n de turnos y al asistir deber\u00e1n presentar\u00a0<strong>una constancia que acredite la existencia de una condici\u00f3n priorizada<\/strong>. Las citas ser\u00e1n otorgadas v\u00eda mail, WhatsApp y SMS, de acuerdo al orden de inscripci\u00f3n. Una vez que se los contacte los vecinos podr\u00e1n seleccionar la fecha, la hora y el lugar de preferencia por medio de un link personalizado. Luego de recibir la vacuna permanecer\u00e1n 15 minutos en observaci\u00f3n.<\/p>\n\n\n\n<p>La decisi\u00f3n de avanzar con la inmunizaci\u00f3n de este nuevo grupo fue tomada por el Ministerio de Salud de la Naci\u00f3n y las autoridades sanitarias de las distintas jurisdicciones en la \u00faltima edici\u00f3n del Consejo Federal de Salud (COFESA), que tuvo lugar el pasado martes. Seg\u00fan lo acordado, en esta instancia se utilizar\u00e1n las vacunas de Moderna.<\/p>\n\n\n\n<p>En los pr\u00f3ximos d\u00edas se iniciar\u00e1 con la asignaci\u00f3n de turnos y al asistir deber\u00e1n presentar\u00a0<strong>una constancia que acredite la existencia de una condici\u00f3n priorizada<\/strong>. Las citas ser\u00e1n otorgadas v\u00eda mail, WhatsApp y SMS, de acuerdo al orden de inscripci\u00f3n. Una vez que se los contacte los vecinos podr\u00e1n seleccionar la fecha, la hora y el lugar de preferencia por medio de un link personalizado. Luego de recibir la vacuna permanecer\u00e1n 15 minutos en observaci\u00f3n.<\/p>\n\n\n\n<figure class=\"wp-block-image size-large\"><img decoding=\"async\" src=\"https:\/\/esreviral.com\/wp-content\/uploads\/2021\/07\/vacunacionadolescentes2-esrefviral-29-7-21-1024x682.jpg\" alt=\"\" class=\"wp-image-8809\"\/><\/figure>\n\n\n\n<h3 class=\"wp-block-heading\">\u00bfCu\u00e1les son las condiciones priorizadas contempladas?<\/h3>\n\n\n\n<ul class=\"wp-block-list\"><li>Diabetes.<\/li><li>Obesidad Grado 2 (IMC mayor a 35, Puntaje Z mayor o igual a 2) y Grado 3 (IMC mayor a 40, Puntaje Z mayor o igual a 3).<\/li><li>Enfermedad cardiovascular cr\u00f3nica (cardiopat\u00edas cong\u00e9nitas con insuficiencia card\u00edaca y\/o cian\u00f3ticas no corregidas, insuficiencia card\u00edaca, enfermedad coronaria, valvulopat\u00edas, miocardiopat\u00edas, hipertensi\u00f3n pulmonar).<\/li><li>Enfermedad respiratoria cr\u00f3nica (EPOC, fibrosis qu\u00edstica, asma grave, enfermedad intersticial pulmonar, enfermedad grave de la v\u00eda a\u00e9rea, hospitalizaciones por asma, requerimiento de oxigenoterapia, enfermedades neuromusculares con compromiso respiratorio).<\/li><li>Enfermedad Renal Cr\u00f3nica (inclu\u00eddos pacientes en di\u00e1lisis y trasplante, S\u00edndrome nefr\u00f3tico).<\/li><li>Enfermedad Hep\u00e1tica: cirrosis.<\/li><li>Personas que viven con VIH independientemente del recuento de CD4 y CV.<\/li><li>Pacientes en lista de espera para trasplante de \u00f3rganos s\u00f3lidos y trasplantados de \u00f3rganos s\u00f3lidos.<\/li><li>Paciente con trasplante de c\u00e9lulas hematopoy\u00e9ticas.<\/li><li>Pacientes oncol\u00f3gicos y oncohematol\u00f3gicos con diagn\u00f3stico reciente o de enfermedad \u201cActiva\u201d.<\/li><li>Personas con tuberculosis activa.<\/li><li>Personas con discapacidad intelectual y del desarrollo.<\/li><li>S\u00edndrome de Down (otros s\u00edndromes gen\u00e9ticos).<\/li><li>Personas que poseen Carnet \u00danico de Discapacidad Vigente.<\/li><li>Adolescentes que viven en lugares de larga estancia.<\/li><li>Personas con Pensi\u00f3n no contributiva con certificado m\u00e9dico obligatorio.<\/li><li>Personas con enfermedades autoinmunes y\/o tratamientos inmunosupresores, inmunomoduladores o biol\u00f3gicos.<\/li><li>Inmunodeficiencias primarias.<\/li><li>Personas gestantes con indicaci\u00f3n de riesgo.<\/li><li>Malformaciones cong\u00e9nitas graves.<\/li><li>Asplenia anat\u00f3mica o funcional.<\/li><\/ul>\n\n\n\n<h3 class=\"wp-block-heading\">\u00bfC\u00f3mo empadronarse?<\/h3>\n\n\n\n<ul class=\"wp-block-list\"><li>Ingresar a&nbsp;<a href=\"https:\/\/www.buenosaires.gob.ar\/coronavirus\/vacunacion-covid-19\/\" target=\"_blank\" rel=\"noreferrer noopener\">buenosaires.gob.ar\/vacunacovid<\/a><\/li><li>Completar el formulario de datos personales.<\/li><li>Se enviar\u00e1 un mail, un mensaje de WhatsApp y un SMS de confirmaci\u00f3n de empadronamiento.<\/li><\/ul>\n\n\n\n<p>Luego ser\u00e1 contactado&nbsp;<strong>por WhatsApp, mail y\/o SMS<\/strong>&nbsp;para realizar la asignaci\u00f3n del turno. El vecino podr\u00e1 seleccionar el d\u00eda, horario y vacunatorio de preferencia por medio de un sistema de gesti\u00f3n online.<\/p>\n\n\n\n<p><strong>Paso a paso de la vacunaci\u00f3n<\/strong><\/p>\n\n\n\n<ol class=\"wp-block-list\"><li>Acercarse al centro en el d\u00eda y horario indicado en el turno.<\/li><li>Presentar el DNI en el \u00e1rea de recepci\u00f3n y empadronamiento. Los adolescentes de 12 a 17 a\u00f1os tambi\u00e9n deber\u00e1n llevar una constancia que acredite la existencia de una condici\u00f3n priorizada.<\/li><li>Aguardar al llamado del equipo de salud para recibir la vacuna.<\/li><li>Una vez administrada, deber\u00e1 permanecer 15 minutos en observaci\u00f3n.<\/li><li>Cumplido ese plazo se le brindar\u00e1 al vecino el certificado correspondiente y podr\u00e1 regresar a su domicilio.<\/li><li>Ser\u00e1 contactado nuevamente con el fin de asignarle el turno para la aplicaci\u00f3n de la segunda dosis.<\/li><\/ol>\n\n\n\n<p class=\"has-text-align-right\"><strong><em>buenosaires.gob.ar<\/em><\/strong><\/p>\n","protected":false},"excerpt":{"rendered":"<p>Aquellos que sufran diabetes, obesidad y enfermedad respiratoria cr\u00f3nica, entre otras, pueden inscribirse desde este jueves. En los pr\u00f3ximos d\u00edas se asignar\u00e1n los turnos y al presentarse deber\u00e1n llevar una constancia m\u00e9dica.<\/p>\n","protected":false},"author":2,"featured_media":8808,"comment_status":"open","ping_status":"open","sticky":false,"template":"","format":"standard","meta":{"jnews-multi-image_gallery":[],"jnews_single_post":[],"jnews_primary_category":[],"jnews_social_meta":[],"jnews_review":[],"enable_review":"","type":"","name":"","summary":"","brand":"","sku":"","good":[],"bad":[],"score_override":"","override_value":"","rating":[],"price":[],"jnews_override_counter":[],"jnews_post_split":[],"footnotes":""},"categories":[76],"tags":[],"class_list":["post-8807","post","type-post","status-publish","format-standard","has-post-thumbnail","hentry","category-coronavirus"],"amp_enabled":true,"_links":{"self":[{"href":"https:\/\/esreviral.com\/index.php?rest_route=\/wp\/v2\/posts\/8807"}],"collection":[{"href":"https:\/\/esreviral.com\/index.php?rest_route=\/wp\/v2\/posts"}],"about":[{"href":"https:\/\/esreviral.com\/index.php?rest_route=\/wp\/v2\/types\/post"}],"author":[{"embeddable":true,"href":"https:\/\/esreviral.com\/index.php?rest_route=\/wp\/v2\/users\/2"}],"replies":[{"embeddable":true,"href":"https:\/\/esreviral.com\/index.php?rest_route=%2Fwp%2Fv2%2Fcomments&post=8807"}],"version-history":[{"count":0,"href":"https:\/\/esreviral.com\/index.php?rest_route=\/wp\/v2\/posts\/8807\/revisions"}],"wp:featuredmedia":[{"embeddable":true,"href":"https:\/\/esreviral.com\/index.php?rest_route=\/"}],"wp:attachment":[{"href":"https:\/\/esreviral.com\/index.php?rest_route=%2Fwp%2Fv2%2Fmedia&parent=8807"}],"wp:term":[{"taxonomy":"category","embeddable":true,"href":"https:\/\/esreviral.com\/index.php?rest_route=%2Fwp%2Fv2%2Fcategories&post=8807"},{"taxonomy":"post_tag","embeddable":true,"href":"https:\/\/esreviral.com\/index.php?rest_route=%2Fwp%2Fv2%2Ftags&post=8807"}],"curies":[{"name":"wp","href":"https:\/\/api.w.org\/{rel}","templated":true}]}}