{"id":8803,"date":"2021-07-29T10:52:25","date_gmt":"2021-07-29T13:52:25","guid":{"rendered":"http:\/\/esreviral.com\/?p=8803"},"modified":"2021-07-29T10:52:25","modified_gmt":"2021-07-29T13:52:25","slug":"karen-leon-se-despide-en-primera-ronda","status":"publish","type":"post","link":"https:\/\/esreviral.com\/?p=8803","title":{"rendered":"Karen Le\u00f3n se despide en primera ronda"},"content":{"rendered":"\n<p>La sucrense cedi\u00f3 a los dos minutos 51 segundos de combate ante la europea, a quien no a vencido en dos enfrentamientos: \u201cBastante triste porque me sent\u00eda super bien en el combate. Son errores que uno no debe cometer en este nivel. Sin embargo, pasan. Creo que fueron cinco a\u00f1os en los cuales trabaj\u00e9 much\u00edsimo. Fue una clasificaci\u00f3n bastante sufrida. No me conformo con el hecho de ser mis primeros Juegos Ol\u00edmpicos. Cre que que como los dem\u00e1s lo trabajaron, yo trambien la trabaj\u00e9. Me queda seguir al otro ciclo (ol\u00edmpico). Y trabajar a\u00fan m\u00e1s, el doble de lo que trabaj\u00e9 en este ciclo\u201d, reflexion\u00f3 Le\u00f3n en zona mixta.<\/p>\n\n\n\n<p>Karen Le\u00f3n cay\u00f3 por ippon en primera ronda de los -78 kilogramos del torne ol\u00edmpico ante Patricia Sampaio: \u201cTuvo superioridad, me control\u00f3 la manga izquierda. Y me desplaz\u00f3 al lado contrario, donde no deb\u00ed seguirla y me sorprendi\u00f3\u201d.<\/p>\n\n\n\n<p>La sucrense cedi\u00f3 a los dos minutos 51 segundos de combate ante la europea, a quien no a vencido en dos enfrentamientos: \u201cBastante triste porque me sent\u00eda super bien en el combate. Son errores que uno no debe cometer en este nivel. Sin embargo, pasan. Creo que fueron cinco a\u00f1os en los cuales trabaj\u00e9 much\u00edsimo. Fue una clasificaci\u00f3n bastante sufrida. No me conformo con el hecho de ser mis primeros Juegos Ol\u00edmpicos. Cre que que como los dem\u00e1s lo trabajaron, yo trambien la trabaj\u00e9. Me queda seguir al otro ciclo (ol\u00edmpico). Y trabajar a\u00fan m\u00e1s, el doble de lo que trabaj\u00e9 en este ciclo\u201d, reflexion\u00f3 Le\u00f3n en zona mixta.<\/p>\n","protected":false},"excerpt":{"rendered":"<p>Karen Le\u00f3n cay\u00f3 por ippon en primera ronda de los -78 kilogramos del torne ol\u00edmpico ante Patricia Sampaio: \u201cTuvo superioridad, me control\u00f3 la manga izquierda. Y me desplaz\u00f3 al lado contrario, donde no deb\u00ed seguirla y me sorprendi\u00f3\u201d.<\/p>\n","protected":false},"author":2,"featured_media":8804,"comment_status":"open","ping_status":"open","sticky":false,"template":"","format":"standard","meta":{"jnews-multi-image_gallery":[],"jnews_single_post":[],"jnews_primary_category":[],"jnews_social_meta":[],"jnews_review":[],"enable_review":"","type":"","name":"","summary":"","brand":"","sku":"","good":[],"bad":[],"score_override":"","override_value":"","rating":[],"price":[],"jnews_override_counter":[],"jnews_post_split":[],"footnotes":""},"categories":[952],"tags":[49,1014,419],"class_list":["post-8803","post","type-post","status-publish","format-standard","has-post-thumbnail","hentry","category-juegosolimpicos","tag-deportes","tag-judo","tag-juegos-olimpicos"],"amp_enabled":true,"_links":{"self":[{"href":"https:\/\/esreviral.com\/index.php?rest_route=\/wp\/v2\/posts\/8803"}],"collection":[{"href":"https:\/\/esreviral.com\/index.php?rest_route=\/wp\/v2\/posts"}],"about":[{"href":"https:\/\/esreviral.com\/index.php?rest_route=\/wp\/v2\/types\/post"}],"author":[{"embeddable":true,"href":"https:\/\/esreviral.com\/index.php?rest_route=\/wp\/v2\/users\/2"}],"replies":[{"embeddable":true,"href":"https:\/\/esreviral.com\/index.php?rest_route=%2Fwp%2Fv2%2Fcomments&post=8803"}],"version-history":[{"count":0,"href":"https:\/\/esreviral.com\/index.php?rest_route=\/wp\/v2\/posts\/8803\/revisions"}],"wp:featuredmedia":[{"embeddable":true,"href":"https:\/\/esreviral.com\/index.php?rest_route=\/"}],"wp:attachment":[{"href":"https:\/\/esreviral.com\/index.php?rest_route=%2Fwp%2Fv2%2Fmedia&parent=8803"}],"wp:term":[{"taxonomy":"category","embeddable":true,"href":"https:\/\/esreviral.com\/index.php?rest_route=%2Fwp%2Fv2%2Fcategories&post=8803"},{"taxonomy":"post_tag","embeddable":true,"href":"https:\/\/esreviral.com\/index.php?rest_route=%2Fwp%2Fv2%2Ftags&post=8803"}],"curies":[{"name":"wp","href":"https:\/\/api.w.org\/{rel}","templated":true}]}}