{"id":88018,"date":"2026-02-17T07:07:42","date_gmt":"2026-02-17T12:07:42","guid":{"rendered":"https:\/\/esreviral.com\/?p=88018"},"modified":"2026-02-17T07:07:53","modified_gmt":"2026-02-17T12:07:53","slug":"joven-venezolano-murio-tras-ataque-a-tiros-en-chile","status":"publish","type":"post","link":"https:\/\/esreviral.com\/?p=88018","title":{"rendered":"Joven venezolano muri\u00f3 tras ataque a tiros en Chile"},"content":{"rendered":"\n<p>Un joven venezolano de 32 a\u00f1os de edad falleci\u00f3 la noche del lunes tras ser atacado a tiros en las inmediaciones del Puente Recoleta, en el l\u00edmite entre las comunas de Santiago y Recoleta, en la Regi\u00f3n Metropolitana de Chile.<\/p>\n\n\n\n<p class=\"has-text-align-center\"><strong><a href=\"https:\/\/chat.whatsapp.com\/KWkTmakY3I05kNdd2oZl6d\"><em>\u00daNETE A NUESTRO GRUPO DE WHATSAPP PARA ESTAR INFORMADO<\/em><\/a><\/strong><\/p>\n\n\n\n<p>De acuerdo con los primeros antecedentes, la v\u00edctima fue interceptada por desconocidos que se movilizaban en un veh\u00edculo, desde cuyo interior <strong>efectuaron m\u00faltiples disparos en su contra. El hombre recibi\u00f3 al menos cuatro impactos de bala en el cr\u00e1neo, la pierna y el abdomen, heridas que le provocaron la muerte en el lugar.<\/strong><\/p>\n\n\n\n<p>El fiscal del Equipo Contra el Crimen Organizado y Homicidios (ECOH), Gamal Mass\u00fa, confirm\u00f3 que se trata de \u201cun ciudadano venezolano con residencia en Chile que fue objeto de m\u00faltiples disparos\u201d, y precis\u00f3 que el caso es investigado como homicidio.<\/p>\n\n\n\n<p>El persecutor indic\u00f3 que las diligencias est\u00e1n a cargo de la Polic\u00eda de Investigaciones (PDI), espec\u00edficamente de la Brigada de Homicidios Metropolitana Centro Norte y del Laboratorio de Criminal\u00edstica, que trabajan en el levantamiento de evidencia y el an\u00e1lisis pericial en el sitio del suceso.<\/p>\n\n\n\n<p>Testigos se\u00f1alaron que el ataque se habr\u00eda producido tras una discusi\u00f3n en el sector, aunque el fiscal aclar\u00f3 que ese antecedente forma parte de las l\u00edneas de investigaci\u00f3n en desarrollo.<\/p>\n\n\n\n<p class=\"has-text-align-center\"><em><strong><em><strong><em><strong><em><strong><a href=\"https:\/\/t.me\/esreviral\">\u00daNETE A NUESTRO CANAL DE TELEGRAM PARA ESTAR INFORMADO<\/a><\/strong><\/em><\/strong><\/em><\/strong><\/em><\/strong><\/em><\/p>\n\n\n\n<p>Tras perpetrar el crimen, los agresores huyeron hacia el sur, mientras la v\u00edctima qued\u00f3 tendida en la v\u00eda p\u00fablica. Personal especializado realiza el empadronamiento y toma de declaraciones a testigos, adem\u00e1s de la revisi\u00f3n de c\u00e1maras de seguridad del sector, con el objetivo de esclarecer la din\u00e1mica del hecho y dar con los responsables.<\/p>\n\n\n\n<p class=\"has-text-align-right\"><strong><em>Con Informaci\u00f3n de radioagricultura.cl y emol.com.-<\/em><\/strong><\/p>\n","protected":false},"excerpt":{"rendered":"<p>La Brigada de Homicidios de la PDI indaga el caso junto a la Fiscal\u00eda ECOH.<\/p>\n","protected":false},"author":3,"featured_media":88020,"comment_status":"closed","ping_status":"closed","sticky":false,"template":"","format":"standard","meta":{"jnews-multi-image_gallery":[],"jnews_single_post":{"format":"standard"},"jnews_primary_category":[],"jnews_social_meta":[],"jnews_review":[],"enable_review":"","type":"","name":"","summary":"","brand":"","sku":"","good":[],"bad":[],"score_override":"","override_value":"","rating":[],"price":[],"jnews_override_counter":[],"jnews_post_split":[],"footnotes":""},"categories":[54,88,64],"tags":[386,8157,45,739],"class_list":["post-88018","post","type-post","status-publish","format-standard","has-post-thumbnail","hentry","category-inmigracion","category-internacionales","category-sucesos","tag-chile","tag-disparos","tag-noticias","tag-venezolanos-en-chile"],"amp_enabled":true,"_links":{"self":[{"href":"https:\/\/esreviral.com\/index.php?rest_route=\/wp\/v2\/posts\/88018"}],"collection":[{"href":"https:\/\/esreviral.com\/index.php?rest_route=\/wp\/v2\/posts"}],"about":[{"href":"https:\/\/esreviral.com\/index.php?rest_route=\/wp\/v2\/types\/post"}],"author":[{"embeddable":true,"href":"https:\/\/esreviral.com\/index.php?rest_route=\/wp\/v2\/users\/3"}],"replies":[{"embeddable":true,"href":"https:\/\/esreviral.com\/index.php?rest_route=%2Fwp%2Fv2%2Fcomments&post=88018"}],"version-history":[{"count":1,"href":"https:\/\/esreviral.com\/index.php?rest_route=\/wp\/v2\/posts\/88018\/revisions"}],"predecessor-version":[{"id":88021,"href":"https:\/\/esreviral.com\/index.php?rest_route=\/wp\/v2\/posts\/88018\/revisions\/88021"}],"wp:featuredmedia":[{"embeddable":true,"href":"https:\/\/esreviral.com\/index.php?rest_route=\/wp\/v2\/media\/88020"}],"wp:attachment":[{"href":"https:\/\/esreviral.com\/index.php?rest_route=%2Fwp%2Fv2%2Fmedia&parent=88018"}],"wp:term":[{"taxonomy":"category","embeddable":true,"href":"https:\/\/esreviral.com\/index.php?rest_route=%2Fwp%2Fv2%2Fcategories&post=88018"},{"taxonomy":"post_tag","embeddable":true,"href":"https:\/\/esreviral.com\/index.php?rest_route=%2Fwp%2Fv2%2Ftags&post=88018"}],"curies":[{"name":"wp","href":"https:\/\/api.w.org\/{rel}","templated":true}]}}